{"id":591116,"date":"2025-12-10T17:09:29","date_gmt":"2025-12-10T17:09:29","guid":{"rendered":"https:\/\/www.europesays.com\/fr\/591116\/"},"modified":"2025-12-10T17:09:29","modified_gmt":"2025-12-10T17:09:29","slug":"luis-castro-tres-touche-face-a-la-presse-france-fc-nantes","status":"publish","type":"post","link":"https:\/\/www.europesays.com\/fr\/591116\/","title":{"rendered":"Lu\u00eds Castro tr\u00e8s touch\u00e9 face \u00e0 la presse &#8211; France &#8211; FC Nantes"},"content":{"rendered":"<p>Adi H\u00fctter se sent toujours aussi seul.<\/p>\n<p><a target=\"_blank\" href=\"https:\/\/www.sofoot.com\/breves\/will-still-ne-devrait-pas-revenir-en-ligue-1-pour-remplacer-luis-castro-a-nantes\" rel=\"noopener\">Annonc\u00e9 sur la sellette en raison des mauvais r\u00e9sultats du FC Nantes ces derni\u00e8res semaines<\/a>, <strong>Lu\u00eds Castro est apparu tr\u00e8s touch\u00e9 face \u00e0 la presse ce mercredi, \u00e0 deux jours d\u2019un d\u00e9placement extr\u00eamement p\u00e9rilleux \u00e0 Angers<\/strong>. \u00ab\u202fJe le pr\u00e9pare du mieux possible. Apr\u00e8s, je suis humain comme tout le monde, c\u2019est normal que quand je lis tout ce qui s\u2019\u00e9crit, je ne suis pas content, a-t-il reproch\u00e9 aux journalistes pr\u00e9sents, alors que son avenir et les difficult\u00e9s de son \u00e9quipe <a target=\"_blank\" href=\"https:\/\/www.sofoot.com\/articles\/apres-un-debut-de-saison-complique-le-fc-nantes-doit-il-maintenir-luis-castro-a-son-poste\" rel=\"noopener\">ont fait l\u2019objet de nombreux articles r\u00e9cemment<\/a>. Quand vous dites que je ne parle pas avec la direction, ce n\u2019est pas vrai. C\u2019est aussi dans mes principes. Vous touchez l\u2019homme et l\u2019\u00e9ducation que mon p\u00e8re m\u2019a donn\u00e9e et \u00e7a vraiment, \u00e7a me fait mal. Vous touchez l\u2019homme, c\u2019est un manque de respect.\u202f\u00bb<\/p>\n<p>L\u2019ancien coach de Dunkerque, arriv\u00e9 sur les bords de la Loire cet \u00e9t\u00e9 dans le but d\u2019y d\u00e9velopper ses id\u00e9es de jeu, en a \u00e9galement profit\u00e9 pour tenter de <strong>rassurer sur l\u2019avanc\u00e9e de son projet<\/strong>. \u00ab\u202fLes joueurs ont envie de changer les choses. Les supporters du club m\u00e9ritent mieux, a-t-il affirm\u00e9. Je serais beaucoup plus inquiet si les joueurs ne comprenaient pas la tactique, si la strat\u00e9gie de match n\u2019\u00e9tait pas bonne, que sur un match avec beaucoup d\u2019intensit\u00e9 <a target=\"_blank\" href=\"https:\/\/www.sofoot.com\/articles\/ligue-1-monaco-triomphe-a-nantes-dans-un-match-spectaculaire\" rel=\"noopener\">comme contre Monaco (3-5)<\/a> ils n\u2019\u00e9taient pas capables de le faire physiquement, que si dans la semaine ils disent qu\u2019on ne travaille pas\u2026\u00a0\u00bb <strong>Malgr\u00e9 l\u2019actuelle 17e place des Canaris<\/strong>, incapables de gagner depuis fin octobre, pas question donc de c\u00e9der \u00e0 la panique pour le technicien portugais.<\/p>\n<p>Quelqu\u2019un a des nouvelles d\u2019Antoine Kombouar\u00e9, au cas o\u00f9 ?<\/p>\n<p>\t\t\t\t\t\t\t\t\t\t<a class=\"lien-connexe\" href=\"https:\/\/www.sofoot.com\/breves\/youth-league-le-psg-accroche-mais-qualifie-sur-la-pelouse-de-bilbao\" target=\"_blank\" rel=\"noopener\">Youth League\u00a0: le PSG accroch\u00e9 mais qualifi\u00e9 sur la pelouse de Bilbao<\/a>\t\t\t\t\t<\/p>\n","protected":false},"excerpt":{"rendered":"Adi H\u00fctter se sent toujours aussi seul. Annonc\u00e9 sur la sellette en raison des mauvais r\u00e9sultats du FC&hellip;\n","protected":false},"author":2,"featured_media":591117,"comment_status":"","ping_status":"","sticky":false,"template":"","format":"standard","meta":{"footnotes":""},"categories":[2818],"tags":[1111,47,11,61,69,65,64,1777,674,63,1011,27,68,66,766,12,62,2636,70,25,67],"class_list":{"0":"post-591116","1":"post","2":"type-post","3":"status-publish","4":"format-standard","5":"has-post-thumbnail","7":"category-nantes","8":"tag-actu","9":"tag-actualite","10":"tag-actualites","11":"tag-actus-football","12":"tag-bundesliga","13":"tag-championnats-europeens","14":"tag-equipe-de-france","15":"tag-eu","16":"tag-europe","17":"tag-football","18":"tag-fr","19":"tag-france","20":"tag-ligua","21":"tag-ligue-1","22":"tag-nantes","23":"tag-news","24":"tag-news-foot","25":"tag-pays-de-la-loire","26":"tag-premier-league","27":"tag-republique-francaise","28":"tag-serie-a"},"share_on_mastodon":{"url":"https:\/\/pubeurope.com\/@fr\/115696380582239095","error":""},"_links":{"self":[{"href":"https:\/\/www.europesays.com\/fr\/wp-json\/wp\/v2\/posts\/591116","targetHints":{"allow":["GET"]}}],"collection":[{"href":"https:\/\/www.europesays.com\/fr\/wp-json\/wp\/v2\/posts"}],"about":[{"href":"https:\/\/www.europesays.com\/fr\/wp-json\/wp\/v2\/types\/post"}],"author":[{"embeddable":true,"href":"https:\/\/www.europesays.com\/fr\/wp-json\/wp\/v2\/users\/2"}],"replies":[{"embeddable":true,"href":"https:\/\/www.europesays.com\/fr\/wp-json\/wp\/v2\/comments?post=591116"}],"version-history":[{"count":0,"href":"https:\/\/www.europesays.com\/fr\/wp-json\/wp\/v2\/posts\/591116\/revisions"}],"wp:featuredmedia":[{"embeddable":true,"href":"https:\/\/www.europesays.com\/fr\/wp-json\/wp\/v2\/media\/591117"}],"wp:attachment":[{"href":"https:\/\/www.europesays.com\/fr\/wp-json\/wp\/v2\/media?parent=591116"}],"wp:term":[{"taxonomy":"category","embeddable":true,"href":"https:\/\/www.europesays.com\/fr\/wp-json\/wp\/v2\/categories?post=591116"},{"taxonomy":"post_tag","embeddable":true,"href":"https:\/\/www.europesays.com\/fr\/wp-json\/wp\/v2\/tags?post=591116"}],"curies":[{"name":"wp","href":"https:\/\/api.w.org\/{rel}","templated":true}]}}