{"id":591120,"date":"2025-12-10T17:11:18","date_gmt":"2025-12-10T17:11:18","guid":{"rendered":"https:\/\/www.europesays.com\/fr\/591120\/"},"modified":"2025-12-10T17:11:18","modified_gmt":"2025-12-10T17:11:18","slug":"la-prefecture-prend-des-arretes-pour-proteger-la-soiree-caritative","status":"publish","type":"post","link":"https:\/\/www.europesays.com\/fr\/591120\/","title":{"rendered":"la pr\u00e9fecture prend des arr\u00eat\u00e9s pour prot\u00e9ger la soir\u00e9e caritative"},"content":{"rendered":"<p>\n    Alors que plusieurs collectifs d\u2019ultragauche et antifacistes appellent \u00e0 perturber la Nuit du bien commun \u00e0 Bordeaux ce mercredi soir, la pr\u00e9fecture de la Gironde a pris des mesures pour pr\u00e9venir les troubles \u00e0 l\u2019ordre public \u00e0 craindre autour de la soir\u00e9e.<\/p>\n<p class=\"fig-paragraph\">La\u00a0<a href=\"http:\/\/www.lefigaro.fr\/bordeaux\/a-bordeaux-le-parti-socialiste-s-en-prend-a-la-nuit-du-bien-commun-20251125\" data-fig-type=\"NewsFlash\" data-gtm-custom-categorie=\"navigation\" data-gtm-custom-action=\"crossclick\" data-gtm-custom-label=\"Contextuel\" data-gtm-event=\"customEventSPE\" data-fig-domain=\"LEFIGARO\" target=\"_blank\" rel=\"noopener\">soir\u00e9e caritative\u00a0<\/a>doit se d\u00e9rouler \u00e0 guichets ferm\u00e9s ce mercredi soir \u00e0 19 heures au Palais de la Bourse \u00e0 Bordeaux. Les derniers appels des d\u00e9tracteurs de la Nuit du Bien commun font craindre des d\u00e9bordements autour de l\u2019\u00e9v\u00e8nement. Aux Folies Berg\u00e8res \u00e0 Paris samedi,\u00a0<a href=\"http:\/\/www.lefigaro.fr\/actualite-france\/antifas-mortiers-boules-puantes-et-une-generosite-qui-malgre-tout-triomphe-le-figaro-etait-a-la-nuit-du-bien-commun-a-paris-20251205\" data-fig-type=\"NewsFlash\" data-gtm-custom-categorie=\"navigation\" data-gtm-custom-action=\"crossclick\" data-gtm-custom-label=\"Contextuel\" data-gtm-event=\"customEventSPE\" data-fig-domain=\"LEFIGARO\" target=\"_blank\" rel=\"noopener\">antifas, tirs aux mortiers et boules puantes<\/a>\u00a0ont ainsi perturb\u00e9 la lev\u00e9e de fonds parisienne sans toutefois diminuer la g\u00e9n\u00e9rosit\u00e9 des donateurs. Plusieurs policiers ont \u00e9t\u00e9 bless\u00e9s et sept individus interpell\u00e9s.<\/p>\n<p class=\"fig-paragraph\">Face aux risques pr\u00e9sents, la pr\u00e9fecture de la Gironde a pris deux arr\u00eat\u00e9s, mardi, pour \u00e9viter un tel sc\u00e9nario dans le Port de la Lune. Le premier interdit la vente, l\u2019achat et le port d\u2019artifices de divertissement ou de produits inflammables en raison des appels \u00e0 manifester place de la Bourse ce mercredi, lanc\u00e9s par \u00abplusieurs collectifs issus des mouvances d\u2019ultragauche et antifascistes\u00bb, qui pr\u00e9voient une \u00abd\u00e9ambulation sauvage\u00bb. Les services de l\u2019\u00c9tat, qui souligne que \u00abla mouvance contestataire est susceptible de provoquer des troubles \u00e0 l\u2019ordre public\u00bb auxquels un \u00abnoyau de plusieurs dizaines de black bloc\u00bb pourrait s\u2019agr\u00e9ger, interdit \u00e9galement dans un second arr\u00eat\u00e9 le port sans motif l\u00e9gal de toutes armes ou tous objets pouvant en constituer.<\/p>\n<p>                                            <a class=\"fig-a11y-skip\" href=\"#fig-a11y-skip-main-inarticle\" data-module=\"a11y-skip\" data-context=\"was @visible\"><br \/>\n    Passer la publicit\u00e9<br \/>\n<\/a>            <\/p>\n<p class=\"fig-paragraph\">Du c\u00f4t\u00e9 des organisateurs de la Nuit du Bien Commun, les dispositifs de s\u00e9curit\u00e9 ont \u00e9galement \u00e9t\u00e9 renforc\u00e9s afin d\u2019assurer la s\u00e9curit\u00e9 des participants \u00e0 l\u2019int\u00e9rieur. \u00abNous sommes sereins. Gr\u00e2ce au dispositif mis en place par la pr\u00e9fecture, la soir\u00e9e se passera bien, comme les 15 soir\u00e9es pr\u00e9c\u00e9dentes, assure Thomas Tixier, le porte-parole de l\u2019\u00e9v\u00e9nement. \u00c0 Paris par exemple, c\u2019est \u00e0 l\u2019ext\u00e9rieur que cela a malheureusement \u00e9t\u00e9 un enfer pour les forces de l\u2019ordre. Mais \u00e0 l\u2019int\u00e9rieur [hormis les boules puantes, NDLR], tout s\u2019est bien pass\u00e9.\u00bb<\/p>\n<p>                                            Cabale id\u00e9ologique<\/p>\n<p class=\"fig-paragraph\">Pour la premi\u00e8re fois depuis 2021, l\u2019\u00e9dition bordelaise est affect\u00e9e par\u00a0<a href=\"http:\/\/www.lefigaro.fr\/actualite-france\/qui-en-veut-a-la-nuit-du-bien-commun-20251026\" data-fig-type=\"Article\" data-gtm-custom-categorie=\"navigation\" data-gtm-custom-action=\"crossclick\" data-gtm-custom-label=\"Contextuel\" data-gtm-event=\"customEventSPE\" data-fig-domain=\"LEFIGARO\" target=\"_blank\" rel=\"noopener\">la pol\u00e9mique qui touche la Nuit du Bien commun<\/a>\u00a0partout en France et qui d\u00e9passe les associations b\u00e9n\u00e9ficiaires. \u00c0 Bordeaux, l\u2019assaut a \u00e9t\u00e9 lanc\u00e9 par le PS fin novembre. Le parti \u00e0 la rose a rapidement \u00e9t\u00e9 soutenu par LFI et le PCF. lls reprochent \u00e0 la soir\u00e9e caritative d\u2019\u00eatre une antichambre du milliardaire fran\u00e7ais catholique\u00a0<a href=\"http:\/\/www.lefigaro.fr\/politique\/pierre-edouard-sterin-joue-au-chat-et-a-la-souris-avec-elise-lucet-les-indiscrets-du-figaro-20250523\" data-fig-type=\"NewsFlash\" data-gtm-custom-categorie=\"navigation\" data-gtm-custom-action=\"crossclick\" data-gtm-custom-label=\"Contextuel\" data-gtm-event=\"customEventSPE\" data-fig-domain=\"LEFIGARO\" target=\"_blank\" rel=\"noopener\">Pierre-\u00c9douard St\u00e9rin\u00a0<\/a>et accusent avec virulence ses participants d\u2019\u00eatre d\u2019extr\u00eame-droite. La Chambre du commerce et de l\u2019industrie, qui loue les lieux pour l\u2019\u00e9v\u00e9nement, et la vice-pr\u00e9sidente d\u2019une association ont ainsi d\u00e9pos\u00e9 plainte apr\u00e8s avoir re\u00e7u des mails mena\u00e7ants.<\/p>\n","protected":false},"excerpt":{"rendered":"Alors que plusieurs collectifs d\u2019ultragauche et antifacistes appellent \u00e0 perturber la Nuit du bien commun \u00e0 Bordeaux ce&hellip;\n","protected":false},"author":2,"featured_media":591121,"comment_status":"","ping_status":"","sticky":false,"template":"","format":"standard","meta":{"footnotes":""},"categories":[2817],"tags":[1111,11,4077,1997,1777,674,1011,27,1272,12,2219,28118,25],"class_list":{"0":"post-591120","1":"post","2":"type-post","3":"status-publish","4":"format-standard","5":"has-post-thumbnail","7":"category-bordeaux","8":"tag-actu","9":"tag-actualites","10":"tag-association","11":"tag-bordeaux","12":"tag-eu","13":"tag-europe","14":"tag-fr","15":"tag-france","16":"tag-manifestations","17":"tag-news","18":"tag-nouvelle-aquitaine","19":"tag-nuit-du-bien-commun","20":"tag-republique-francaise"},"share_on_mastodon":{"url":"https:\/\/pubeurope.com\/@fr\/115696388312884962","error":""},"_links":{"self":[{"href":"https:\/\/www.europesays.com\/fr\/wp-json\/wp\/v2\/posts\/591120","targetHints":{"allow":["GET"]}}],"collection":[{"href":"https:\/\/www.europesays.com\/fr\/wp-json\/wp\/v2\/posts"}],"about":[{"href":"https:\/\/www.europesays.com\/fr\/wp-json\/wp\/v2\/types\/post"}],"author":[{"embeddable":true,"href":"https:\/\/www.europesays.com\/fr\/wp-json\/wp\/v2\/users\/2"}],"replies":[{"embeddable":true,"href":"https:\/\/www.europesays.com\/fr\/wp-json\/wp\/v2\/comments?post=591120"}],"version-history":[{"count":0,"href":"https:\/\/www.europesays.com\/fr\/wp-json\/wp\/v2\/posts\/591120\/revisions"}],"wp:featuredmedia":[{"embeddable":true,"href":"https:\/\/www.europesays.com\/fr\/wp-json\/wp\/v2\/media\/591121"}],"wp:attachment":[{"href":"https:\/\/www.europesays.com\/fr\/wp-json\/wp\/v2\/media?parent=591120"}],"wp:term":[{"taxonomy":"category","embeddable":true,"href":"https:\/\/www.europesays.com\/fr\/wp-json\/wp\/v2\/categories?post=591120"},{"taxonomy":"post_tag","embeddable":true,"href":"https:\/\/www.europesays.com\/fr\/wp-json\/wp\/v2\/tags?post=591120"}],"curies":[{"name":"wp","href":"https:\/\/api.w.org\/{rel}","templated":true}]}}