{"id":591124,"date":"2025-12-10T17:13:23","date_gmt":"2025-12-10T17:13:23","guid":{"rendered":"https:\/\/www.europesays.com\/fr\/591124\/"},"modified":"2025-12-10T17:13:23","modified_gmt":"2025-12-10T17:13:23","slug":"toulouse-une-vente-aux-encheres-pour-soutenir-les-artistes-discrimines-autour-de-la-mediterranee","status":"publish","type":"post","link":"https:\/\/www.europesays.com\/fr\/591124\/","title":{"rendered":"Toulouse\u00a0: une vente aux ench\u00e8res pour soutenir les artistes discrimin\u00e9s autour de la M\u00e9diterran\u00e9e"},"content":{"rendered":"<p>\n                                                                    l&rsquo;essentiel<br \/>\n                                                                L\u2019association BE ART Toulouse organise ce jeudi 11\u00a0d\u00e9cembre, sa traditionnelle vente aux ench\u00e8res solidaire. Objectif\u00a0: financer des projets artistiques pour les cr\u00e9ateurs marginalis\u00e9s en France, \u00e0 Chypre et en Gr\u00e8ce.\n                            <\/p>\n<p>Depuis 2017, BE ART Toulouse fait rimer art et solidarit\u00e9. Fid\u00e8le \u00e0 sa mission, l\u2019association organise une nouvelle \u00e9dition de sa vente aux ench\u00e8res annuelle ce jeudi 11\u00a0d\u00e9cembre \u00e0 19\u00a0h, dans les locaux de Samba R\u00e9sille, 38 rue Roquelaine \u00e0 Toulouse.<\/p>\n<p>L\u2019\u00e9v\u00e9nement a pour but de r\u00e9colter des fonds pour soutenir la cr\u00e9ation artistique de personnes victimes de discriminations, qu\u2019elles soient culturelles, sociales, sexuelles ou li\u00e9es \u00e0 l\u2019origine migratoire. Une cause plus que jamais d\u2019actualit\u00e9.<\/p>\n<p>Une s\u00e9lection d\u2019\u0153uvres engag\u00e9es<\/p>\n<p>Peintures, sculptures, photographies, objets design ou \u00e9ditions limit\u00e9es\u00a0: les \u0153uvres propos\u00e9es, toutes offertes par des artistes confirm\u00e9s ou \u00e9mergents, ont un m\u00eame objectif\u00a0: d\u00e9fendre la libert\u00e9 d\u2019expression artistique et ouvrir des espaces de cr\u00e9ation \u00e0 celles et ceux dont la voix est trop souvent marginalis\u00e9e.<\/p>\n<p class=\"std-elt__inline\">\n        <strong>\u00c0 lire aussi :<\/strong><br \/>\n        <a href=\"https:\/\/www.ladepeche.fr\/2025\/11\/06\/les-111-des-arts-exposition-et-ventes-au-profit-des-enfants-malades-a-toulouse-13035619.php\" target=\"_blank\" rel=\"noopener\">Les 111 des Arts\u00a0: exposition et ventes au profit des enfants malades \u00e0 Toulouse<\/a>\n    <\/p>\n<p>\u00ab\u00a0Pour les donateurs, c\u2019est un geste artistique. Pour les acheteurs, c\u2019est un acte engag\u00e9\u00a0\u00bb, rappelle l\u2019\u00e9quipe de BE ART Toulouse.<\/p>\n<p>Les b\u00e9n\u00e9fices de la vente permettront de financer plusieurs actions concr\u00e8tes\u00a0: des r\u00e9sidences artistiques inclusives, des ateliers de co-cr\u00e9ation interculturelle, \u00e0 Toulouse comme lors de mobilit\u00e9s en Gr\u00e8ce ou \u00e0 Chypre, des projets participatifs pour renforcer la visibilit\u00e9 des artistes discrimin\u00e9s.<\/p>\n<p><a href=\"http:\/\/%C2%A0www.bearttoulouse.fr\" target=\"_self\" rel=\"noopener\">Le catalogue des \u0153uvres mises en vente est consultable en ligne sur le site de l\u2019association.<\/a><\/p>\n","protected":false},"excerpt":{"rendered":"l&rsquo;essentiel L\u2019association BE ART Toulouse organise ce jeudi 11\u00a0d\u00e9cembre, sa traditionnelle vente aux ench\u00e8res solidaire. Objectif\u00a0: financer des&hellip;\n","protected":false},"author":2,"featured_media":591125,"comment_status":"","ping_status":"","sticky":false,"template":"","format":"standard","meta":{"footnotes":""},"categories":[2816],"tags":[1111,11,1777,674,1011,27,329,2722,12,2680,25,801,1857,2312],"class_list":{"0":"post-591124","1":"post","2":"type-post","3":"status-publish","4":"format-standard","5":"has-post-thumbnail","7":"category-toulouse","8":"tag-actu","9":"tag-actualites","10":"tag-eu","11":"tag-europe","12":"tag-fr","13":"tag-france","14":"tag-france-monde","15":"tag-haute-garonne","16":"tag-news","17":"tag-occitanie","18":"tag-republique-francaise","19":"tag-social","20":"tag-sociu00e9tu00e9","21":"tag-toulouse"},"share_on_mastodon":{"url":"https:\/\/pubeurope.com\/@fr\/115696396196736521","error":""},"_links":{"self":[{"href":"https:\/\/www.europesays.com\/fr\/wp-json\/wp\/v2\/posts\/591124","targetHints":{"allow":["GET"]}}],"collection":[{"href":"https:\/\/www.europesays.com\/fr\/wp-json\/wp\/v2\/posts"}],"about":[{"href":"https:\/\/www.europesays.com\/fr\/wp-json\/wp\/v2\/types\/post"}],"author":[{"embeddable":true,"href":"https:\/\/www.europesays.com\/fr\/wp-json\/wp\/v2\/users\/2"}],"replies":[{"embeddable":true,"href":"https:\/\/www.europesays.com\/fr\/wp-json\/wp\/v2\/comments?post=591124"}],"version-history":[{"count":0,"href":"https:\/\/www.europesays.com\/fr\/wp-json\/wp\/v2\/posts\/591124\/revisions"}],"wp:featuredmedia":[{"embeddable":true,"href":"https:\/\/www.europesays.com\/fr\/wp-json\/wp\/v2\/media\/591125"}],"wp:attachment":[{"href":"https:\/\/www.europesays.com\/fr\/wp-json\/wp\/v2\/media?parent=591124"}],"wp:term":[{"taxonomy":"category","embeddable":true,"href":"https:\/\/www.europesays.com\/fr\/wp-json\/wp\/v2\/categories?post=591124"},{"taxonomy":"post_tag","embeddable":true,"href":"https:\/\/www.europesays.com\/fr\/wp-json\/wp\/v2\/tags?post=591124"}],"curies":[{"name":"wp","href":"https:\/\/api.w.org\/{rel}","templated":true}]}}