{"id":591126,"date":"2025-12-10T17:15:39","date_gmt":"2025-12-10T17:15:39","guid":{"rendered":"https:\/\/www.europesays.com\/fr\/591126\/"},"modified":"2025-12-10T17:15:39","modified_gmt":"2025-12-10T17:15:39","slug":"lille-on-a-bu-le-salted-coffee-de-viet-coffee-la-nouvelle-adresse-a-tester-absolument","status":"publish","type":"post","link":"https:\/\/www.europesays.com\/fr\/591126\/","title":{"rendered":"Lille. On a bu le \u00ab salted coffee \u00bb de Viet Coffee, la nouvelle adresse \u00e0 tester absolument"},"content":{"rendered":"<p>                    Par<br \/>\n        <strong><br \/>\n            <a href=\"https:\/\/actu.fr\/auteur\/hervine-mahaud\" title=\"Consulter tous les articles de Hervine Mahaud\" target=\"_blank\" rel=\"noopener\">Hervine Mahaud<\/a><br \/>\n                    <\/strong><\/p>\n<p>        Publi\u00e9 le<\/p>\n<p>            10 d\u00e9c. 2025 \u00e0 18h10        <\/p>\n<p>C\u2019est une adresse que nous avions h\u00e2te de d\u00e9couvrir, car elle apporte <b>une offre (enfin) diff\u00e9rente<\/b> de ce que l\u2019on retrouve ailleurs \u00e0 <a href=\"https:\/\/actu.fr\/lille\/\" target=\"_blank\" rel=\"noopener\">Lille<\/a>. <b>Viet Coffee<\/b>, le <b>coffee shop<\/b> qui promeut le <b>caf\u00e9 vietnamien<\/b> \u00e0 travers des <b>recettes atypiques<\/b>, a ouvert au <b>21 rue de la Clef <\/b>mardi 9\u00a0d\u00e9cembre 2025. Philippine et Simon, le couple derri\u00e8re ce beau projet, ont r\u00e9ussi \u00e0 cr\u00e9er un <b>espace moderne et chaleureux<\/b> pour y partager leur passion. Si vous n\u2019y connaissez rien au \u00ab<b>\u2009salted coffee<\/b>\u2009\u00bb ou \u00ab\u2009coconut coffee\u2009\u00bb, laissez-vous guider, nous ne serez pas d\u00e9\u00e7us\u2009!<\/p>\n<p>Un nouveau coffee shop pour savoureux le caf\u00e9 vietnamien<\/p>\n<p class=\" wall-content\">En octobre dernier, nous vous annoncions <a href=\"https:\/\/actu.fr\/hauts-de-france\/lille_59350\/a-lille-viet-coffee-va-faire-decouvrir-les-saveurs-du-cafe-vietnamien-a-travers-des-boissons-etonnantes_63364983.html\" target=\"_blank\" rel=\"noopener\">l\u2019arriv\u00e9e d\u2019un nouveau venu dans l\u2019offre pl\u00e9thorique des coffee shops<\/a>. Imagin\u00e9 par Philippine Bellaredj, 28\u00a0ans, et Simon Quillay, 27\u00a0ans, Viet Coffee a servi ses premi\u00e8res tasses le 9\u00a0d\u00e9cembre.<\/p>\n<p>    <img   decoding=\"async\" loading=\"lazy\" class=\"size-large\" src=\"https:\/\/www.europesays.com\/fr\/wp-content\/uploads\/2025\/12\/ef74de1f693966584de1f6939e984dv-960x640.jpg\" alt=\"viet coffee shop cafe vietnamien rue de la clef vieux lille\" width=\"960\" height=\"640\"\/><br \/>\n    Simon et Philippine ont ouvert leur coffee shop pour partager leurs deux passions\u2009: le caf\u00e9 et le Vietnam. \u00a9Hervine Mahaud<\/p>\n<p class=\" wall-content\">Le couple, qui a sillonn\u00e9 l\u2019Asie mais a eu un r\u00e9el coup de coeur pour le Vietnam, a r\u00e9ussi \u00e0 transformer un ancien magasin de CBD\u00a0en un \u00e9crin mettant en valeur le caf\u00e9 vietnamien. B\u00e9ton brut, bois fonc\u00e9 et plantes exotiques\u2026 La <b>d\u00e9co, minimaliste et moderne<\/b>, est pile dans l\u2019air du temps.<\/p>\n<p>    <img   decoding=\"async\" loading=\"lazy\" class=\"size-large\" src=\"https:\/\/www.europesays.com\/fr\/wp-content\/uploads\/2025\/12\/24cece1f6939678cece1f69399ccecv-960x640.jpg\" alt=\"viet coffee shop cafe vietnamien rue de la clef vieux lille\" width=\"960\" height=\"640\"\/><br \/>\n    D\u00e9co minimaliste mais efficace. \u00a9Hervine MahaudDes recettes au caf\u00e9 changent radicalement de ce que l\u2019on retrouve \u00e0 Lille<\/p>\n<p class=\" wall-content\">Sur place, une quinzaine de places permettent de profiter de la carte caf\u00e9in\u00e9e. Pour pr\u00e9parer les boissons, le couple s\u2019approvisionne <b>directement aupr\u00e8s de fermes familiales vietnamiennes<\/b>, via des fournisseurs parisiens sp\u00e9cialis\u00e9s. \u00ab\u2009Ils sourcent uniquement au Vietnam et torr\u00e9fient leurs grains \u00e0 Paris.\u2009\u00bb<\/p>\n<p>    <img   decoding=\"async\" loading=\"lazy\" class=\"size-large\" src=\"https:\/\/www.europesays.com\/fr\/wp-content\/uploads\/2025\/12\/4fddde1f6939693edde1f693997eddv-960x640.jpg\" alt=\"viet coffee shop cafe vietnamien rue de la clef vieux lille\" width=\"960\" height=\"640\"\/><br \/>\n    Une quinzaine de places permettent de profiter du lieu. \u00a9Hervine Mahaud<\/p>\n<p class=\" wall-content\">En plus de l\u2019<b>offre classique<\/b> (espresso, americano, cappucino, latte\u2026), on retrouve des <b>recettes singuli\u00e8res<\/b>, mais pourtant ultra populaires au Vienam. Ici, vous pourrez ainsi go\u00fbter au \u00ab<b>\u2009coconut coffee<\/b>\u2009\u00bb, \u00ab<b>\u2009C\u00e0 Ph\u00ea Vi\u00eat<\/b>\u2009\u00bb (5,50\u00a0\u20ac) ou au \u00ab<b>\u2009condensed milk coffee<\/b>\u2009\u00bb, que l\u2019on peut traduire par<b>\u00a0<\/b>caf\u00e9 au lait concentr\u00e9 (4,50\u00a0\u20ac).<\/p>\n<p>Votre r\u00e9gion, votre actu !<\/p>\n<p>Recevez chaque jour les infos qui comptent pour vous.<\/p>\n<p>\t<a href=\"https:\/\/actu.fr\/newsletter\" class=\"ac-btn ac-btn--corner ac-btn--medium ac-btn--blue800\" target=\"_blank\" rel=\"noopener\">S&rsquo;incrire<\/a><\/p>\n<p class=\" wall-content\">Nous nous sommes laiss\u00e9es tenter par le \u00ab<b>\u2009salted coffee<\/b>\u2009\u00bb (5,90\u00a0\u20ac). Comme dans de nombreuses recettes vietnamiennes, ici la cr\u00e8me est pr\u00e9par\u00e9e avec du lait concentr\u00e9 sucr\u00e9, pour contrebalancer l\u2019amertume du caf\u00e9.<\/p>\n<p>    <img   decoding=\"async\" loading=\"lazy\" class=\"size-large\" src=\"https:\/\/www.europesays.com\/fr\/wp-content\/uploads\/2025\/12\/84bade1f6939659bade1f69398dbadv-960x640.jpg\" alt=\"viet coffee shop cafe vietnamien rue de la clef vieux lille\" width=\"960\" height=\"640\"\/><br \/>\n    On a test\u00e9 le \u00ab\u2009salted coffee\u2009\u00bb et on a ador\u00e9\u2009! \u00a9Hervine Mahaud<\/p>\n<p class=\" wall-content\">\u00ab\u2009Le caf\u00e9 vietnamien est <b>majoritairement du robusta<\/b>, plus rond et plus amer que l\u2019arabica. Les Vietnamiens y ajoutent du\u00a0<b>lait concentr\u00e9 sucr\u00e9, de la cr\u00e8me, voire des \u0153ufs<\/b>.\u00a0Ce sont des recettes qui ajoutent de l\u2019onctuosit\u00e9, le caf\u00e9 devient presque un dessert\u2009!\u2009\u00bb, explique Simon.<\/p>\n<p class=\" wall-content\">D\u00e8s la premi\u00e8re gorg\u00e9e de ce \u00ab\u2009salted coffee\u2009\u00bb, c\u2019est la r\u00e9v\u00e9lation\u2009: la petite pointe de sel pr\u00e9sente dans la cr\u00e8me contrebalance avec le sucre, et <b>le tout s\u2019harmonise parfaitement<\/b> avec le caf\u00e9.<\/p>\n<p class=\" wall-content\">En plus de cette recette, il est \u00e9galement\u00a0possible de d\u00e9guster le caf\u00e9 pr\u00e9par\u00e9 avec le\u00a0<b>filtre phin<\/b> (4\u00a0\u20ac), une <b>m\u00e9thode traditionnelle<\/b>\u00a0gr\u00e2ce \u00e0 laquelle le breuvage s\u2019\u00e9coule goutte apr\u00e8s goutte. \u00ab\u2009C\u2019est le vrai caf\u00e9 vietnamien, il faut prendre son temps pour le consommer.\u2009\u00bb<\/p>\n<p>Des alternatives sans caf\u00e9 tout aussi gourmandes et des p\u00e2tisseries<\/p>\n<p class=\" wall-content\">D\u2019autres\u00a0<b>boissons signatures<\/b>, avec des recettes revisit\u00e9es, sont propos\u00e9es de fa\u00e7on in\u00e9dite \u00e0 Lille. Et pour ceux qui n\u2019aiment pas le caf\u00e9, Viet Coffee proposera des <b>alternatives<\/b>\u2009\u00e0 base de matcha, hojicha (th\u00e9 vert torr\u00e9fi\u00e9) ou \u00ab\u2009char coco\u2009\u00bb (charbon v\u00e9g\u00e9tal et coco).<b\/><\/p>\n<p class=\" wall-content\"><b>C\u00f4t\u00e9 sucr\u00e9<\/b>, plusieurs p\u00e2tisseries sont propos\u00e9es comme des <b>cookies<\/b> matcha et chocolat blanc, beurre de cacahu\u00e8te ou citron et s\u00e9same (4 ou 4,50\u00a0\u20ac), des <b>marbr\u00e9s<\/b> matcha et coco ou citron et pavot (4,50\u00a0\u20ac), un <b>flan<\/b> coco (5\u00a0\u20ac) ou encore un <b>granola bowl<\/b> (8\u00a0\u20ac).<\/p>\n<p>    <img   decoding=\"async\" loading=\"lazy\" class=\"size-large\" src=\"https:\/\/www.europesays.com\/fr\/wp-content\/uploads\/2025\/12\/35b1ee1f6939679b1ee1f69397db1ev-960x640.jpg\" alt=\"viet coffee shop cafe vietnamien rue de la clef vieux lille\" width=\"960\" height=\"640\"\/><br \/>\n    Des p\u00e2tisseries compl\u00e8tent l\u2019offre du coffee shop. \u00a9Hervine Mahaud<\/p>\n<p class=\" wall-content\">Bref, la proposition, plut\u00f4t restreinte, est originale et de qualit\u00e9. Pour nous, Viet Coffee est une adresse qui permet de diversifier l\u2019offre, trop souvent similaire, des coffee shops lillois.<\/p>\n<p>Infos pratiques\u2009: Viet Coffee, 21 rue de la Clef \u00e0 Lille. Ouvert du lundi au vendredi de 8\u2009h \u00e0 18\u2009h, et de 9\u2009h \u00e0 18\u2009h samedi et dimanche. Plus d\u2019infos sur le <a href=\"https:\/\/www.instagram.com\/vietcoffeelille\/?hl=fr\" target=\"_blank\" rel=\"noopener\">compte Instagram du coffee shop<\/a>.<\/p>\n<p class=\" wall-content\">Personnalisez votre actualit\u00e9 en ajoutant vos villes et m\u00e9dias en favori avec <a href=\"https:\/\/moncompte.actu.fr\" title=\"D\u00e9couvez Mon Actu\" rel=\"nofollow noopener\" data-trk=\"{&quot;cta&quot;:{&quot;action&quot;:&quot;https:\\\/\\\/moncompte.actu.fr&quot;,&quot;category&quot;:&quot;mon compte&quot;,&quot;from&quot;:&quot;article footer&quot;,&quot;name&quot;:&quot;Mon actu&quot;,&quot;type&quot;:&quot;cta&quot;}}\" target=\"_blank\">Mon Actu<\/a>.<\/p>\n<p>                    <script async src=\"\/\/www.instagram.com\/embed.js\"><\/script><\/p>\n","protected":false},"excerpt":{"rendered":"Par Hervine Mahaud Publi\u00e9 le 10 d\u00e9c. 2025 \u00e0 18h10 C\u2019est une adresse que nous avions h\u00e2te de&hellip;\n","protected":false},"author":2,"featured_media":591127,"comment_status":"","ping_status":"","sticky":false,"template":"","format":"standard","meta":{"footnotes":""},"categories":[2815],"tags":[1111,11,33,1777,674,1011,27,811,1307,12,3147,25],"class_list":{"0":"post-591126","1":"post","2":"type-post","3":"status-publish","4":"format-standard","5":"has-post-thumbnail","7":"category-lille","8":"tag-actu","9":"tag-actualites","10":"tag-economie","11":"tag-eu","12":"tag-europe","13":"tag-fr","14":"tag-france","15":"tag-hauts-de-france","16":"tag-lille","17":"tag-news","18":"tag-nouveaux-commerces","19":"tag-republique-francaise"},"share_on_mastodon":{"url":"https:\/\/pubeurope.com\/@fr\/115696405951605021","error":""},"_links":{"self":[{"href":"https:\/\/www.europesays.com\/fr\/wp-json\/wp\/v2\/posts\/591126","targetHints":{"allow":["GET"]}}],"collection":[{"href":"https:\/\/www.europesays.com\/fr\/wp-json\/wp\/v2\/posts"}],"about":[{"href":"https:\/\/www.europesays.com\/fr\/wp-json\/wp\/v2\/types\/post"}],"author":[{"embeddable":true,"href":"https:\/\/www.europesays.com\/fr\/wp-json\/wp\/v2\/users\/2"}],"replies":[{"embeddable":true,"href":"https:\/\/www.europesays.com\/fr\/wp-json\/wp\/v2\/comments?post=591126"}],"version-history":[{"count":0,"href":"https:\/\/www.europesays.com\/fr\/wp-json\/wp\/v2\/posts\/591126\/revisions"}],"wp:featuredmedia":[{"embeddable":true,"href":"https:\/\/www.europesays.com\/fr\/wp-json\/wp\/v2\/media\/591127"}],"wp:attachment":[{"href":"https:\/\/www.europesays.com\/fr\/wp-json\/wp\/v2\/media?parent=591126"}],"wp:term":[{"taxonomy":"category","embeddable":true,"href":"https:\/\/www.europesays.com\/fr\/wp-json\/wp\/v2\/categories?post=591126"},{"taxonomy":"post_tag","embeddable":true,"href":"https:\/\/www.europesays.com\/fr\/wp-json\/wp\/v2\/tags?post=591126"}],"curies":[{"name":"wp","href":"https:\/\/api.w.org\/{rel}","templated":true}]}}