{"id":591132,"date":"2025-12-10T17:19:23","date_gmt":"2025-12-10T17:19:23","guid":{"rendered":"https:\/\/www.europesays.com\/fr\/591132\/"},"modified":"2025-12-10T17:19:23","modified_gmt":"2025-12-10T17:19:23","slug":"securite-renforcee-a-marseille-dans-toutes-les-zones-commerciales-pour-les-fetes","status":"publish","type":"post","link":"https:\/\/www.europesays.com\/fr\/591132\/","title":{"rendered":"S\u00e9curit\u00e9 renforc\u00e9e \u00e0 Marseille dans toutes les zones commerciales pour les f\u00eates"},"content":{"rendered":"<p>\u00ab\u00a0Bonjour Madame, est-ce que les <a href=\"https:\/\/www.laprovence.com\/article\/societe\/1825480258093715\/des-cadeaux-de-noel-coute-que-coute-les-provencaux-consomment-malgre-la-crise\" target=\"_blank\" rel=\"noopener\">courses pour les f\u00eates de No\u00ebl<\/a> se passent bien ?\u00a0\u00bb, s\u2019enquiert un policier municipal aupr\u00e8s d&rsquo;une commer\u00e7ante de la rue Paradis. Tout sourire, la jeune femme opine\u00a0: \u00ab\u00a0Il y a beaucoup de monde, mais tout va bien\u00a0!\u00a0\u00bb. \u00ab\u00a0S&rsquo;il y a le moindre probl\u00e8me, voici un contact o\u00f9 nous joindre\u00a0\u00bb, poursuit son coll\u00e8gue, en lui tendant une carte de visite.<\/p>\n<p>Depuis le 17 novembre et jusqu&rsquo;au 4 janvier, face \u00e0 l&rsquo;affluence accrue pour les achats de No\u00ebl, la Ville de <a href=\"https:\/\/www.laprovence.com\/bouches-du-rhone\/marseille-13055\" target=\"_blank\" rel=\"noopener\">Marseille<\/a> renforce la s\u00e9curit\u00e9 en centre-ville, mais aussi &#8211; c&rsquo;est la nouveaut\u00e9 &#8211; aux abords des principales zones commerciales : <a href=\"https:\/\/www.laprovence.com\/article\/societe\/2036956535726715\/craignant-pour-leur-securite-les-agents-de-grand-littoral-a-marseille-prevoient-une-greve-vendredi\" target=\"_blank\" rel=\"noopener\">Grand Littoral<\/a> (16e), Le Merlan (14e), les Terrasses du Port (2e), le <a href=\"https:\/\/www.laprovence.com\/article\/region\/25940485767582\/centre-bourse-le-rachat-des-locaux-des-galeries-lafayette-en-debat-au-conseil-municipal-a-marseille\" target=\"_blank\" rel=\"noopener\">Centre Bourse<\/a> (1er), Saint-Ferr\u00e9ol, rue Paradis, rue de Rome, La Valentine (11e), Auchan Saint-Loup (10e) et Saint-Barnab\u00e9 (12e).<\/p>\n<p>\u00ab\u00a0Nous avons tous les jours 20 agents engag\u00e9s dans le centre-ville, notamment sur le march\u00e9 de No\u00ebl et la <a href=\"https:\/\/www.laprovence.com\/article\/region\/98024822864709\/la-foire-aux-santons-revient-sur-le-vieux-port-a-marseille-avec-21-artisans-presents\" target=\"_blank\" rel=\"noopener\">Foire aux santons<\/a>, d\u00e9taille C\u00e9line Lefl\u00e9fian, la directrice de la police municipale. Nous avons en plus cette ann\u00e9e mis en place un dispositif &lsquo;Horus&rsquo; : plus de 100 policiers municipaux qui sillonnent chaque jour, \u00e0 pied, \u00e0 v\u00e9lo, \u00e0 scooter, \u00e0 moto, en v\u00e9hicule les zones commerciales du n&#8230;<\/p>\n","protected":false},"excerpt":{"rendered":"\u00ab\u00a0Bonjour Madame, est-ce que les courses pour les f\u00eates de No\u00ebl se passent bien ?\u00a0\u00bb, s\u2019enquiert un policier&hellip;\n","protected":false},"author":2,"featured_media":591133,"comment_status":"","ping_status":"","sticky":false,"template":"","format":"standard","meta":{"footnotes":""},"categories":[2814],"tags":[17,1111,11,1102,1446,1777,674,1011,27,151,884,12,882,16,20098,25,656,10125,6249],"class_list":{"0":"post-591132","1":"post","2":"type-post","3":"status-publish","4":"format-standard","5":"has-post-thumbnail","7":"category-marseille","8":"tag-17","9":"tag-actu","10":"tag-actualites","11":"tag-breakingnews","12":"tag-dans","13":"tag-eu","14":"tag-europe","15":"tag-fr","16":"tag-france","17":"tag-les","18":"tag-marseille","19":"tag-news","20":"tag-provence-alpes-cote-dazur","21":"tag-region","22":"tag-renforcee","23":"tag-republique-francaise","24":"tag-securite","25":"tag-toutes","26":"tag-zones"},"share_on_mastodon":{"url":"https:\/\/pubeurope.com\/@fr\/115696419827000390","error":""},"_links":{"self":[{"href":"https:\/\/www.europesays.com\/fr\/wp-json\/wp\/v2\/posts\/591132","targetHints":{"allow":["GET"]}}],"collection":[{"href":"https:\/\/www.europesays.com\/fr\/wp-json\/wp\/v2\/posts"}],"about":[{"href":"https:\/\/www.europesays.com\/fr\/wp-json\/wp\/v2\/types\/post"}],"author":[{"embeddable":true,"href":"https:\/\/www.europesays.com\/fr\/wp-json\/wp\/v2\/users\/2"}],"replies":[{"embeddable":true,"href":"https:\/\/www.europesays.com\/fr\/wp-json\/wp\/v2\/comments?post=591132"}],"version-history":[{"count":0,"href":"https:\/\/www.europesays.com\/fr\/wp-json\/wp\/v2\/posts\/591132\/revisions"}],"wp:featuredmedia":[{"embeddable":true,"href":"https:\/\/www.europesays.com\/fr\/wp-json\/wp\/v2\/media\/591133"}],"wp:attachment":[{"href":"https:\/\/www.europesays.com\/fr\/wp-json\/wp\/v2\/media?parent=591132"}],"wp:term":[{"taxonomy":"category","embeddable":true,"href":"https:\/\/www.europesays.com\/fr\/wp-json\/wp\/v2\/categories?post=591132"},{"taxonomy":"post_tag","embeddable":true,"href":"https:\/\/www.europesays.com\/fr\/wp-json\/wp\/v2\/tags?post=591132"}],"curies":[{"name":"wp","href":"https:\/\/api.w.org\/{rel}","templated":true}]}}