{"id":591134,"date":"2025-12-10T17:20:23","date_gmt":"2025-12-10T17:20:23","guid":{"rendered":"https:\/\/www.europesays.com\/fr\/591134\/"},"modified":"2025-12-10T17:20:23","modified_gmt":"2025-12-10T17:20:23","slug":"pres-de-lyon-un-motard-tue-dans-un-accident","status":"publish","type":"post","link":"https:\/\/www.europesays.com\/fr\/591134\/","title":{"rendered":"Pr\u00e8s de Lyon : un motard tu\u00e9 dans un accident"},"content":{"rendered":"<p>Ce mercredi 10 d\u00e9cembre, un motard est mort dans un accident de la route \u00e0 Saint-Priest, au sud-est de Lyon. \u00c2g\u00e9e de 46 ans, la victime a perdu le contr\u00f4le de sa moto.<\/p>\n<p>Nouvel accident mortel dans l&rsquo;agglom\u00e9ration de Lyon. Ce mercredi 10 d\u00e9cembre, vers 10h du matin, un drame est survenu \u00e0 <b>Saint-Priest<\/b>.<\/p>\n<p>Le motard perd le contr\u00f4le et se tue<\/p>\n<p>Dans la rue Colette, <b>un motard de 46 ans<\/b> a perdu le contr\u00f4le de sa moto. Il a ensuite chut\u00e9 violemment.<\/p>\n<p>Selon <a class=\"url\" href=\"https:\/\/www.leprogres.fr\/faits-divers-justice\/2025\/12\/10\/un-motard-decede-dans-un-accident-de-la-route-a-saint-priest\" target=\"_blank\" rel=\"noopener\">Le Progr\u00e8s<\/a>, les pompiers et le Smur ont essay\u00e9 de r\u00e9animer le quadrag\u00e9naire. Mais le pilote du deux-roues <b>est d\u00e9c\u00e9d\u00e9<\/b> sur place.<\/p>\n<p>Le secteur du sud-est lyonnais qui fait l&rsquo;actualit\u00e9 cette semaine. Dans la nuit de mardi \u00e0 mercredi, <a class=\"url\" href=\"https:\/\/www.radioscoop.com\/infos\/sud-de-lyon-une-jeune-femme-decede-dans-un-accident-sur-l-a7_343339\" target=\"_blank\" rel=\"noopener\">une tentative d&rsquo;enl\u00e8vement rat\u00e9e<\/a> s&rsquo;est produite dans la ville voisine de Bron.<\/p>\n<p><img loading=\"lazy\" decoding=\"async\" src=\"https:\/\/www.europesays.com\/fr\/wp-content\/uploads\/2025\/12\/1765387223_915_img\" width=\"350\" height=\"200\" border=\"0\" title=\"Un camion de pompiers\"\/><\/p>\n<p>\u25baFaits divers<\/p>\n<p style=\"font-size: 22px;\"><b>Accident mortel au sud de Lyon : deux jeunes femmes sont d\u00e9c\u00e9d\u00e9es<\/b><\/p>\n<p>Deux femmes ont perdu la vie dans un accident dimanche&#8230;<\/p>\n<p><\/p>\n","protected":false},"excerpt":{"rendered":"Ce mercredi 10 d\u00e9cembre, un motard est mort dans un accident de la route \u00e0 Saint-Priest, au sud-est&hellip;\n","protected":false},"author":2,"featured_media":591135,"comment_status":"","ping_status":"","sticky":false,"template":"","format":"standard","meta":{"footnotes":""},"categories":[1889],"tags":[119,1111,11,2430,1777,674,1011,27,2428,18,3914,1457,12,25,4605],"class_list":{"0":"post-591134","1":"post","2":"type-post","3":"status-publish","4":"format-standard","5":"has-post-thumbnail","7":"category-lyon","8":"tag-accident","9":"tag-actu","10":"tag-actualites","11":"tag-auvergne-rhone-alpes","12":"tag-eu","13":"tag-europe","14":"tag-fr","15":"tag-france","16":"tag-lyon","17":"tag-mort","18":"tag-motard","19":"tag-moto","20":"tag-news","21":"tag-republique-francaise","22":"tag-saint-priest"},"share_on_mastodon":{"url":"https:\/\/pubeurope.com\/@fr\/115696424611590996","error":""},"_links":{"self":[{"href":"https:\/\/www.europesays.com\/fr\/wp-json\/wp\/v2\/posts\/591134","targetHints":{"allow":["GET"]}}],"collection":[{"href":"https:\/\/www.europesays.com\/fr\/wp-json\/wp\/v2\/posts"}],"about":[{"href":"https:\/\/www.europesays.com\/fr\/wp-json\/wp\/v2\/types\/post"}],"author":[{"embeddable":true,"href":"https:\/\/www.europesays.com\/fr\/wp-json\/wp\/v2\/users\/2"}],"replies":[{"embeddable":true,"href":"https:\/\/www.europesays.com\/fr\/wp-json\/wp\/v2\/comments?post=591134"}],"version-history":[{"count":0,"href":"https:\/\/www.europesays.com\/fr\/wp-json\/wp\/v2\/posts\/591134\/revisions"}],"wp:featuredmedia":[{"embeddable":true,"href":"https:\/\/www.europesays.com\/fr\/wp-json\/wp\/v2\/media\/591135"}],"wp:attachment":[{"href":"https:\/\/www.europesays.com\/fr\/wp-json\/wp\/v2\/media?parent=591134"}],"wp:term":[{"taxonomy":"category","embeddable":true,"href":"https:\/\/www.europesays.com\/fr\/wp-json\/wp\/v2\/categories?post=591134"},{"taxonomy":"post_tag","embeddable":true,"href":"https:\/\/www.europesays.com\/fr\/wp-json\/wp\/v2\/tags?post=591134"}],"curies":[{"name":"wp","href":"https:\/\/api.w.org\/{rel}","templated":true}]}}