{"id":591138,"date":"2025-12-10T17:26:34","date_gmt":"2025-12-10T17:26:34","guid":{"rendered":"https:\/\/www.europesays.com\/fr\/591138\/"},"modified":"2025-12-10T17:26:34","modified_gmt":"2025-12-10T17:26:34","slug":"drones-lanternes-geantes-et-balades-feeriques-decouvrez-cinq-parcours-lumineux-incontournables-en-ile-de-france","status":"publish","type":"post","link":"https:\/\/www.europesays.com\/fr\/591138\/","title":{"rendered":"Drones, lanternes g\u00e9antes et balades f\u00e9eriques, d\u00e9couvrez cinq parcours lumineux incontournables en \u00cele-de-France"},"content":{"rendered":"<p class=\"article__intro\">A Paris mais aussi dans les Hauts-de-Seine, voici une s\u00e9lection de cinq exp\u00e9riences sensorielles \u00e0 ne pas manquer lors de ces f\u00eates de fin d&rsquo;ann\u00e9e.<\/p>\n<p>\n      L\u2019actu des r\u00e9gions\n    <\/p>\n<p>\n      Chaque jour, un tour d\u2019horizon des principales infos de toutes les r\u00e9gions.\n    <\/p>\n<p>    France T\u00e9l\u00e9visions utilise votre adresse e-mail afin de vous envoyer la newsletter \u00ab\u00a0L\u2019actu des r\u00e9gions\u00a0\u00bb. Vous pouvez vous d\u00e9sinscrire \u00e0 tout moment via le lien en bas de cette newsletter. <a target=\"_blank\" href=\"https:\/\/www.francetelevisions.fr\/groupe\/confidentialite\/politique-de-confidentialite\/politique-de-confidentialite-de-france-televisions-6503\" rel=\"noopener\">Notre politique de confidentialit\u00e9<\/a><\/p>\n<p>Entre installations artistiques, balades sensorielles dans les parcs et spectacles a\u00e9riens, ces cinq parcours offrent chacun une exp\u00e9rience diff\u00e9rente. Les visiteurs passent de la technologie immersive au c\u0153ur des jardins \u00e0 la for\u00eat de lanternes g\u00e9antes, sans oublier les animations monumentales dans des lieux embl\u00e9matiques d\u2019\u00cele-de-France.<\/p>\n<\/p>\n<p>Plus de 2 000 lanternes, une for\u00eat de champignons g\u00e9ants, un dragon colossal et un univers qui voyage du p\u00f4le Nord au Japon : l<a href=\"https:\/\/odysseelumineuse.fr\/paris\" target=\"_blank\" rel=\"noopener noreferrer nofollow\" data-tooltip-url=\"https:\/\/odysseelumineuse.fr\/paris\">\u2019Odyss\u00e9e lumineuse<\/a> est l\u2019un des parcours les plus ambitieux de la r\u00e9gion.<br \/>\u00c0 la tomb\u00e9e de la nuit, le parc s\u2019illumine enti\u00e8rement et propose m\u00eame un show a\u00e9rien de drones (18h45, 19h45, 20h45), sous r\u00e9serve de m\u00e9t\u00e9o. Autre temps fort : les spectacles de bulles g\u00e9antes (19h30, 20h30, 21h15), tr\u00e8s appr\u00e9ci\u00e9s des familles.<\/p>\n<ul>\n<li>\u00a0Parc floral, route de la Pyramide (entr\u00e9e Ch\u00e2teau de Vincennes)<\/li>\n<li>Jusqu\u2019au 11 janvier 2026, ouverture \u00e0 partir de 17h30<\/li>\n<li>Plein 13 \u20ac, \u00e9tudiants 10\u20ac, enfants 11 \u20ac<\/li>\n<li>Accessible fauteuil roulant<\/li>\n<li>Show drones soumis aux conditions m\u00e9t\u00e9o<\/li>\n<li>Dur\u00e9e : 1h30<\/li>\n<\/ul>\n<p>Imagin\u00e9 comme un parcours sensoriel, <a href=\"https:\/\/lightcycles-experience.com\/paris\/\" target=\"_blank\" rel=\"noopener noreferrer nofollow\" data-tooltip-url=\"https:\/\/lightcycles-experience.com\/paris\/\">Light Cycles<\/a> plonge le visiteur dans un univers lumineux futuriste au c\u0153ur des jardins de la Villette. Le d\u00e9cor naturel du parc amplifie les installations : halos puls\u00e9s, laser doux, brumes lumineuses\u2026 Un parcours d\u2019une heure o\u00f9 l\u2019on navigue entre po\u00e9sie et technologie.<\/p>\n<ul>\n<li>211 av. Jean-Jaur\u00e8s, Paris 19e<\/li>\n<li>Ouverture en soir\u00e9e (v\u00e9rifier les dates selon la programmation)<\/li>\n<li>Plein 15,90 \u20ac, \u00e9tudiants et s\u00e9niors 12,90 \u20ac, enfants 11,90 \u20ac<\/li>\n<li>Dur\u00e9e : environ 1h<\/li>\n<\/ul>\n<p>Lanternes g\u00e9antes, animaux lumineux, d\u00e9cors immersifs : <a href=\"https:\/\/lumieresenseine.com\/\" target=\"_blank\" rel=\"noopener noreferrer nofollow\" data-tooltip-url=\"https:\/\/lumieresenseine.com\/\">le parcours du parc de Saint-Cloud <\/a>est l\u2019un des plus photog\u00e9niques d\u2019\u00cele-de-France.<br \/>Chaque hiver, le domaine accueille un nouveau r\u00e9cit f\u00e9erique : carrosse de Cendrillon ou encore danse des canards enchant\u00e9s. Le visiteur \u00e9volue dans une for\u00eat enchant\u00e9e ponctu\u00e9e de cr\u00e9atures lumineuses, d\u2019arcs \u00e9tincelants et de jeux d\u2019ombres.<\/p>\n<ul>\n<li>\u00a0Domaine national de Saint-Cloud<\/li>\n<li>Ouverture jusqu&rsquo;au 11 janvier, de 17h \u00e0 23h<\/li>\n<li>Tarif situ\u00e9 entre 20 et 28 \u20ac<\/li>\n<li>Parfait pour les enfants, gratuit &#8211; 3 ans<\/li>\n<li>Dur\u00e9e : 1h00<\/li>\n<\/ul>\n<p>C\u2019est l\u2019une des promenades les plus attendues chaque ann\u00e9e. <a href=\"https:\/\/www.jardindesplantesdeparis.fr\/fr\/illuminations\" target=\"_blank\" rel=\"noopener noreferrer nofollow\" data-tooltip-url=\"https:\/\/www.jardindesplantesdeparis.fr\/fr\/illuminations\">Le Jardin des Plantes<\/a> s\u2019illumine avec d\u2019immenses sculptures lumineuses qui changent de th\u00e8me chaque hiver : monde marin, esp\u00e8ces disparues, voyages color\u00e9s\u2026<\/p>\n<p>Cette ann\u00e9e c\u2019est \u00ab\u00a0Lumi\u00e8res de la Nature\u00a0\u00bb qui expose les ph\u00e9nom\u00e8nes naturels : bioluminescence, fluorescence\u2026 <br \/>Un incontournable pour les amateurs de lanternes g\u00e9antes et d&rsquo;itin\u00e9raires contemplatifs.<\/p>\n<ul>\n<li>\u00a0Jardin des Plantes, Paris 5e<\/li>\n<li>Ouvert de 18h \u00e0 22h jusqu&rsquo;au 18 janvier<\/li>\n<li>Gratuit pour les billets dat\u00e9s<\/li>\n<li>Dur\u00e9e : 1h30<\/li>\n<\/ul>\n<p>Plus qu\u2019une sortie nocturne, <a href=\"https:\/\/aura-invalides.com\/fr_FR\/\" target=\"_blank\" rel=\"noopener noreferrer nofollow\" data-tooltip-url=\"https:\/\/aura-invalides.com\/fr_FR\/\">Aura Invalides<\/a> est une immersion artistique dans l\u2019un des monuments les plus embl\u00e9matiques de Paris.<br \/>\u00c0 l\u2019int\u00e9rieur du d\u00f4me, une mise en lumi\u00e8re monumentale et une projection immersive offrent une lecture po\u00e9tique de l\u2019architecture. Une \u201cnuit au mus\u00e9e\u201d diff\u00e9rente, plus contemplative que les parcours ext\u00e9rieurs.<\/p>\n<ul>\n<li>2 place Vauban, Paris 7e<\/li>\n<li>Plein 28 \u20ac, -26ans 18\u20ac, -18 ans 12 \u20ac<\/li>\n<li>50 minutes<\/li>\n<li>Une exp\u00e9rience culturelle autant que lumineuse<\/li>\n<\/ul>\n","protected":false},"excerpt":{"rendered":"A Paris mais aussi dans les Hauts-de-Seine, voici une s\u00e9lection de cinq exp\u00e9riences sensorielles \u00e0 ne pas manquer&hellip;\n","protected":false},"author":2,"featured_media":591139,"comment_status":"","ping_status":"","sticky":false,"template":"","format":"standard","meta":{"footnotes":""},"categories":[1592],"tags":[1111,11,1777,674,1011,27,662,12,626,25],"class_list":{"0":"post-591138","1":"post","2":"type-post","3":"status-publish","4":"format-standard","5":"has-post-thumbnail","7":"category-ile-de-france","8":"tag-actu","9":"tag-actualites","10":"tag-eu","11":"tag-europe","12":"tag-fr","13":"tag-france","14":"tag-ile-de-france","15":"tag-news","16":"tag-paris","17":"tag-republique-francaise"},"share_on_mastodon":{"url":"https:\/\/pubeurope.com\/@fr\/115696447196582653","error":""},"_links":{"self":[{"href":"https:\/\/www.europesays.com\/fr\/wp-json\/wp\/v2\/posts\/591138","targetHints":{"allow":["GET"]}}],"collection":[{"href":"https:\/\/www.europesays.com\/fr\/wp-json\/wp\/v2\/posts"}],"about":[{"href":"https:\/\/www.europesays.com\/fr\/wp-json\/wp\/v2\/types\/post"}],"author":[{"embeddable":true,"href":"https:\/\/www.europesays.com\/fr\/wp-json\/wp\/v2\/users\/2"}],"replies":[{"embeddable":true,"href":"https:\/\/www.europesays.com\/fr\/wp-json\/wp\/v2\/comments?post=591138"}],"version-history":[{"count":0,"href":"https:\/\/www.europesays.com\/fr\/wp-json\/wp\/v2\/posts\/591138\/revisions"}],"wp:featuredmedia":[{"embeddable":true,"href":"https:\/\/www.europesays.com\/fr\/wp-json\/wp\/v2\/media\/591139"}],"wp:attachment":[{"href":"https:\/\/www.europesays.com\/fr\/wp-json\/wp\/v2\/media?parent=591138"}],"wp:term":[{"taxonomy":"category","embeddable":true,"href":"https:\/\/www.europesays.com\/fr\/wp-json\/wp\/v2\/categories?post=591138"},{"taxonomy":"post_tag","embeddable":true,"href":"https:\/\/www.europesays.com\/fr\/wp-json\/wp\/v2\/tags?post=591138"}],"curies":[{"name":"wp","href":"https:\/\/api.w.org\/{rel}","templated":true}]}}