{"id":591146,"date":"2025-12-10T17:31:27","date_gmt":"2025-12-10T17:31:27","guid":{"rendered":"https:\/\/www.europesays.com\/fr\/591146\/"},"modified":"2025-12-10T17:31:27","modified_gmt":"2025-12-10T17:31:27","slug":"fusillade-a-rennes-huit-personnes-interpellees-originaires-de-russie-paris-et-bretagne","status":"publish","type":"post","link":"https:\/\/www.europesays.com\/fr\/591146\/","title":{"rendered":"Fusillade \u00e0 Rennes\u00a0: huit personnes interpell\u00e9es, originaires de Russie, Paris et Bretagne"},"content":{"rendered":"<p>Apr\u00e8s les fusillades dans le quartier de Villejean le week-end du 5 et 6 d\u00e9cembre 2025, le procureur de la R\u00e9publique de Rennes annonce l&rsquo;interpellation de huit personnes. Certaines viennent de Rennes, Paris, et m\u00eame de Russie.<\/p>\n<p>C&rsquo;est une vague d&rsquo;interpellations qu&rsquo;annonce le procureur de la R\u00e9publique de Rennes ce mercredi 10 d\u00e9cembre 2025, apr\u00e8s les \u00e9pisodes de violence \u00e0 Rennes. <strong>Huit personnes ont \u00e9t\u00e9 interpell\u00e9es<\/strong>, apr\u00e8s les deux fusillades sur la dalle Kennedy du quartier de Villejean \u00e0 Rennes vendredi 5 et samedi 6 d\u00e9cembre. Certains suspects sont connus de la justice, d&rsquo;autres non. Certains viennent de Rennes, mais d&rsquo;autres viennent de Paris ou encore de la Russie.<\/p>\n<p>Des hommes \u00e0 l&rsquo;origine d&rsquo;un kidnapping<\/p>\n<p>Trois jours apr\u00e8s, <a class=\"IciLink ici-link IciArticleLink g-ici-body-regular-1 underline brand svelte-1chfe2s\" href=\"https:\/\/www.francebleu.fr\/infos\/faits-divers-justice\/video-une-fusillade-filmee-dans-le-quartier-villejean-a-rennes-une-balle-traverse-un-appartement-3974542\" target=\"_blank\" rel=\"noopener\">les premiers \u00e9changes de tirs vendredi soir \u00e0 Villejean<\/a>, quatre individus \u00e2g\u00e9s de 17 \u00e0 26 ans ont \u00e9t\u00e9 arr\u00eat\u00e9s. L&rsquo;un d&rsquo;entre eux est n\u00e9 et vit en Bretagne. Les deux autres sont originaires de la r\u00e9gion parisienne. Finalement apr\u00e8s leur garde \u00e0 vue, les suspects majeurs ont \u00e9t\u00e9 rel\u00e2ch\u00e9s. Mais les enqu\u00eateurs ont d\u00e9couvert que deux d&rsquo;entre eux ont particip\u00e9 \u00e0 la s\u00e9questration d&rsquo;un jeune homme. Le 27 novembre 2025, celui-ci a \u00e9t\u00e9 kidnapp\u00e9 depuis le point de deal de Villejean, puis s\u00e9questr\u00e9 \u00e0 Guichen.\u00a0Les deux suspects ont donc \u00e9t\u00e9 transf\u00e9r\u00e9s \u00e0 la Section de Recherches de Rennes et plac\u00e9s en garde \u00e0 vue.\u00a0L\u2019un des mis en cause pr\u00e9sent\u00e9 a d\u00e9j\u00e0 \u00e9t\u00e9 condamn\u00e9 \u00e0 de nombreuses reprises, pour des faits similaires.<\/p>\n<p>Parmi les assaillants, un homme d&rsquo;origine russe<\/p>\n<p>Apr\u00e8s la seconde fusillade du samedi 6 d\u00e9cembre, ce sont <strong>quatre autres hommes qui ont \u00e9t\u00e9 interpell\u00e9s<\/strong>. Ils sont \u00e2g\u00e9s de 16 \u00e0 22 ans. Trois sont rennais, l<strong>e quatri\u00e8me est originaire de Russie<\/strong>. Ils sont soup\u00e7onn\u00e9s d&rsquo;avoir ouvert le feu vers 19 heures sur la dalle Kennedy, o\u00f9 quatre d\u00e9tonations de type arme de guerre ont \u00e9t\u00e9 entendues. Sur place, une arme longue a \u00e9t\u00e9 retrouv\u00e9e cach\u00e9e dans les buissons, pr\u00e8s d&rsquo;un parc pour enfants et plusieurs cartouches r\u00e9cup\u00e9r\u00e9es sur place.<\/p>\n<p>Ces coups de feu ont choqu\u00e9 les habitants.\u00a0<a target=\"_blank\" rel=\"nofollow noopener noreferrer\" class=\"IciLink ici-link IciArticleLink g-ici-body-regular-1 underline brand svelte-1chfe2s\" href=\"https:\/\/x.com\/Ch_Compagnon\/status\/1997643885326020788?ref_src=twsrc%5Etfw%7Ctwcamp%5Etweetembed%7Ctwterm%5E1997643885326020788%7Ctwgr%5Ed77ca1bea0bce3453c29cbca17453ca6cd65f24a%7Ctwcon%5Es1_&amp;ref_url=https%3A%2F%2Fwww.francebleu.fr%2Finfos%2Ffaits-divers-justice%2Fvideo-une-fusillade-filmee-dans-le-quartier-villejean-a-rennes-une-balle-traverse-un-appartement-3974542\">Une riveraine avait alors film\u00e9 la sc\u00e8ne, reprise par de nombreux politiques locaux.<\/a>\u00a0Une enqu\u00eate de flagrance a \u00e9t\u00e9 ouverte pour tentative de meurtre en bande organis\u00e9e, participation \u00e0 une association de malfaiteurs en vue de la pr\u00e9paration d\u2019un crime et infractions \u00e0 la l\u00e9gislation sur les stup\u00e9fiants, confi\u00e9e \u00e0 la Direction de la Criminalit\u00e9 Territoriale (DCT) du SIPJ d\u2019Ille-et-Vilaine.<\/p>\n<p>\u00c0 lire aussi   <img decoding=\"async\" src=\"https:\/\/www.europesays.com\/fr\/wp-content\/uploads\/2025\/12\/1765387887_800_400x400\" alt=\"\" style=\"--_image-preview:url('data:image\/jpeg;base64,\/9j\/2wBDACgcHiMeGSgjISMtKygwPGRBPDc3PHtYXUlkkYCZlo+AjIqgtObDoKrarYqMyP\/L2u71\/\/\/\/m8H\/\/\/\/6\/+b9\/\/j\/2wBDASstLTw1PHZBQXb4pYyl+Pj4+Pj4+Pj4+Pj4+Pj4+Pj4+Pj4+Pj4+Pj4+Pj4+Pj4+Pj4+Pj4+Pj4+Pj4+Pj4+Pj\/wAARCAAXACoDASIAAhEBAxEB\/8QAFwABAQEBAAAAAAAAAAAAAAAAAAEDAv\/EABgQAQEBAQEAAAAAAAAAAAAAAAABEQIS\/8QAFwEBAQEBAAAAAAAAAAAAAAAAAQIAA\/\/EABYRAQEBAAAAAAAAAAAAAAAAAAABEf\/aAAwDAQACEQMRAD8AzKtjiulSasrjSVtbGg5lXToadRl0CKqM6mgC6lX0BS\/\/2Q==');\" loading=\"lazy\" fetchpriority=\"low\" aria-hidden=\"true\" class=\"svelte-1cksh76 rounded\" onload=\"this.__e=event\" onerror=\"this.__e=event\"\/><\/p>\n","protected":false},"excerpt":{"rendered":"Apr\u00e8s les fusillades dans le quartier de Villejean le week-end du 5 et 6 d\u00e9cembre 2025, le procureur&hellip;\n","protected":false},"author":2,"featured_media":591147,"comment_status":"","ping_status":"","sticky":false,"template":"","format":"standard","meta":{"footnotes":""},"categories":[1888],"tags":[11,1777,674,1011,27,12,626,25],"class_list":{"0":"post-591146","1":"post","2":"type-post","3":"status-publish","4":"format-standard","5":"has-post-thumbnail","7":"category-paris","8":"tag-actualites","9":"tag-eu","10":"tag-europe","11":"tag-fr","12":"tag-france","13":"tag-news","14":"tag-paris","15":"tag-republique-francaise"},"share_on_mastodon":{"url":"https:\/\/pubeurope.com\/@fr\/115696467540389880","error":""},"_links":{"self":[{"href":"https:\/\/www.europesays.com\/fr\/wp-json\/wp\/v2\/posts\/591146","targetHints":{"allow":["GET"]}}],"collection":[{"href":"https:\/\/www.europesays.com\/fr\/wp-json\/wp\/v2\/posts"}],"about":[{"href":"https:\/\/www.europesays.com\/fr\/wp-json\/wp\/v2\/types\/post"}],"author":[{"embeddable":true,"href":"https:\/\/www.europesays.com\/fr\/wp-json\/wp\/v2\/users\/2"}],"replies":[{"embeddable":true,"href":"https:\/\/www.europesays.com\/fr\/wp-json\/wp\/v2\/comments?post=591146"}],"version-history":[{"count":0,"href":"https:\/\/www.europesays.com\/fr\/wp-json\/wp\/v2\/posts\/591146\/revisions"}],"wp:featuredmedia":[{"embeddable":true,"href":"https:\/\/www.europesays.com\/fr\/wp-json\/wp\/v2\/media\/591147"}],"wp:attachment":[{"href":"https:\/\/www.europesays.com\/fr\/wp-json\/wp\/v2\/media?parent=591146"}],"wp:term":[{"taxonomy":"category","embeddable":true,"href":"https:\/\/www.europesays.com\/fr\/wp-json\/wp\/v2\/categories?post=591146"},{"taxonomy":"post_tag","embeddable":true,"href":"https:\/\/www.europesays.com\/fr\/wp-json\/wp\/v2\/tags?post=591146"}],"curies":[{"name":"wp","href":"https:\/\/api.w.org\/{rel}","templated":true}]}}