{"id":591155,"date":"2025-12-10T17:37:09","date_gmt":"2025-12-10T17:37:09","guid":{"rendered":"https:\/\/www.europesays.com\/fr\/591155\/"},"modified":"2025-12-10T17:37:09","modified_gmt":"2025-12-10T17:37:09","slug":"allemagne-collision-entre-une-voiture-et-un-camion-citerne-a-breisach-am-rhein-deux-morts","status":"publish","type":"post","link":"https:\/\/www.europesays.com\/fr\/591155\/","title":{"rendered":"Allemagne. Collision entre une voiture et un camion-citerne \u00e0 Breisach am Rhein\u00a0: deux morts"},"content":{"rendered":"<p>Une collision frontale entre un poids lourd et une voiture a fait deux morts ce mercredi 10\u00a0d\u00e9cembre vers 13\u00a0h \u00e0 Breisach am Rhein, dans le Bade-Wurtemberg.<\/p>\n<p>L\u2019accident s\u2019est produit sur la route B31 entre les lieux-dits Oberrimsingen et Hochstetten. Selon la police allemande, la voiture se serait d\u00e9port\u00e9e sur sa gauche et aurait heurt\u00e9 de plein fouet un camion-citerne qui arrivait en face. Les deux occupants de la voiture, dont l\u2019\u00e2ge n\u2019a pas \u00e9t\u00e9 communiqu\u00e9 par la police, sont d\u00e9c\u00e9d\u00e9s sur les lieux de L\u2019accident. Les deux victimes sont de nationalit\u00e9 allemande.<\/p>\n<p>Le chauffeur du camion est l\u00e9g\u00e8rement bless\u00e9. Un troisi\u00e8me v\u00e9hicule a \u00e9t\u00e9 impliqu\u00e9 mais son conducteur est indemne. \u00c0 17\u00a0h ce mercredi, la route B 31 \u00e9tait toujours ferm\u00e9e \u00e0 la circulation pour permettre \u00e0 la police d\u2019effectuer les investigations qui permettront d\u2019\u00e9tablir les\u00a0circonstances de cette collision mortelle.<\/p>\n","protected":false},"excerpt":{"rendered":"Une collision frontale entre un poids lourd et une voiture a fait deux morts ce mercredi 10\u00a0d\u00e9cembre vers&hellip;\n","protected":false},"author":2,"featured_media":591156,"comment_status":"","ping_status":"","sticky":false,"template":"","format":"standard","meta":{"footnotes":""},"categories":[1587],"tags":[119,11,672,2389,1804,1805,1803,2413,1777,674,274,107,329,1801,12,1802,1806],"class_list":{"0":"post-591155","1":"post","2":"type-post","3":"status-publish","4":"format-standard","5":"has-post-thumbnail","7":"category-allemagne","8":"tag-accident","9":"tag-actualites","10":"tag-allemagne","11":"tag-alsace","12":"tag-bundesrepublik-deutschland","13":"tag-de","14":"tag-deutschland","15":"tag-edition-colmar-guebwiller","16":"tag-eu","17":"tag-europe","18":"tag-faits-divers-justice","19":"tag-fil-info","20":"tag-france-monde","21":"tag-germany","22":"tag-news","23":"tag-republique-federale-dallemagne","24":"tag-rheinblick"},"share_on_mastodon":{"url":"https:\/\/pubeurope.com\/@fr\/115696490709869284","error":""},"_links":{"self":[{"href":"https:\/\/www.europesays.com\/fr\/wp-json\/wp\/v2\/posts\/591155","targetHints":{"allow":["GET"]}}],"collection":[{"href":"https:\/\/www.europesays.com\/fr\/wp-json\/wp\/v2\/posts"}],"about":[{"href":"https:\/\/www.europesays.com\/fr\/wp-json\/wp\/v2\/types\/post"}],"author":[{"embeddable":true,"href":"https:\/\/www.europesays.com\/fr\/wp-json\/wp\/v2\/users\/2"}],"replies":[{"embeddable":true,"href":"https:\/\/www.europesays.com\/fr\/wp-json\/wp\/v2\/comments?post=591155"}],"version-history":[{"count":0,"href":"https:\/\/www.europesays.com\/fr\/wp-json\/wp\/v2\/posts\/591155\/revisions"}],"wp:featuredmedia":[{"embeddable":true,"href":"https:\/\/www.europesays.com\/fr\/wp-json\/wp\/v2\/media\/591156"}],"wp:attachment":[{"href":"https:\/\/www.europesays.com\/fr\/wp-json\/wp\/v2\/media?parent=591155"}],"wp:term":[{"taxonomy":"category","embeddable":true,"href":"https:\/\/www.europesays.com\/fr\/wp-json\/wp\/v2\/categories?post=591155"},{"taxonomy":"post_tag","embeddable":true,"href":"https:\/\/www.europesays.com\/fr\/wp-json\/wp\/v2\/tags?post=591155"}],"curies":[{"name":"wp","href":"https:\/\/api.w.org\/{rel}","templated":true}]}}