{"id":591157,"date":"2025-12-10T17:39:00","date_gmt":"2025-12-10T17:39:00","guid":{"rendered":"https:\/\/www.europesays.com\/fr\/591157\/"},"modified":"2025-12-10T17:39:00","modified_gmt":"2025-12-10T17:39:00","slug":"verdun-pauline-varnerot-championne-deurope-de-force-athletique","status":"publish","type":"post","link":"https:\/\/www.europesays.com\/fr\/591157\/","title":{"rendered":"Verdun. Pauline Varnerot championne d\u2019Europe de force athl\u00e9tique"},"content":{"rendered":"<p>Malgr\u00e9 trois ans de pratique, Pauline Varnerot poss\u00e8de un palmar\u00e8s d\u00e9sormais trop \u00e9pais pour \u00eatre int\u00e9gralement restitu\u00e9 ici. \u00c0 19 ans, la Verdunoise participait d\u2019ailleurs \u00e0 sa <a href=\"https:\/\/www.estrepublicain.fr\/culture-loisirs\/2024\/06\/05\/texas-trois-verdunoises-medaillees-aux-championnats-du-monde-de-developpe-couche\" target=\"_blank\" rel=\"nofollow noopener\">6e\u00a0 comp\u00e9tition internationale<\/a> lors des championnats d\u2019Europe de force athl\u00e9tique, qui se sont d\u00e9roul\u00e9s \u00e0 Druskininkai (Lituanie), du 28\u00a0novembre au 7\u00a0d\u00e9cembre.<\/p>\n<p>Et malgr\u00e9 la perte des valises d\u2019une partie de l\u2019\u00e9quipe de France lors d\u2019une escale \u00e0 Varsovie, l\u2019athl\u00e8te du SAV Halt\u00e9rophilie n\u2019a pas trembl\u00e9 pour d\u00e9crocher un titre <a href=\"https:\/\/www.estrepublicain.fr\/societe\/2024\/10\/15\/pauline-varnerot-vice-championne-d-europe-de-force-athletique\" target=\"_blank\" rel=\"nofollow noopener\">qui lui avait \u00e9chapp\u00e9 de peu en 2024 (2 e ).<\/a> \u00ab\u00a0J\u2019ai aussi failli battre le record du monde de ma cat\u00e9gorie en squat (NDLR\u00a0: 160,5\u00a0kg)\u00a0\u00bb, ajoute la Meusienne, qui a donc valid\u00e9 157,5\u00a0kg au squat, 80\u00a0kg au d\u00e9velopp\u00e9 couch\u00e9 et 170\u00a0kg au soulev\u00e9 de terre pour se parer d\u2019or dans la cat\u00e9gorie juniors -52\u00a0kg.<\/p>\n<p>Elle est m\u00eame rentr\u00e9e \u00e0 Verdun avec une deuxi\u00e8me m\u00e9daille puisque la France a h\u00e9rit\u00e9 du bronze dans la comp\u00e9tition par \u00e9quipes. Entra\u00een\u00e9e \u00e0 distance par le Francilien Aur\u00e9lien Standaert, Pauline Varnerot va d\u00e9sormais souffler un peu avant de se pr\u00e9parer <a href=\"https:\/\/www.estrepublicain.fr\/insolite\/2025\/05\/13\/vice-championne-de-france-de-force-athletique\" target=\"_blank\" rel=\"nofollow noopener\">aux prochains championnats de France<\/a> de force athl\u00e9tique programm\u00e9s en mai\u00a02026. Un passage oblig\u00e9 pour int\u00e9grer \u00e0 nouveau l\u2019\u00e9quipe nationale.<\/p>\n","protected":false},"excerpt":{"rendered":"Malgr\u00e9 trois ans de pratique, Pauline Varnerot poss\u00e8de un palmar\u00e8s d\u00e9sormais trop \u00e9pais pour \u00eatre int\u00e9gralement restitu\u00e9 ici.&hellip;\n","protected":false},"author":2,"featured_media":591158,"comment_status":"","ping_status":"","sticky":false,"template":"","format":"standard","meta":{"footnotes":""},"categories":[1586],"tags":[11,3602,10174,1777,674,1011,27,1757,12,25,104,10172,10173,1631],"class_list":{"0":"post-591157","1":"post","2":"type-post","3":"status-publish","4":"format-standard","5":"has-post-thumbnail","7":"category-europe","8":"tag-actualites","9":"tag-edition-bar-le-duc","10":"tag-edition-verdun","11":"tag-eu","12":"tag-europe","13":"tag-fr","14":"tag-france","15":"tag-insolite","16":"tag-news","17":"tag-republique-francaise","18":"tag-societe","19":"tag-verdun","20":"tag-verdun-ville-55a","21":"tag-vie-associative"},"share_on_mastodon":{"url":"https:\/\/pubeurope.com\/@fr\/115696498316758078","error":""},"_links":{"self":[{"href":"https:\/\/www.europesays.com\/fr\/wp-json\/wp\/v2\/posts\/591157","targetHints":{"allow":["GET"]}}],"collection":[{"href":"https:\/\/www.europesays.com\/fr\/wp-json\/wp\/v2\/posts"}],"about":[{"href":"https:\/\/www.europesays.com\/fr\/wp-json\/wp\/v2\/types\/post"}],"author":[{"embeddable":true,"href":"https:\/\/www.europesays.com\/fr\/wp-json\/wp\/v2\/users\/2"}],"replies":[{"embeddable":true,"href":"https:\/\/www.europesays.com\/fr\/wp-json\/wp\/v2\/comments?post=591157"}],"version-history":[{"count":0,"href":"https:\/\/www.europesays.com\/fr\/wp-json\/wp\/v2\/posts\/591157\/revisions"}],"wp:featuredmedia":[{"embeddable":true,"href":"https:\/\/www.europesays.com\/fr\/wp-json\/wp\/v2\/media\/591158"}],"wp:attachment":[{"href":"https:\/\/www.europesays.com\/fr\/wp-json\/wp\/v2\/media?parent=591157"}],"wp:term":[{"taxonomy":"category","embeddable":true,"href":"https:\/\/www.europesays.com\/fr\/wp-json\/wp\/v2\/categories?post=591157"},{"taxonomy":"post_tag","embeddable":true,"href":"https:\/\/www.europesays.com\/fr\/wp-json\/wp\/v2\/tags?post=591157"}],"curies":[{"name":"wp","href":"https:\/\/api.w.org\/{rel}","templated":true}]}}