{"id":591165,"date":"2025-12-10T17:44:22","date_gmt":"2025-12-10T17:44:22","guid":{"rendered":"https:\/\/www.europesays.com\/fr\/591165\/"},"modified":"2025-12-10T17:44:22","modified_gmt":"2025-12-10T17:44:22","slug":"les-epidemies-de-grippe-et-de-bronchiolite-se-poursuivent-en-france-liberation","status":"publish","type":"post","link":"https:\/\/www.europesays.com\/fr\/591165\/","title":{"rendered":"Les \u00e9pid\u00e9mies de grippe et de bronchiolite se poursuivent en France \u2013 Lib\u00e9ration"},"content":{"rendered":"<p class=\"sc-cPiKLX AiZTS text-element\">A vos masques et mouchoirs. Les \u00e9pid\u00e9mies <a href=\"https:\/\/www.liberation.fr\/societe\/sante\/si-vous-etes-eligible-a-la-vaccination-nattendez-pas-cet-hiver-la-grippe-est-precoce-et-la-france-reste-mal-preparee-20251125_IYJ2XLVQFVGKNO36UKGNBZRMH4\/\" target=\"_blank\" rel=\"noopener\" title=\"https:\/\/www.liberation.fr\/societe\/sante\/si-vous-etes-eligible-a-la-vaccination-nattendez-pas-cet-hiver-la-grippe-est-precoce-et-la-france-reste-mal-preparee-20251125_IYJ2XLVQFVGKNO36UKGNBZRMH4\/\">de grippe<\/a> et<a href=\"https:\/\/www.liberation.fr\/societe\/sante\/transferts-des-bebes-circulation-du-virus-les-moyens-de-leviter-tout-savoir-sur-lepidemie-de-bronchiolite-20251209_UQHA2BVS45AYNJUFRI74QHUZOM\/\" target=\"_blank\" rel=\"noopener\" title=\"https:\/\/www.liberation.fr\/societe\/sante\/transferts-des-bebes-circulation-du-virus-les-moyens-de-leviter-tout-savoir-sur-lepidemie-de-bronchiolite-20251209_UQHA2BVS45AYNJUFRI74QHUZOM\/\"> de bronchiolite<\/a> se poursuivent dans tout l\u2019Hexagone, \u00e0 l\u2019exception de la Corse, fait savoir <a href=\"https:\/\/www.santepubliquefrance.fr\/maladies-et-traumatismes\/maladies-et-infections-respiratoires\/grippe\/documents\/bulletin-national\/infections-respiratoires-aigues-grippe-bronchiolite-covid-19-.-bulletin-du-10-decembre-2025\" target=\"_blank\" rel=\"noopener\" title=\"https:\/\/www.santepubliquefrance.fr\/maladies-et-traumatismes\/maladies-et-infections-respiratoires\/grippe\/documents\/bulletin-national\/infections-respiratoires-aigues-grippe-bronchiolite-covid-19-.-bulletin-du-10-decembre-2025\">Sant\u00e9 publique France<\/a> ce mercredi 10 d\u00e9cembre. Il se base sur les donn\u00e9es de la premi\u00e8re semaine de d\u00e9cembre. En outre-mer, Mayotte est en phase d\u2019\u00e9pid\u00e9mie pour la grippe, tandis que la Guadeloupe et la Martinique le sont pour la bronchiolite. Les indicateurs du Covid restent \u00abstables \u00e0 des niveaux faibles\u00bb, m\u00eame si le taux de d\u00e9tection du virus dans les eaux us\u00e9es a augment\u00e9 pour la deuxi\u00e8me semaine d\u2019affil\u00e9e.<\/p>\n<p class=\"sc-cPiKLX AiZTS text-element\">La circulation de la grippe, pr\u00e9coce cette ann\u00e9e et qui s\u2019annonce cors\u00e9e, continue de cro\u00eetre \u00abfortement\u00bb, rapporte ainsi l\u2019agence de sant\u00e9 publique. Les h\u00f4pitaux ont d\u00e9nombr\u00e9 6 060 passages aux urgences (ce qui correspond \u00e0 1,7 % du total, contre 0,8 % la semaine pr\u00e9c\u00e9dente) entre le 1er et 7 d\u00e9cembre. 983 personnes ont \u00e9t\u00e9 hospitalis\u00e9es, soit 1,4 % de l\u2019ensemble des hospitalisations (contre 0,7 % auparavant).<\/p>\n<p class=\"sc-cPiKLX AiZTS text-element\">Toutes les classes d\u2019\u00e2ges sont concern\u00e9es. Chez SOS M\u00e9decins, on observe \u00e9galement une hausse des consultations pour syndrome grippal. La trajectoire de l\u2019\u00e9pid\u00e9mie est \u00abcomparable \u00e0 ce qui a \u00e9t\u00e9 observ\u00e9 l\u2019ann\u00e9e derni\u00e8re \u00e0 la m\u00eame p\u00e9riode\u00bb, souligne Sant\u00e9 publique France. La saison derni\u00e8re, elle avait <a href=\"https:\/\/www.liberation.fr\/societe\/sante\/grippe-lepidemie-prend-encore-de-lampleur-avec-une-nette-augmentation-des-morts-20250116_EX5NHYSBAJEJNOUS2BT6V5R6EA\/?redirected=1\" target=\"_blank\" rel=\"noopener\" title=\"https:\/\/www.liberation.fr\/societe\/sante\/grippe-lepidemie-prend-encore-de-lampleur-avec-une-nette-augmentation-des-morts-20250116_EX5NHYSBAJEJNOUS2BT6V5R6EA\/?redirected=1\">\u00e9t\u00e9 longue, douze semaines, et particuli\u00e8rement s\u00e9v\u00e8re<\/a>.<\/p>\n<p class=\"sc-cPiKLX AiZTS text-element\">Quant \u00e0 la bronchiolite, <a href=\"https:\/\/www.liberation.fr\/societe\/sante\/bronchiolite-14-bebes-transferes-hors-dile-de-france-faute-de-place-dans-les-hopitaux-20251208_H24KSZ47SRDNJMRNB37QS75WMY\/\" target=\"_blank\" rel=\"noopener\" title=\"https:\/\/www.liberation.fr\/societe\/sante\/bronchiolite-14-bebes-transferes-hors-dile-de-france-faute-de-place-dans-les-hopitaux-20251208_H24KSZ47SRDNJMRNB37QS75WMY\/\">l\u2019\u00e9pid\u00e9mie se poursuit \u00e9galement<\/a>, m\u00eame si l\u2019activit\u00e9 rapport\u00e9e par SOS M\u00e9decins <a href=\"https:\/\/www.liberation.fr\/societe\/sante\/bronchiolite-14-bebes-transferes-hors-dile-de-france-faute-de-place-dans-les-hopitaux-20251208_H24KSZ47SRDNJMRNB37QS75WMY\/\" target=\"_blank\" rel=\"noopener\" title=\"https:\/\/www.liberation.fr\/societe\/sante\/bronchiolite-14-bebes-transferes-hors-dile-de-france-faute-de-place-dans-les-hopitaux-20251208_H24KSZ47SRDNJMRNB37QS75WMY\/\">et les h\u00f4pitaux<\/a> est stable par rapport \u00e0 la derni\u00e8re semaine de novembre. L\u2019infection respiratoire particuli\u00e8rement dangereuse pour les nourrissons concernait, chez les enfants de moins d\u2019un an, 20,8 % des passages aux urgences (3 010 b\u00e9b\u00e9s). 965 ont \u00e9t\u00e9 gard\u00e9s \u00e0 l\u2019h\u00f4pital (soit 35,9 % des hospitalisations des patients de cet \u00e2ge). Tout comme la grippe, la dynamique est \u00abtr\u00e8s similaire \u00e0 l\u2019ann\u00e9e derni\u00e8re\u00bb, d\u00e9crivait en d\u00e9but de semaine aupr\u00e8s de Lib\u00e9 Delphine Viriot, \u00e9pid\u00e9miologiste \u00e0 Sant\u00e9 publique France.<\/p>\n<p class=\"sc-cPiKLX AiZTS text-element\">M\u00eame chose pour l\u2019intensit\u00e9, \u00abfaible\u00bb : l\u2019\u00e9pid\u00e9mie n\u2019a pour le moment, comme la saison derni\u00e8re, rien \u00e0 voir avec l\u2019afflux de cas graves par exemple connu lors de l\u2019hiver 2022-2023. La \u00abstabilisation\u00bb de l\u2019activit\u00e9 se situe m\u00eame \u00ab\u00e0 un niveau l\u00e9g\u00e8rement inf\u00e9rieur \u00e0 celui de l\u2019ann\u00e9e pr\u00e9c\u00e9dente \u00e0 la m\u00eame p\u00e9riode\u00bb, rapporte l\u2019agence de sant\u00e9 publique.<\/p>\n<p class=\"sc-cPiKLX AiZTS text-element\">Pour parer ces deux \u00e9pid\u00e9mies, les autorit\u00e9s sanitaires misent sur la pr\u00e9vention, par les gestes barri\u00e8res et surtout les traitements pr\u00e9ventifs. Pour la grippe, la campagne de vaccination a d\u00e9but\u00e9 le 14 octobre en France m\u00e9tropolitaine, en particulier pour les personnes \u00e0 risque de formes graves. <a href=\"https:\/\/www.liberation.fr\/societe\/sante\/grippe-face-au-succes-de-la-vaccination-letat-debloque-des-doses-de-son-stock-strategique-20251129_DAB5ZIOYWJE2HMKM3LTF7ZEEBY\/\" target=\"_blank\" rel=\"noopener\" title=\"https:\/\/www.liberation.fr\/societe\/sante\/grippe-face-au-succes-de-la-vaccination-letat-debloque-des-doses-de-son-stock-strategique-20251129_DAB5ZIOYWJE2HMKM3LTF7ZEEBY\/\">La forte demande<\/a> a m\u00eame entra\u00een\u00e9 des alertes de pharmaciens fin novembre sur l\u2019\u00e9tat de leur stock. <a href=\"https:\/\/www.liberation.fr\/societe\/sante\/stephanie-rist-ministre-de-la-sante-il-ny-a-pas-de-tension-sur-les-vaccins-antigrippe-20251203_FD4UALEHD5FBFJAG6BMSURPOMA\/\" target=\"_blank\" rel=\"noopener\" title=\"https:\/\/www.liberation.fr\/societe\/sante\/stephanie-rist-ministre-de-la-sante-il-ny-a-pas-de-tension-sur-les-vaccins-antigrippe-20251203_FD4UALEHD5FBFJAG6BMSURPOMA\/\">Interrog\u00e9e par Lib\u00e9ration<\/a>, la ministre St\u00e9phanie Rist les a temp\u00e9r\u00e9s en assurant qu\u2019il n\u2019y avait pas de tension d\u2019approvisionnement et que l\u2019Etat lib\u00e9rerait des doses en cas de probl\u00e8me.<\/p>\n<p class=\"sc-cPiKLX AiZTS text-element\">Pour la bronchiolite, <a href=\"https:\/\/www.liberation.fr\/societe\/sante\/un-vrai-service-rendu-aux-enfants-les-pediatres-se-rejouissent-des-premiers-resultats-du-nouveau-traitement-preventif-contre-la-bronchiolite-20240426_IFUKXBGSHRC57NDVGPU2GKKNVQ\/\" target=\"_blank\" rel=\"noopener\" title=\"https:\/\/www.liberation.fr\/societe\/sante\/un-vrai-service-rendu-aux-enfants-les-pediatres-se-rejouissent-des-premiers-resultats-du-nouveau-traitement-preventif-contre-la-bronchiolite-20240426_IFUKXBGSHRC57NDVGPU2GKKNVQ\/\">deux options existent<\/a> : le <a href=\"https:\/\/www.liberation.fr\/societe\/sante\/bronchiolite-des-nourrissons-plusieurs-options-pour-une-nouvelle-campagne-dimmunisation-20240830_LCUIBFPZIFAJDP5JD2YUZIGOSQ\/\" target=\"_blank\" rel=\"noopener\" title=\"https:\/\/www.liberation.fr\/societe\/sante\/bronchiolite-des-nourrissons-plusieurs-options-pour-une-nouvelle-campagne-dimmunisation-20240830_LCUIBFPZIFAJDP5JD2YUZIGOSQ\/\">vaccin Abrysvo<\/a> propos\u00e9 depuis 2024 pour les femmes enceintes au huiti\u00e8me mois de grossesse, ou <a href=\"https:\/\/www.liberation.fr\/societe\/sante\/face-a-la-bronchiolite-des-nourrissons-le-pari-gagnant-de-lanticorps-monoclonal-beyfortus-20240426_WO5HYWG2Y5BGVOBCP6F3K3266U\/\" target=\"_blank\" rel=\"noopener\" title=\"https:\/\/www.liberation.fr\/societe\/sante\/face-a-la-bronchiolite-des-nourrissons-le-pari-gagnant-de-lanticorps-monoclonal-beyfortus-20240426_WO5HYWG2Y5BGVOBCP6F3K3266U\/\">le Beyfortus<\/a>, injection r\u00e9alisable d\u00e8s la maternit\u00e9 ou dans les cabinets de m\u00e9decins de ville. Dans les colonnes de Lib\u00e9ration, plusieurs professionnels de sant\u00e9 alertent tout de m\u00eame sur une communication insuffisante concernant les b\u00e9b\u00e9s n\u00e9s avant septembre : ces derniers peuvent encore recevoir une injection aupr\u00e8s de leur p\u00e9diatre ou m\u00e9decins g\u00e9n\u00e9ralistes et \u00eatre prot\u00e9g\u00e9s.<\/p>\n","protected":false},"excerpt":{"rendered":"A vos masques et mouchoirs. Les \u00e9pid\u00e9mies de grippe et de bronchiolite se poursuivent dans tout l\u2019Hexagone, \u00e0&hellip;\n","protected":false},"author":2,"featured_media":591166,"comment_status":"","ping_status":"","sticky":false,"template":"","format":"standard","meta":{"footnotes":""},"categories":[4],"tags":[11,1011,27,100,12,25],"class_list":{"0":"post-591165","1":"post","2":"type-post","3":"status-publish","4":"format-standard","5":"has-post-thumbnail","7":"category-france","8":"tag-actualites","9":"tag-fr","10":"tag-france","11":"tag-hopital","12":"tag-news","13":"tag-republique-francaise"},"share_on_mastodon":{"url":"https:\/\/pubeurope.com\/@fr\/115696517999281802","error":""},"_links":{"self":[{"href":"https:\/\/www.europesays.com\/fr\/wp-json\/wp\/v2\/posts\/591165","targetHints":{"allow":["GET"]}}],"collection":[{"href":"https:\/\/www.europesays.com\/fr\/wp-json\/wp\/v2\/posts"}],"about":[{"href":"https:\/\/www.europesays.com\/fr\/wp-json\/wp\/v2\/types\/post"}],"author":[{"embeddable":true,"href":"https:\/\/www.europesays.com\/fr\/wp-json\/wp\/v2\/users\/2"}],"replies":[{"embeddable":true,"href":"https:\/\/www.europesays.com\/fr\/wp-json\/wp\/v2\/comments?post=591165"}],"version-history":[{"count":0,"href":"https:\/\/www.europesays.com\/fr\/wp-json\/wp\/v2\/posts\/591165\/revisions"}],"wp:featuredmedia":[{"embeddable":true,"href":"https:\/\/www.europesays.com\/fr\/wp-json\/wp\/v2\/media\/591166"}],"wp:attachment":[{"href":"https:\/\/www.europesays.com\/fr\/wp-json\/wp\/v2\/media?parent=591165"}],"wp:term":[{"taxonomy":"category","embeddable":true,"href":"https:\/\/www.europesays.com\/fr\/wp-json\/wp\/v2\/categories?post=591165"},{"taxonomy":"post_tag","embeddable":true,"href":"https:\/\/www.europesays.com\/fr\/wp-json\/wp\/v2\/tags?post=591165"}],"curies":[{"name":"wp","href":"https:\/\/api.w.org\/{rel}","templated":true}]}}