{"id":591167,"date":"2025-12-10T17:45:24","date_gmt":"2025-12-10T17:45:24","guid":{"rendered":"https:\/\/www.europesays.com\/fr\/591167\/"},"modified":"2025-12-10T17:45:24","modified_gmt":"2025-12-10T17:45:24","slug":"trois-dynamiques-pour-un-objectif-la-carte-sur-le-pga-tour","status":"publish","type":"post","link":"https:\/\/www.europesays.com\/fr\/591167\/","title":{"rendered":"Trois dynamiques pour un objectif : la carte sur le PGA Tour"},"content":{"rendered":"<p>\t\t\t\t\t\t<img width=\"770\" height=\"556\" src=\"https:\/\/www.europesays.com\/fr\/wp-content\/uploads\/2025\/12\/amat-debove-gandon-770x556.jpg\" class=\"img-responsive wp-post-image\" alt=\"\" decoding=\"async\" fetchpriority=\"high\"  \/>\t\t\t\t\t<\/p>\n<p>\t\t\t\t\t\t Partager cet article <\/p>\n<p class=\"screen-reader-text juiz_sps_maybe_hidden_text\">Partager la publication \u00ab\u00a0Trois dynamiques pour un objectif : la carte sur le PGA Tour\u00a0\u00bb<\/p>\n<p><strong>Malgr\u00e9 des saisons 2025 bien diff\u00e9rentes, J\u00e9r\u00e9my Gandon, Quentin Debove et Bastien Amat sont r\u00e9unis \u00e0 Ponte Vedra Beach, en Floride, pour la derni\u00e8re \u00e9preuve des cartes du PGA Tour.<\/strong><\/p>\n<p><strong>N.C.<\/strong><\/p>\n<p>176 joueurs seront en course cette semaine pour obtenir leur droit de jeu sur le prestigieux <strong>PGA Tour<\/strong>. Ils sont en effet tous engag\u00e9s au<strong> Final Stage <\/strong>du<strong> PGA Tour Q-School<\/strong> avec un objectif : terminer dans le top 5 pour obtenir le pr\u00e9cieux s\u00e9same. Les 40 suivants recevront une cat\u00e9gorie plus ou moins importante sur le <strong>Korn Ferry Tour<\/strong>. Tous les autres participants auront un statut conditionnel sur la deuxi\u00e8me division US.<\/p>\n<p><a href=\"https:\/\/www.pgatour.com\/tournaments\/2025\/pga-tour-q-school-presented-by-korn-ferry\/R2025088\/tee-times\" target=\"_blank\" rel=\"noopener\">Retrouvez les horaires de d\u00e9parts<\/a><\/p>\n<p>L\u2019\u00e9preuve se d\u00e9roule sur 72 trous en rotation entre le <strong>Dye\u2019s Valley Course <\/strong>du<strong> TPC Sawgrass<\/strong> et le<strong> Sawgrass Country Club<\/strong> (deux fois chaque parcours), tous deux situ\u00e9s dans la banlieue de Jacksonville, en Floride, \u00e0 Ponte Vedra Beach.<\/p>\n<p>Trois Fran\u00e7ais sont au d\u00e9part : <strong>J\u00e9r\u00e9my Gandon<\/strong>, gr\u00e2ce \u00e0 sa belle saison sur le <strong>Korn Ferry Tour<\/strong>, <strong>Bastien Amat <\/strong>et<strong> Quentin Debove<\/strong>,<a href=\"https:\/\/www.golfplanete.com\/actualites\/quentin-debove-et-bastien-amat-peuvent-rever-du-pga-tour\/\" target=\"_blank\" rel=\"noopener\"> qualifi\u00e9s la semaine pass\u00e9e via le Second Stage<\/a>. Si les deux premiers ont pu jouer un tournoi sur le grand circuit une seule fois dans leur carri\u00e8re (plus un U.S. Open pour Amat), aucun des trois n\u2019a d\u00e9j\u00e0 \u00e9t\u00e9 membre du <strong>PGA Tour.<\/strong><\/p>\n<p>J\u00e9r\u00e9my Gandon (29 ans)<\/p>\n<p>Le Dr\u00f4mois n\u2019a rien \u00e0 perdre cette semaine en Floride puisqu\u2019il dispose d\u00e9j\u00e0 d\u2019une pleine cat\u00e9gorie sur le <strong>Korn Ferry Tour<\/strong> pour 2026. Ce n\u2019\u00e9tait pas gagn\u00e9 l\u2019an dernier puisqu\u2019il avait pris la 50e place de cette m\u00eame \u00e9preuve. Mais le Fran\u00e7ais exil\u00e9 \u00e0 Dallas (Texas) a totalement chang\u00e9 de cat\u00e9gorie en remportant le <strong>Club Car Championship<\/strong> en d\u00e9but de saison alors qu\u2019il ne disposait que d\u2019un droit de jeu partiel.<\/p>\n<blockquote data-service=\"instagram\" data-category=\"marketing\" data-placeholder-image=\"https:\/\/www.golfplanete.com\/wp-content\/plugins\/complianz-gdpr-premium\/assets\/images\/placeholders\/instagram-minimal.jpg\" class=\"cmplz-placeholder-element instagram-media\" style=\"background: #FFF; border: 0; border-radius: 3px; box-shadow: 0 0 1px 0 rgba(0,0,0,0.5),0 1px 10px 0 rgba(0,0,0,0.15); margin: 1px; max-width: 540px; min-width: 326px; padding: 0; width: calc(100% - 2px);\" data-instgrm-captioned=\"\" data-instgrm-permalink=\"https:\/\/www.instagram.com\/p\/DIIC9xjuwnH\/?utm_source=ig_embed&amp;utm_campaign=loading\" data-instgrm-version=\"14\"><p>&#13;<br \/>\n&#13;\n<\/p><\/blockquote>\n<p>&#13;<br \/>\n\u00ab Je me sens plut\u00f4t bien, tous les compartiments du jeu sont plut\u00f4t pas mal, partage celui qui a particip\u00e9 \u00e0 deux reprises \u00e0 l\u2019<strong>Eisenhower Trophy<\/strong>. Je pense que la pression montera au fil des jours si je suis en course pour le top 5. Je commence l\u2019\u00e9preuve avec l\u2019attente de faire un bon tournoi, mais la pression n\u2019a rien \u00e0 voir avec toutes les Q-Schools que j\u2019ai pu conna\u00eetre dans ma carri\u00e8re. \u00bb<\/p>\n<p>Quasiment dans le top 20 du g\u00e9n\u00e9ral toute la saison, il est finalement sorti des places synonymes de mont\u00e9e sur le <strong>PGA Tour<\/strong> dans les derni\u00e8res semaines de la saison malgr\u00e9 une bonne 12e place lors de la finale. \u00ab Je n\u2019ai pas fait de tournoi depuis la finale du Korn Ferry Tour d\u00e9but octobre \u00e0 part le Monday Qualifier du <strong>RSM Classic<\/strong> il y a presque un mois. J\u2019ai fait une petite p\u00e9riode off apr\u00e8s la fin de saison o\u00f9 je suis rentr\u00e9 en France durant une dizaine de jours. Et depuis ce Monday Qualifier, j\u2019ai repris l\u2019entra\u00eenement \u00e0 forte intensit\u00e9. J\u2019esp\u00e8re que je ne serai pas trop rouill\u00e9 \u00e0 ce niveau-l\u00e0 mais j\u2019ai fait quand m\u00eame quelques parties \u00e0 Dallas pour me mettre en bonne situation avant ce tournoi. \u00bb<\/p>\n<p>Quentin Debove (24 ans)<\/p>\n<p>Le jeune joueur du <strong>PIGC<\/strong> surfe sur une tr\u00e8s belle dynamique. Apr\u00e8s une saison accomplie sur l\u2019<strong>Alps Tour<\/strong> qui lui a ouvert les portes de l\u2019<strong>HotelPlanner Tour<\/strong>\u00a0(ex-<strong>Challenge Tour<\/strong>), il est all\u00e9 chercher encore mieux lors de la finales des Cartes du Tour europ\u00e9en avec une cat\u00e9gorie 18 sur le <strong>DP World Tour<\/strong> d\u00e9croch\u00e9e le 12 novembre dernier. C\u2019est donc tout en confiance qu\u2019il se pr\u00e9sente ce jeudi en Floride.<\/p>\n<p>\u00ab Tout va bien, il y a beaucoup de vent, \u00e7a va \u00eatre dur mais \u00e7a va \u00eatre cool, se r\u00e9jouit celui qui a \u00e9tudi\u00e9 en Floride. C\u2019est un peu un bonus ce tournoi, ce n\u2019\u00e9tait pas forc\u00e9ment pr\u00e9vu de venir. Ce n\u2019\u00e9tait pas s\u00fbr que je rentre en Afrique du Sud, donc c\u2019est pour \u00e7a que j\u2019ai jou\u00e9 le Stage II la semaine pass\u00e9e. C\u2019est bien car \u00e7a peut me faire de belles options. C\u2019est difficile de savoir ce qu\u2019il va se passer mais le but, c\u2019est gagner. \u00bb<\/p>\n<p>En cas d\u2019obtention d\u2019une cat\u00e9gorie de jeu sur le <strong>Korn Ferry Tour<\/strong>, celui qui r\u00eave de retourner vivre aux USA ne s\u2019interdit pas d\u2019alterner entre les deux circuits. \u00ab Je ne sais pas vraiment, je pense que je rentrerais peut-\u00eatre plus facilement dans certains tournois du Korn Ferry Tour que du DP World Tour, r\u00e9fl\u00e9chit-il. \u00c7a ne serait pas impossible de jouer un peu des deux au d\u00e9but et de voir comment \u00e7a se passe. \u00bb<\/p>\n<p>Bastien Amat (23 ans)<\/p>\n<p>L\u2019ancien \u00e9tudiant \u00e0 l\u2019universit\u00e9 du Nouveau-Mexique est dans une situation bien plus d\u00e9licate. En effet, il a r\u00e9ussi l\u2019exploit de gagner sa carte dans l\u2019\u00e9lite europ\u00e9enne d\u00e8s la sortie de ses \u00e9tudes fin 2024. Mais le Tricolore a connu une saison 2025 bien difficile avec seulement deux cuts en treize tournois jou\u00e9s sur le DP World Tour.<\/p>\n<p>Pour 2026, il est un peu dos au mur avec seulement une cat\u00e9gorie partielle sur l\u2019HotelPlanner Tour. Le joueur rattach\u00e9 \u00e0 l\u2019<strong>Evian Resort GC<\/strong> s\u2019est toutefois rassur\u00e9 en se qualifiant pour cette finale avec un dernier tour de haute vol\u00e9e. Il a \u00e9galement prouv\u00e9 l\u2019an dernier qu\u2019il savait g\u00e9rer la pression des cartes.<\/p>\n<p>\u00a9Johan Rynners \/ GETTY IMAGES EUROPE \/ Getty Images via AFP<\/p>\n<p>\t\t\t<script async src=\"\/\/www.instagram.com\/embed.js\"><\/script><\/p>\n","protected":false},"excerpt":{"rendered":"Partager cet article Partager la publication \u00ab\u00a0Trois dynamiques pour un objectif : la carte sur le PGA Tour\u00a0\u00bb&hellip;\n","protected":false},"author":2,"featured_media":591168,"comment_status":"","ping_status":"","sticky":false,"template":"","format":"standard","meta":{"footnotes":""},"categories":[1418],"tags":[1011,27,1472,60],"class_list":{"0":"post-591167","1":"post","2":"type-post","3":"status-publish","4":"format-standard","5":"has-post-thumbnail","7":"category-golf","8":"tag-fr","9":"tag-france","10":"tag-golf","11":"tag-sports"},"share_on_mastodon":{"url":"","error":""},"_links":{"self":[{"href":"https:\/\/www.europesays.com\/fr\/wp-json\/wp\/v2\/posts\/591167","targetHints":{"allow":["GET"]}}],"collection":[{"href":"https:\/\/www.europesays.com\/fr\/wp-json\/wp\/v2\/posts"}],"about":[{"href":"https:\/\/www.europesays.com\/fr\/wp-json\/wp\/v2\/types\/post"}],"author":[{"embeddable":true,"href":"https:\/\/www.europesays.com\/fr\/wp-json\/wp\/v2\/users\/2"}],"replies":[{"embeddable":true,"href":"https:\/\/www.europesays.com\/fr\/wp-json\/wp\/v2\/comments?post=591167"}],"version-history":[{"count":0,"href":"https:\/\/www.europesays.com\/fr\/wp-json\/wp\/v2\/posts\/591167\/revisions"}],"wp:featuredmedia":[{"embeddable":true,"href":"https:\/\/www.europesays.com\/fr\/wp-json\/wp\/v2\/media\/591168"}],"wp:attachment":[{"href":"https:\/\/www.europesays.com\/fr\/wp-json\/wp\/v2\/media?parent=591167"}],"wp:term":[{"taxonomy":"category","embeddable":true,"href":"https:\/\/www.europesays.com\/fr\/wp-json\/wp\/v2\/categories?post=591167"},{"taxonomy":"post_tag","embeddable":true,"href":"https:\/\/www.europesays.com\/fr\/wp-json\/wp\/v2\/tags?post=591167"}],"curies":[{"name":"wp","href":"https:\/\/api.w.org\/{rel}","templated":true}]}}