{"id":591169,"date":"2025-12-10T17:46:37","date_gmt":"2025-12-10T17:46:37","guid":{"rendered":"https:\/\/www.europesays.com\/fr\/591169\/"},"modified":"2025-12-10T17:46:37","modified_gmt":"2025-12-10T17:46:37","slug":"montpellier-repasse-en-tete-de-la-marmara-spikeligue-apres-sa-victoire-face-a-saint-nazaire-lequipe","status":"publish","type":"post","link":"https:\/\/www.europesays.com\/fr\/591169\/","title":{"rendered":"Montpellier repasse en t\u00eate de la Marmara SpikeLigue apr\u00e8s sa victoire face \u00e0 Saint-Nazaire &#8211; L&#039;\u00c9quipe"},"content":{"rendered":"<ol>\n<li><a href=\"https:\/\/news.google.com\/rss\/articles\/CBMi3gFBVV95cUxQNER2ZkRfY1UxVG5PZE1GTDhvTlRXVDVKc3BBMTVCN0RZTzBDZ1JuMzRfckdSZTgwM2JBQ200VFI5VnVMUjZmOXpIT05MeWVpakxlRnN6SXVBWlhGMVdLWTJ4c3VzakpWMmJMZXhrY0JPMjV2Vlp0aFRJQWlpenlPNk04ZTJtWE04UlZXeHFFRkNlaW5mQmItRjJ3SDlxRkNZbE0xRllQVlVWdTQydmVmZ29sTHEwRnYzS2FaUFczUXZJc3hkUHFTcnVKazA2MlVISTdjcllTQ0wwM0hRTHc?oc=5\" target=\"_blank\" rel=\"noopener\">Montpellier repasse en t\u00eate de la Marmara SpikeLigue apr\u00e8s sa victoire face \u00e0 Saint-Nazaire<\/a>&nbsp;&nbsp;L&rsquo;\u00c9quipe<\/li>\n<li><a href=\"https:\/\/news.google.com\/rss\/articles\/CBMid0FVX3lxTE9NREFIRXRFNWNMa1BKRm1zdGxSX1ZwT1dLMzFsaWxQc21zcGpEY2poZ1lidGEwcXc1TzNobWxoV21mQXYtUldpQUR4Z0tBc0s0Z1B4WkxDanZtNzk2ZU5BMHd4b3VFckJXaFpRbFYxbU9BeTFQOC1n?oc=5\" target=\"_blank\" rel=\"noopener\">Un trio et un VMA tout neuf<\/a>&nbsp;&nbsp;Ligue Nationale de Volley<\/li>\n<li><a href=\"https:\/\/news.google.com\/rss\/articles\/CBMilwJBVV95cUxNU2paVFA4Vm5tbkUySHFrUXVnUTVDSEZRaXBaZTZzbm5qaUpRTEI4em9RRWpzQ1F5QUpDNnBua09qem5LUXRWbGNiNC1xX2lXVWZVdUFManJtbnpIMjNUeC1zMDhSVmZ5cVFkcXN0a0JIcThJSDY3M056WG1lejMtUFB1eTJCOUhpSVctZW1JdmdoQTViOHEtbnZHRXRZYU1nQUlxS0pzZ2N2T0VCTUtPU1YyekpBSFRfZkFKR1FHcmRyT2xESXluYU0tbEgydzRxeWNyUkZEbmdpRklPbDdvdkotR0RLWEVmclgwNWlrUVhWRjFrNjh1YVhENnNhVThJbVhNektLWFNlTGFaMDB0dktybHEzMGM?oc=5\" target=\"_blank\" rel=\"noopener\">Volley-ball. Ligue A : \u00c0 l\u2019ext\u00e9rieur, l\u2019histoire se r\u00e9p\u00e8te pour Saint-Nazaire, d\u00e9fait \u00e0 Montpellier<\/a>&nbsp;&nbsp;Ouest-France<\/li>\n<li><a href=\"https:\/\/news.google.com\/rss\/articles\/CBMijwFBVV95cUxONlAtTWZ4d3hEdGIzNU9aX0lHWENnQ3dza0FlVWJjZ3JRU0JFR3B1d3pXV3ROUlNvLXNzZnhISGxvYUpwQXpSdGd6ak9FQVVlaF9melNVcnl3QTZCRnNqcXJCcnpiQlV6Z3hiOFJIcU1KemxiLV9JUjRldENqSG1ydUdfLUZLLXl4VWkzdzhTaw?oc=5\" target=\"_blank\" rel=\"noopener\">MSL : le trio de t\u00eate se d\u00e9tache<\/a>&nbsp;&nbsp;lanouvellerepublique.fr<\/li>\n<li><a href=\"https:\/\/news.google.com\/rss\/articles\/CBMi_gFBVV95cUxQeENTaWhteDBPODhzRnpEOW9BLTFScS1ZRlVTN1VuZzVKOVhwYWFKQUZWTzlnMno0X1BROUtsYnZwd2tKMFZlMTU0cHY2dWxiVUJsMU1na3lsa09XcldzN2ZFd1hpeVQ5ZW9ERWZ0OFNxTTRvSmdESDJPalU0RGNXSkRYQXR5UmpzYlNFaWtUZW9GMFE4bHZ5c1lCZlVlMi1JZ1NyWWdlN2l5VmJwTFlLS2RSTzZ3dUlYVUJmVVQyMENzUTJIVHQtZVZIMlpYWEVEcG5SaWRMZHViQ2ZVRzJMUUlNUGpjMTRmX1hCaHdOLVFROTFScE5XS2hCU3VkZw?oc=5\" target=\"_blank\" rel=\"noopener\">Volley-ball. Ligue A : le Saint-Nazaire VBA, battu \u00e0 Montpellier, n\u2019y arrive toujours pas \u00e0 l\u2019ext\u00e9rieur<\/a>&nbsp;&nbsp;Maville<\/li>\n<\/ol>\n","protected":false},"excerpt":{"rendered":"Montpellier repasse en t\u00eate de la Marmara SpikeLigue apr\u00e8s sa victoire face \u00e0 Saint-Nazaire&nbsp;&nbsp;L&rsquo;\u00c9quipe Un trio et un&hellip;\n","protected":false},"author":2,"featured_media":591170,"comment_status":"","ping_status":"","sticky":false,"template":"","format":"standard","meta":{"footnotes":""},"categories":[1417],"tags":[1011,27,60,1470,1469],"class_list":{"0":"post-591169","1":"post","2":"type-post","3":"status-publish","4":"format-standard","5":"has-post-thumbnail","7":"category-volley","8":"tag-fr","9":"tag-france","10":"tag-sports","11":"tag-volley","12":"tag-volleyball"},"share_on_mastodon":{"url":"https:\/\/pubeurope.com\/@fr\/115696525890292007","error":""},"_links":{"self":[{"href":"https:\/\/www.europesays.com\/fr\/wp-json\/wp\/v2\/posts\/591169","targetHints":{"allow":["GET"]}}],"collection":[{"href":"https:\/\/www.europesays.com\/fr\/wp-json\/wp\/v2\/posts"}],"about":[{"href":"https:\/\/www.europesays.com\/fr\/wp-json\/wp\/v2\/types\/post"}],"author":[{"embeddable":true,"href":"https:\/\/www.europesays.com\/fr\/wp-json\/wp\/v2\/users\/2"}],"replies":[{"embeddable":true,"href":"https:\/\/www.europesays.com\/fr\/wp-json\/wp\/v2\/comments?post=591169"}],"version-history":[{"count":0,"href":"https:\/\/www.europesays.com\/fr\/wp-json\/wp\/v2\/posts\/591169\/revisions"}],"wp:featuredmedia":[{"embeddable":true,"href":"https:\/\/www.europesays.com\/fr\/wp-json\/wp\/v2\/media\/591170"}],"wp:attachment":[{"href":"https:\/\/www.europesays.com\/fr\/wp-json\/wp\/v2\/media?parent=591169"}],"wp:term":[{"taxonomy":"category","embeddable":true,"href":"https:\/\/www.europesays.com\/fr\/wp-json\/wp\/v2\/categories?post=591169"},{"taxonomy":"post_tag","embeddable":true,"href":"https:\/\/www.europesays.com\/fr\/wp-json\/wp\/v2\/tags?post=591169"}],"curies":[{"name":"wp","href":"https:\/\/api.w.org\/{rel}","templated":true}]}}