{"id":591178,"date":"2025-12-10T17:55:18","date_gmt":"2025-12-10T17:55:18","guid":{"rendered":"https:\/\/www.europesays.com\/fr\/591178\/"},"modified":"2025-12-10T17:55:18","modified_gmt":"2025-12-10T17:55:18","slug":"sophie-kinsella-lautrice-de-la-saga-a-succes-confessions-dune-accro-au-shopping-est-morte-a-55-ans","status":"publish","type":"post","link":"https:\/\/www.europesays.com\/fr\/591178\/","title":{"rendered":"Sophie Kinsella, l\u2019autrice de la saga \u00e0 succ\u00e8s \u00ab\u00a0Confessions d\u2019une accro au shopping\u00a0\u00bb, est morte \u00e0 55 ans"},"content":{"rendered":"<p>C\u2019est une disparition qui va affecter de nombreux lecteurs\u00a0: l\u2019autrice britannique <a href=\"https:\/\/www.20minutes.fr\/arts-stars\/livres\/4103988-20240801-lu-burn-out-estival-tres-drole-sophie-kinsella\" class=\"c-link c-link--is-underlined\" target=\"_blank\" rel=\"noopener\">Sophie Kinsella<\/a>, connue pour sa saga <a href=\"https:\/\/www.20minutes.fr\/arts-stars\/livres\/2909515-20201116-l-accro-du-shopping-fete-noel\" class=\"c-link c-link--is-underlined\" target=\"_blank\" rel=\"noopener\">Confessions d\u2019une accro au shopping<\/a> \u2013 en partie port\u00e9e \u00e0 l\u2019\u00e9cran \u2013, est d\u00e9c\u00e9d\u00e9e \u00e0 l\u2019\u00e2ge de 55 ans, a annonc\u00e9 sa famille mercredi 10\u00a0d\u00e9cembre 2025.<\/p>\n<\/p>\n<p>Sophie Kinsella, de son vrai nom Madeleine Sophie Townley (puis Wickham, depuis son mariage), avait annonc\u00e9 en\u00a02024 \u00eatre atteinte depuis\u00a02022 d\u2019un <a href=\"https:\/\/www.20minutes.fr\/sante\/4143317-20250315-cancer-pourquoi-tumeurs-agressives-cerveau-progressent-elles-plus-chez-jeunes\" class=\"c-link c-link--is-underlined\" target=\"_blank\" rel=\"noopener\">glioblastome multiforme<\/a>, un <a href=\"https:\/\/www.20minutes.fr\/sante\/4156865-20250604-medecin-suggere-changer-lunettes-soulager-douleurs-meurt-tumeur-cerveau\" class=\"c-link c-link--is-underlined\" target=\"_blank\" rel=\"noopener\">cancer du cerveau<\/a> contre lequel elle suivait un traitement de chimioth\u00e9rapie et radioth\u00e9rapie.<\/p>\n<p>Sa famille boulevers\u00e9e, mais reconnaissante<\/p>\n<p>Elle \u00ab\u00a0s\u2019est \u00e9teinte paisiblement, apr\u00e8s avoir pass\u00e9 ses derniers jours entour\u00e9e de ses v\u00e9ritables amours\u00a0: sa famille, la musique, la chaleur humaine, No\u00ebl et la joie\u00a0\u00bb, a d\u00e9clar\u00e9 sa famille dans un texte diffus\u00e9 sur <a href=\"https:\/\/www.20minutes.fr\/high-tech\/instagram\/\" class=\"c-link c-link--is-underlined\" target=\"_blank\" rel=\"noopener\">Instagram<\/a>.<\/p>\n<p class=\"mb-m@xs text-l@xs\">En cliquant sur\u00ab J\u2019accepte \u00bb, vous acceptez le d\u00e9p\u00f4t de cookies par des services externes et aurez ainsi acc\u00e8s aux contenus de nos partenaires.<\/p>\n<p class=\"mb-xl@xs text-s@xs\">Plus d\u2019informations sur la page<a href=\"https:\/\/www.20minutes.fr\/gestion-cookies\" class=\"mx-xxs@xs color-ultramarine\" target=\"_blank\" rel=\"noopener\">Politique de gestion des cookies<\/a><\/p>\n<p>J\u2019accepte<\/p>\n<p>\u00ab\u00a0Malgr\u00e9 sa maladie, qu\u2019elle a support\u00e9e avec un courage inimaginable, Sophie se consid\u00e9rait comme vraiment chanceuse d\u2019avoir une famille et des amis aussi merveilleux et d\u2019avoir connu un succ\u00e8s extraordinaire dans <a href=\"https:\/\/www.20minutes.fr\/arts-stars\/culture\/2932803-20201219-feel-good-lecteurs-plateforme-litteraire-selectionne-huit-romans-reconfortants\" class=\"c-link c-link--is-underlined\" target=\"_blank\" rel=\"noopener\">sa carri\u00e8re d\u2019\u00e9crivain<\/a>\u00a0\u00bb, poursuit le texte.<\/p>\n<p>Un succ\u00e8s populaire<\/p>\n<p>Au total, ses livres se sont vendus \u00e0 plus de 50\u00a0millions d\u2019exemplaires dans plus de 60 pays, et ont \u00e9t\u00e9 traduits dans plus de 40 langues. Mais c\u2019est incontestablement sa saga Confessions d\u2019une accro au Shopping, comptant neuf livres, qui a fait d\u2019elle une figure incontournable de la litt\u00e9rature britannique.<\/p>\n<p>Au fil des livres, les lecteurs y ont suivi la vie tr\u00e9pidante de Becky Bloomwood, une journaliste financi\u00e8re, acheteuse compulsive\u2026 qui n\u2019arrive pas \u00e0 ma\u00eetriser ses d\u00e9penses. Les deux premiers livres de la saga ont \u00e9t\u00e9 port\u00e9s \u00e0 l\u2019\u00e9cran en\u00a02009, avec l\u2019actrice australienne <a href=\"https:\/\/www.20minutes.fr\/arts-stars\/people\/4130715-20241228-2024-annee-couples-plus-solides-craque\" class=\"c-link c-link--is-underlined\" target=\"_blank\" rel=\"noopener\">Isla Fisher<\/a> dans le r\u00f4le principal.<\/p>\n<p><a href=\"https:\/\/www.20minutes.fr\/livres\/litterature\/\" class=\"c-link c-btn c-btn--primary\" target=\"_blank\" rel=\"noopener\">Notre dossier \u00ab Litt\u00e9rature \u00bb<\/a><\/p>\n<p>Ses romans ont souvent \u00e9t\u00e9 qualifi\u00e9s de \u00ab\u00a0l\u00e9gers\u00a0\u00bb par la critique. Son dernier opus, <a href=\"https:\/\/www.lisez.com\/livres\/comment-tu-te-sens\/9782714404695\" rel=\"nofollow noopener\" target=\"_blank\" class=\"c-link c-link--is-underlined\">Comment tu te sens\u00a0?<\/a>, publi\u00e9 en fran\u00e7ais en juin\u00a02025, est son \u0153uvre la plus personnelle, car en partie autobiographique, dans laquelle elle revient notamment sur sa maladie.<\/p>\n","protected":false},"excerpt":{"rendered":"C\u2019est une disparition qui va affecter de nombreux lecteurs\u00a0: l\u2019autrice britannique Sophie Kinsella, connue pour sa saga Confessions&hellip;\n","protected":false},"author":2,"featured_media":591179,"comment_status":"","ping_status":"","sticky":false,"template":"","format":"standard","meta":{"footnotes":""},"categories":[1359],"tags":[101,49942,3983,58,2005,59,1011,27,5072,2440,1351,1380,973,2004,10600],"class_list":{"0":"post-591178","1":"post","2":"type-post","3":"status-publish","4":"format-standard","5":"has-post-thumbnail","7":"category-people","8":"tag-cancer","9":"tag-chimiotherapie","10":"tag-deces","11":"tag-divertissement","12":"tag-ecrivain","13":"tag-entertainment","14":"tag-fr","15":"tag-france","16":"tag-grande-bretagne","17":"tag-instagram","18":"tag-litterature","19":"tag-livres","20":"tag-people","21":"tag-roman","22":"tag-saga"},"share_on_mastodon":{"url":"https:\/\/pubeurope.com\/@fr\/115696561364016361","error":""},"_links":{"self":[{"href":"https:\/\/www.europesays.com\/fr\/wp-json\/wp\/v2\/posts\/591178","targetHints":{"allow":["GET"]}}],"collection":[{"href":"https:\/\/www.europesays.com\/fr\/wp-json\/wp\/v2\/posts"}],"about":[{"href":"https:\/\/www.europesays.com\/fr\/wp-json\/wp\/v2\/types\/post"}],"author":[{"embeddable":true,"href":"https:\/\/www.europesays.com\/fr\/wp-json\/wp\/v2\/users\/2"}],"replies":[{"embeddable":true,"href":"https:\/\/www.europesays.com\/fr\/wp-json\/wp\/v2\/comments?post=591178"}],"version-history":[{"count":0,"href":"https:\/\/www.europesays.com\/fr\/wp-json\/wp\/v2\/posts\/591178\/revisions"}],"wp:featuredmedia":[{"embeddable":true,"href":"https:\/\/www.europesays.com\/fr\/wp-json\/wp\/v2\/media\/591179"}],"wp:attachment":[{"href":"https:\/\/www.europesays.com\/fr\/wp-json\/wp\/v2\/media?parent=591178"}],"wp:term":[{"taxonomy":"category","embeddable":true,"href":"https:\/\/www.europesays.com\/fr\/wp-json\/wp\/v2\/categories?post=591178"},{"taxonomy":"post_tag","embeddable":true,"href":"https:\/\/www.europesays.com\/fr\/wp-json\/wp\/v2\/tags?post=591178"}],"curies":[{"name":"wp","href":"https:\/\/api.w.org\/{rel}","templated":true}]}}