{"id":59118,"date":"2025-04-28T11:33:12","date_gmt":"2025-04-28T11:33:12","guid":{"rendered":"https:\/\/www.europesays.com\/fr\/59118\/"},"modified":"2025-04-28T11:33:12","modified_gmt":"2025-04-28T11:33:12","slug":"un-accident-devant-la-pyro-a-la-seyne-provoque-de-forts-ralentissements-ce-lundi-matin","status":"publish","type":"post","link":"https:\/\/www.europesays.com\/fr\/59118\/","title":{"rendered":"Un accident devant la Pyro \u00e0 La Seyne provoque de forts ralentissements ce lundi matin"},"content":{"rendered":"<p>Un accident s\u2019est produit \u00e0 La Seyne ce lundi matin, vers 8h40, sur l\u2019avenue Aristide-Briand, devant la Pyrotechnique, dans le sens Toulon-La Seyne.<\/p>\n<p>La collision a impliqu\u00e9 une voiture et un deux-roues, dont le conducteur serait l\u00e9g\u00e8rement bless\u00e9. Des pompiers se sont rendus sur place pour le prendre en charge. La circulation est fortement perturb\u00e9e dans ce secteur.<\/p>\n","protected":false},"excerpt":{"rendered":"Un accident s\u2019est produit \u00e0 La Seyne ce lundi matin, vers 8h40, sur l\u2019avenue Aristide-Briand, devant la Pyrotechnique,&hellip;\n","protected":false},"author":2,"featured_media":59119,"comment_status":"","ping_status":"","sticky":false,"template":"","format":"standard","meta":{"footnotes":""},"categories":[9619],"tags":[1111,11,1777,674,118,1011,27,12,882,25,2310,3366],"class_list":{"0":"post-59118","1":"post","2":"type-post","3":"status-publish","4":"format-standard","5":"has-post-thumbnail","7":"category-toulon","8":"tag-actu","9":"tag-actualites","10":"tag-eu","11":"tag-europe","12":"tag-faits-divers","13":"tag-fr","14":"tag-france","15":"tag-news","16":"tag-provence-alpes-cote-dazur","17":"tag-republique-francaise","18":"tag-toulon","19":"tag-vie-locale"},"share_on_mastodon":{"url":"https:\/\/pubeurope.com\/@fr\/114415377019231854","error":""},"_links":{"self":[{"href":"https:\/\/www.europesays.com\/fr\/wp-json\/wp\/v2\/posts\/59118","targetHints":{"allow":["GET"]}}],"collection":[{"href":"https:\/\/www.europesays.com\/fr\/wp-json\/wp\/v2\/posts"}],"about":[{"href":"https:\/\/www.europesays.com\/fr\/wp-json\/wp\/v2\/types\/post"}],"author":[{"embeddable":true,"href":"https:\/\/www.europesays.com\/fr\/wp-json\/wp\/v2\/users\/2"}],"replies":[{"embeddable":true,"href":"https:\/\/www.europesays.com\/fr\/wp-json\/wp\/v2\/comments?post=59118"}],"version-history":[{"count":0,"href":"https:\/\/www.europesays.com\/fr\/wp-json\/wp\/v2\/posts\/59118\/revisions"}],"wp:featuredmedia":[{"embeddable":true,"href":"https:\/\/www.europesays.com\/fr\/wp-json\/wp\/v2\/media\/59119"}],"wp:attachment":[{"href":"https:\/\/www.europesays.com\/fr\/wp-json\/wp\/v2\/media?parent=59118"}],"wp:term":[{"taxonomy":"category","embeddable":true,"href":"https:\/\/www.europesays.com\/fr\/wp-json\/wp\/v2\/categories?post=59118"},{"taxonomy":"post_tag","embeddable":true,"href":"https:\/\/www.europesays.com\/fr\/wp-json\/wp\/v2\/tags?post=59118"}],"curies":[{"name":"wp","href":"https:\/\/api.w.org\/{rel}","templated":true}]}}