{"id":591180,"date":"2025-12-10T17:56:14","date_gmt":"2025-12-10T17:56:14","guid":{"rendered":"https:\/\/www.europesays.com\/fr\/591180\/"},"modified":"2025-12-10T17:56:14","modified_gmt":"2025-12-10T17:56:14","slug":"si-votre-salon-ressemble-encore-a-ca-ces-10-tendances-vont-disparaitre-plus-vite-que-prevu","status":"publish","type":"post","link":"https:\/\/www.europesays.com\/fr\/591180\/","title":{"rendered":"si votre salon ressemble encore \u00e0 \u00e7a, ces 10 tendances vont dispara\u00eetre plus vite que pr\u00e9vu"},"content":{"rendered":"<p>En quelques saisons, les salons tendance se sont fig\u00e9s : murs<br \/>\nblancs, meubles clones, cuisines ouvertes.<\/p>\n<p>Interrog\u00e9 sur les <strong>tendances d\u00e9co 2026<\/strong> qui<br \/>\ns\u2019essoufflent, Alberto Torres r\u00e9sume : \u00ab\u00a0On laisse derri\u00e8re soi le<br \/>\nfast decor, le fait de changer la d\u00e9coration chaque saison avec des<br \/>\nobjets low-cost car l\u00a0\u00bbimpact environnemental et la fatigue visuelle<br \/>\nont r\u00e9veill\u00e9 les consciences. On remet en question la consommation<br \/>\ncompulsive et la d\u00e9coration comme vitrine. En 2026, on mise sur<br \/>\nmoins de pi\u00e8ces mais significatives, durables et connect\u00e9es \u00e0 leurs<br \/>\nhabitants\u00a0\u00bb, explique-t-il \u00e0 Elmueble.<\/p>\n<p>Tendances d\u00e9co 2026 : adieu au beige<\/p>\n<p>Les int\u00e9rieurs enti\u00e8rement neutres arrivent en t\u00eate des<br \/>\nrenoncements. \u00ab\u00a0La couleur, les imprim\u00e9s et les textures reviennent<br \/>\ndans nos projets\u00a0\u00bb, confirme le studio Saco Espacios, interrog\u00e9 par<br \/>\nElmueble. Alberto Torres constate lui aussi que \u00ab\u00a0Les espaces<br \/>\nimpeccables avec des murs blancs et une d\u00e9coration r\u00e9duite au<br \/>\nminimum sont laiss\u00e9s de c\u00f4t\u00e9, car l&rsquo;exc\u00e8s de blanc et l&rsquo;obsession<br \/>\ndu &lsquo;moins est plus&rsquo; ont fini par g\u00e9n\u00e9rer des foyers froids,<br \/>\ncliniques et \u00e9motionnellement neutres\u00a0\u00bb.<\/p>\n<p>Pour Rosa Lahoz, \u00ab\u00a0Les espaces trop neutres perdent de la force<br \/>\nface \u00e0 des foyers plus expressifs, chaleureux et avec leur propre<br \/>\nnarration\u00a0\u00bb, analyse-t-elle pour Elmueble. Les <strong>tendances<br \/>\nd\u00e9co 2026<\/strong> s\u2019\u00e9loignent de ces d\u00e9cors clon\u00e9s dans toutesles<br \/>\npi\u00e8ces.<\/p>\n<p>Tendances d\u00e9co 2026 : open space et lames<\/p>\n<p>\u00ab\u00a0On va continuer \u00e0 les voir, mais ils ne sont plus la ressource<br \/>\nimp\u00e9rative pour r\u00e9soudre n&rsquo;importe quel mur ou division d&rsquo;espaces\u00a0\u00bb,<br \/>\nexpliquent les d\u00e9corateurs de Saco Espacios \u00e0 propos des<br \/>\ns\u00e9parateurs en lames de bois. Pia Capdevila applique la m\u00eame<br \/>\nprudence aux formes : \u00ab\u00a0Nous laissons derri\u00e8re nous les canap\u00e9s et<br \/>\nle mobilier bubble ou excessivement arrondi. Ils sont per\u00e7us comme<br \/>\ndes pi\u00e8ces peu intemporelles\u00a0\u00bb, affirme Pia Capdevila, interrog\u00e9e<br \/>\npar Elmueble, tandis que Saco Espacios pr\u00e9vient que \u00ab\u00a0Le ch\u00eane, qui<br \/>\na \u00e9t\u00e9 un grand alli\u00e9 jusqu&rsquo;\u00e0 pr\u00e9sent, devra rivaliser avec des tons<br \/>\nplus sombres comme le noyer\u00a0\u00bb.<\/p>\n<p>Sur les plans d&rsquo;<strong>open space<\/strong> totalement ouverts,<br \/>\nAlberto Torres rappelle que \u00ab\u00a0La pand\u00e9mie nous a appris la valeur<br \/>\ndes espaces intimes et la neuroarchitecture le confirme : tous les<br \/>\ncerveaux ne fonctionnent pas bien dans des espaces ouverts. En<br \/>\n2026, nous, les architectes d&rsquo;int\u00e9rieur, recherchons un \u00e9quilibre,<br \/>\nde la fluidit\u00e9 oui, mais aussi du refuge\u00a0\u00bb. Rosa Lahoz en d\u00e9duit que<br \/>\n\u00ab\u00a0On redonne \u00e0 la cuisine son r\u00f4le d&rsquo;espace avec une identit\u00e9<br \/>\npropre, avec des fa\u00e7ades protagonistes, des couleurs intenses et<br \/>\ndes meubles sp\u00e9ciaux\u00a0\u00bb.<\/p>\n<p>Tendances d\u00e9co 2026 : textures et<br \/>\nmeubles<\/p>\n<p>Rosa Lahoz assure que \u00ab\u00a0Les plafonds et murs lisses, sans<br \/>\npr\u00e9sence de textures, n&rsquo;apportent ni profondeur ni caract\u00e8re.<br \/>\nL&rsquo;int\u00e9r\u00eat pour les papiers peints narratifs et les micro-textures<br \/>\naugmente\u00a0\u00bb. Pour Pia Capdevila, ce virage mati\u00e8re se r\u00e9sume<br \/>\nsimplement : \u00ab\u00a0On privil\u00e9gie le naturel et la texture\u00a0\u00bb. Sur le plan<br \/>\ndes styles, Alberto Torres vise directement le <strong>style<br \/>\nscandinave<\/strong> g\u00e9n\u00e9rique : \u00ab\u00a0Les meubles fonctionnels, les tons<br \/>\nclairs, le bois clair et les textiles neutres sont laiss\u00e9s de c\u00f4t\u00e9,<br \/>\ncar le probl\u00e8me n&rsquo;est pas le style scandinave, mais son<br \/>\ninterpr\u00e9tation massive et d\u00e9contextualis\u00e9e. En 2026, il est per\u00e7u<br \/>\ncomme une esth\u00e9tique plate, r\u00e9p\u00e9titive et globalis\u00e9e. Il ne se<br \/>\nconnecte pas aux racines ni \u00e0 l&rsquo;identit\u00e9 du lieu o\u00f9 l&rsquo;on vit\u00a0\u00bb.<\/p>\n<p>Alberto Torres d\u00e9crit aussi ce qui change c\u00f4t\u00e9 mobilier : \u00ab\u00a0Nous<br \/>\nabandonnons ces pi\u00e8ces sculpturales et voyantes mais peu<br \/>\nfonctionnelles, car la beaut\u00e9 sans ergonomie devient obsol\u00e8te. Le<br \/>\nclient post-2025 privil\u00e9gie le confort sensoriel et \u00e9motionnel.<br \/>\nL&rsquo;esth\u00e9tique sans exp\u00e9rience ne se vend plus. Les int\u00e9rieurs se<br \/>\ncon\u00e7oivent d\u00e9sormais pour embrasser, pas pour impressionner\u00a0\u00bb,<br \/>\ninsiste-t-il. C\u00f4t\u00e9 technique, Pia Capdevila annonce que \u00ab\u00a0Nous<br \/>\nlaissons derri\u00e8re nous l&rsquo;\u00e9clairage fond\u00e9 sur des plafonds remplis<br \/>\nde spots. Il est remplac\u00e9 par une lumi\u00e8re plus ambiante et des<br \/>\ncouches d&rsquo;\u00e9clairage\u00a0\u00bb, et Rosa Lahoz conclut : \u00ab\u00a0Nous disons adieu<br \/>\naux salles de bains en s\u00e9rie, sans identit\u00e9. En 2026, elles<br \/>\narrivent plus \u00e9motionnelles et domestiques, avec des lavabos<br \/>\nsculpturaux, des marbres patin\u00e9s, de v\u00e9ritables \u00e9l\u00e9ments<br \/>\nd\u00e9coratifs, de l&rsquo;art, des fleurs, des luminaires<br \/>\nsinguliers&#8230;\u00a0\u00bb.<\/p>\n","protected":false},"excerpt":{"rendered":"En quelques saisons, les salons tendance se sont fig\u00e9s : murs blancs, meubles clones, cuisines ouvertes. Interrog\u00e9 sur&hellip;\n","protected":false},"author":2,"featured_media":591181,"comment_status":"","ping_status":"","sticky":false,"template":"","format":"standard","meta":{"footnotes":""},"categories":[1358],"tags":[5481,5734,13041,1348,1384,1385,1433,9122,4397,1386,38575,58,1440,59,1011,27,378,9622,746,70431,6290,21187,18830,29533,3974,15161],"class_list":{"0":"post-591180","1":"post","2":"type-post","3":"status-publish","4":"format-standard","5":"has-post-thumbnail","7":"category-arts-et-design","8":"tag-5481","9":"tag-5734","10":"tag-a","11":"tag-arts","12":"tag-arts-and-design","13":"tag-arts-et-design","14":"tag-ca","15":"tag-ces","16":"tag-decoration","17":"tag-design","18":"tag-disparaitre","19":"tag-divertissement","20":"tag-encore","21":"tag-entertainment","22":"tag-fr","23":"tag-france","24":"tag-plus","25":"tag-prevu","26":"tag-que","27":"tag-ressemble","28":"tag-salon","29":"tag-si","30":"tag-tendances","31":"tag-vite","32":"tag-vont","33":"tag-votre"},"share_on_mastodon":{"url":"https:\/\/pubeurope.com\/@fr\/115696565163103404","error":""},"_links":{"self":[{"href":"https:\/\/www.europesays.com\/fr\/wp-json\/wp\/v2\/posts\/591180","targetHints":{"allow":["GET"]}}],"collection":[{"href":"https:\/\/www.europesays.com\/fr\/wp-json\/wp\/v2\/posts"}],"about":[{"href":"https:\/\/www.europesays.com\/fr\/wp-json\/wp\/v2\/types\/post"}],"author":[{"embeddable":true,"href":"https:\/\/www.europesays.com\/fr\/wp-json\/wp\/v2\/users\/2"}],"replies":[{"embeddable":true,"href":"https:\/\/www.europesays.com\/fr\/wp-json\/wp\/v2\/comments?post=591180"}],"version-history":[{"count":0,"href":"https:\/\/www.europesays.com\/fr\/wp-json\/wp\/v2\/posts\/591180\/revisions"}],"wp:featuredmedia":[{"embeddable":true,"href":"https:\/\/www.europesays.com\/fr\/wp-json\/wp\/v2\/media\/591181"}],"wp:attachment":[{"href":"https:\/\/www.europesays.com\/fr\/wp-json\/wp\/v2\/media?parent=591180"}],"wp:term":[{"taxonomy":"category","embeddable":true,"href":"https:\/\/www.europesays.com\/fr\/wp-json\/wp\/v2\/categories?post=591180"},{"taxonomy":"post_tag","embeddable":true,"href":"https:\/\/www.europesays.com\/fr\/wp-json\/wp\/v2\/tags?post=591180"}],"curies":[{"name":"wp","href":"https:\/\/api.w.org\/{rel}","templated":true}]}}