{"id":591182,"date":"2025-12-10T17:58:17","date_gmt":"2025-12-10T17:58:17","guid":{"rendered":"https:\/\/www.europesays.com\/fr\/591182\/"},"modified":"2025-12-10T17:58:17","modified_gmt":"2025-12-10T17:58:17","slug":"france-televisions-nest-pas-rentable-et-delphine-ernotte-lassume-devant-la-commission-denquete-sur-laudiovisuel-public","status":"publish","type":"post","link":"https:\/\/www.europesays.com\/fr\/591182\/","title":{"rendered":"France T\u00e9l\u00e9visions \u00ab\u00a0n\u2019est pas rentable\u00a0\u00bb et Delphine Ernotte l\u2019assume devant la commission d\u2019enqu\u00eate sur l\u2019audiovisuel public"},"content":{"rendered":"\n<p class=\"asset asset-text\" data-lettrine=\"\">\u00ab\u00a0Imaginer notre disparition, c\u2019est projeter une soci\u00e9t\u00e9 o\u00f9 tout un pan de notre culture commune sera effac\u00e9 d\u2019un trait de plume.\u00a0\u00bb <a href=\"https:\/\/www.huffingtonpost.fr\/medias\/article\/delphine-ernotte-prete-a-faire-sauter-cette-regle-de-la-tele-mais-pas-pour-france-tv_258051.html\" target=\"_blank\" rel=\"noopener\">Delphine Ernotte <\/a>\u00e9tait auditionn\u00e9e ce mercredi 10\u00a0d\u00e9cembre devant l\u2019Assembl\u00e9e Nationale dans le cadre de la<a href=\"https:\/\/www.huffingtonpost.fr\/politique\/article\/affaire-legrand-cohen-chaines-bollore-le-patron-de-l-arcom-bouscule-en-commission-d-enquete_257537.html\" target=\"_blank\" rel=\"noopener\"> Commission d\u2019enqu\u00eate<\/a> sur \u00ab\u00a0la neutralit\u00e9, le fonctionnement et le financement des m\u00e9dias publics\u00a0\u00bb. La pr\u00e9sidente de France T\u00e9l\u00e9visions a \u00e9t\u00e9 invit\u00e9e \u00e0 r\u00e9pondre sur des manquements suppos\u00e9s \u00e0 la neutralit\u00e9, mais aussi le financement des cha\u00eenes.<\/p>\n<p class=\"asset asset-text\">Dans son long propos liminaire Delphine Ernotte a notamment mis en avant la gestion financi\u00e8re \u00ab\u00a0exemplaire\u00a0\u00bb de ces derni\u00e8res ann\u00e9es, ainsi que les chiffres de 2025\u00a0publi\u00e9s dans le rapport de la Cour des comptes, et notamment un d\u00e9ficit important. Pour clore son propos, Delphine Ernotte a choisi d\u2019\u00e9num\u00e9rer une grande quantit\u00e9 de programmes produits et diffus\u00e9s par France T\u00e9l\u00e9visions, qui n\u2019ont dans les faits, pas permis de remplir les caisses de l\u2019entreprise. Des programmes et missions \u00ab\u00a0essentielles\u00a0\u00bb et pour lesquelles, d\u2019apr\u00e8s la pr\u00e9sidente de France T\u00e9l\u00e9visions, le groupe est si cher aux Fran\u00e7ais.<\/p>\n<p class=\"asset asset-text\">Delphine Ernotte a ainsi \u00e9voqu\u00e9, <strong>comme vous pouvez le voir dans la vid\u00e9o en t\u00eate de notre article<\/strong>, successivement les 30\u00a0heures d\u2019antenne en direct du T\u00e9l\u00e9thon \u00ab\u00a0une prouesse t\u00e9l\u00e9 unique au monde\u00a0\u00bb, le d\u00e9bat sur les 120\u00a0ans de la loi sur la la\u00efcit\u00e9 pr\u00e9sent\u00e9 par Caroline Roux le 9\u00a0d\u00e9cembre, les journaux nationaux et locaux et \u00ab\u00a080\u00a0heures d\u2019information par jour\u00a0\u00bb. Elle a \u00e9galement mentionn\u00e9 \u00ab\u00a0les \u00e9missions d\u2019investigation ind\u00e9pendantes de toute pression politique ou \u00e9conomique\u00a0\u00bb comme Compl\u00e9ment d\u2019enqu\u00eate, mais aussi les \u00e9missions religieuses, les investissements dans le documentaire le cin\u00e9ma et la s\u00e9rie ou encore les captations de concert et de th\u00e9\u00e2tre. Elle a cl\u00f4tur\u00e9 cette liste en parlant des \u00ab\u00a0offres \u00e9ducatives pour les jeunes publics\u00a0\u00bb et de la diffusion \u00ab\u00a0gratuitement et sans abonnement\u00a0\u00bb du Tour de France.<\/p>\n<p class=\"asset asset-text\">Delphine Ernotte est ensuite revenue sur le sujet qui a initi\u00e9 la commission d\u2019enqu\u00eate\u00a0: la neutralit\u00e9. Elle a notamment expliqu\u00e9 comment, suite aux diverses pol\u00e9miques (que sont l\u2019affaire Legrand-Cohen, les erreurs commises dans les journaux t\u00e9l\u00e9vis\u00e9s ou le sujet du Compl\u00e9ment d\u2019enqu\u00eate d\u00e9di\u00e9 \u00e0 CNews dont une information principale sur le pluralisme de la cha\u00eene avait \u00e9t\u00e9 ni\u00e9e par l\u2019Arcom avant la diffusion), la direction de France T\u00e9l\u00e9visions a choisi de r\u00e9agir. France T\u00e9l\u00e9visions a notamment d\u00e9cid\u00e9 de renforcer la v\u00e9rification du respect de la d\u00e9ontologie dans les programmes produits en interne ou en externe par le biais de comit\u00e9s et d\u2019audits r\u00e9guliers.<\/p>\n<p class=\"asset asset-text\">Pour rappel, la commission d\u2019enqu\u00eate command\u00e9e \u00e0 la demande du groupe Union des droites pour la R\u00e9publique (UDR) pr\u00e9sid\u00e9 par \u00c9ric Ciotti doit poursuivre ses auditions jusqu\u2019\u00e0 la mi-avril. Le mercredi 17\u00a0d\u00e9cembre, ce sera au tour de Sibyle Veil, la pr\u00e9sidente de Radio France de r\u00e9pondre aux questions de la commission pr\u00e9sid\u00e9e par le d\u00e9put\u00e9 Horizons J\u00e9r\u00e9mie Patrier-Leitus, et du d\u00e9put\u00e9 UDR Charles Alloncle qui en est le rapporteur.<\/p>\n","protected":false},"excerpt":{"rendered":"\u00ab\u00a0Imaginer notre disparition, c\u2019est projeter une soci\u00e9t\u00e9 o\u00f9 tout un pan de notre culture commune sera effac\u00e9 d\u2019un&hellip;\n","protected":false},"author":2,"featured_media":591183,"comment_status":"","ping_status":"","sticky":false,"template":"","format":"standard","meta":{"footnotes":""},"categories":[1356],"tags":[5137,11255,58,59,1011,27,2400,500,252,1364],"class_list":{"0":"post-591182","1":"post","2":"type-post","3":"status-publish","4":"format-standard","5":"has-post-thumbnail","7":"category-television","8":"tag-commission-denquete","9":"tag-delphine-ernotte","10":"tag-divertissement","11":"tag-entertainment","12":"tag-fr","13":"tag-france","14":"tag-france-televisions","15":"tag-medias","16":"tag-television","17":"tag-tv"},"share_on_mastodon":{"url":"https:\/\/pubeurope.com\/@fr\/115696573147046651","error":""},"_links":{"self":[{"href":"https:\/\/www.europesays.com\/fr\/wp-json\/wp\/v2\/posts\/591182","targetHints":{"allow":["GET"]}}],"collection":[{"href":"https:\/\/www.europesays.com\/fr\/wp-json\/wp\/v2\/posts"}],"about":[{"href":"https:\/\/www.europesays.com\/fr\/wp-json\/wp\/v2\/types\/post"}],"author":[{"embeddable":true,"href":"https:\/\/www.europesays.com\/fr\/wp-json\/wp\/v2\/users\/2"}],"replies":[{"embeddable":true,"href":"https:\/\/www.europesays.com\/fr\/wp-json\/wp\/v2\/comments?post=591182"}],"version-history":[{"count":0,"href":"https:\/\/www.europesays.com\/fr\/wp-json\/wp\/v2\/posts\/591182\/revisions"}],"wp:featuredmedia":[{"embeddable":true,"href":"https:\/\/www.europesays.com\/fr\/wp-json\/wp\/v2\/media\/591183"}],"wp:attachment":[{"href":"https:\/\/www.europesays.com\/fr\/wp-json\/wp\/v2\/media?parent=591182"}],"wp:term":[{"taxonomy":"category","embeddable":true,"href":"https:\/\/www.europesays.com\/fr\/wp-json\/wp\/v2\/categories?post=591182"},{"taxonomy":"post_tag","embeddable":true,"href":"https:\/\/www.europesays.com\/fr\/wp-json\/wp\/v2\/tags?post=591182"}],"curies":[{"name":"wp","href":"https:\/\/api.w.org\/{rel}","templated":true}]}}