{"id":591198,"date":"2025-12-10T18:07:28","date_gmt":"2025-12-10T18:07:28","guid":{"rendered":"https:\/\/www.europesays.com\/fr\/591198\/"},"modified":"2025-12-10T18:07:28","modified_gmt":"2025-12-10T18:07:28","slug":"on-fait-le-point-sur-le-conflit-entre-la-thailande-et-le-cambodge","status":"publish","type":"post","link":"https:\/\/www.europesays.com\/fr\/591198\/","title":{"rendered":"On fait le point sur le conflit entre la Tha\u00eflande et le Cambodge"},"content":{"rendered":"<p>C\u2019est le nouveau chapitre d\u2019un diff\u00e9rend de longue date entre les deux pays. Des affrontements meurtriers \u00e0 la fronti\u00e8re entre la <a href=\"https:\/\/www.20minutes.fr\/monde\/thailande\/\" class=\"c-link c-link--is-underlined\" target=\"_blank\" rel=\"noopener\">Tha\u00eflande <\/a>et le <a href=\"https:\/\/www.20minutes.fr\/monde\/cambodge\/\" class=\"c-link c-link--is-underlined\" target=\"_blank\" rel=\"noopener\">Cambodge <\/a>ont provoqu\u00e9 depuis le d\u00e9but de la semaine l\u2019\u00e9vacuation d\u2019un demi-million de personnes. La querelle entre les deux voisins <a href=\"https:\/\/www.20minutes.fr\/dossier\/asie\" class=\"c-link c-link--is-underlined\" target=\"_blank\" rel=\"noopener\">d\u2019Asie <\/a>du Sud-Est, qui se disputent des morceaux de territoire autour de plusieurs temples anciens, s\u2019est transform\u00e9e en champ de mines g\u00e9opolitique, avec le pr\u00e9sident am\u00e9ricain Donald Trump en conciliateur. On vous r\u00e9sume la situation\u00a0:<\/p>\n<\/p>\n<p>De quoi on parle\u00a0?<\/p>\n<p>Le diff\u00e9rend territorial dure depuis des d\u00e9cennies, mais la derni\u00e8re flamb\u00e9e de tensions a d\u00e9but\u00e9 en mai par un \u00e9change de tirs qui a co\u00fbt\u00e9 la vie \u00e0 un soldat cambodgien. Les deux camps ont affirm\u00e9 avoir agi en situation de l\u00e9gitime d\u00e9fense, avant de prendre des mesures de repr\u00e9sailles. La Tha\u00eflande a restreint les passages frontaliers et le Cambodge suspendu certaines importations.<\/p>\n<p>La fuite d\u2019une conversation t\u00e9l\u00e9phonique priv\u00e9e entre la Premi\u00e8re ministre tha\u00eflandaise de l\u2019\u00e9poque Paetongtarn Shinawatra et l\u2019influent ancien dirigeant cambodgien Hun Sen a provoqu\u00e9 une crise politique en Tha\u00eflande et un changement de gouvernement.<\/p>\n<p>Que s\u2019est-il pass\u00e9 en juillet\u00a0?<\/p>\n<p>Les tensions ont d\u00e9g\u00e9n\u00e9r\u00e9 en conflit ouvert en juillet. Le Cambodge a tir\u00e9 des roquettes sur la Tha\u00eflande, tandis que des avions F16 tha\u00eflandais frappaient des cibles militaires cambodgiennes pr\u00e8s de deux temples historiques situ\u00e9s \u00e0 la fronti\u00e8re. Cinq jours de combats, dont <a href=\"https:\/\/www.20minutes.fr\/monde\/bangkok\/\" class=\"c-link c-link--is-underlined\" target=\"_blank\" rel=\"noopener\">Bangkok<\/a> et Phnom Penh se sont rejet\u00e9 la responsabilit\u00e9, ont fait 43 morts et contraint environ 300.000 personnes \u00e0 \u00e9vacuer.<\/p>\n<p>Les deux parties sont convenues fin juillet d\u2019un cessez-le-feu, n\u00e9goci\u00e9 par les <a href=\"https:\/\/www.20minutes.fr\/monde\/etats-unis\/\" class=\"c-link c-link--is-underlined\" target=\"_blank\" rel=\"noopener\">Etats-Unis<\/a>, la Chine et la <a href=\"https:\/\/www.20minutes.fr\/dossier\/malaisie\" class=\"c-link c-link--is-underlined\" target=\"_blank\" rel=\"noopener\">Malaisie<\/a>, pays assurant la pr\u00e9sidence tournante de l\u2019Association des nations d\u2019Asie du Sud-Est (<a href=\"https:\/\/www.20minutes.fr\/monde\/asean\/\" class=\"c-link c-link--is-underlined\" target=\"_blank\" rel=\"noopener\">Asean<\/a>). Le 26 octobre, les dirigeants tha\u00eflandais et cambodgien ont cosign\u00e9 un accord de cessez-le-feu avec le pr\u00e9sident am\u00e9ricain Donald Trump, qui a mis en avant de nouveaux accords commerciaux avec les deux pays apr\u00e8s cette d\u00e9cision.<\/p>\n<p>Pourquoi le cessez-le-feu n\u2019a pas tenu\u00a0?<\/p>\n<p>Le cessez-le-feu fragile n\u2019a tenu que quelques semaines, jusqu\u2019en novembre. La Tha\u00eflande l\u2019a suspendu apr\u00e8s que plusieurs de ses soldats ont \u00e9t\u00e9 bless\u00e9s par des mines terrestres, pos\u00e9es r\u00e9cemment, selon des observateurs internationaux. D\u2019intenses affrontements ont repris le 7\u00a0d\u00e9cembre \u00e0 la fronti\u00e8re et chaque camp a une nouvelle fois accus\u00e9 l\u2019autre d\u2019en \u00eatre \u00e0 l\u2019origine.<\/p>\n<p>Au moins 14 personnes, dont neuf civils cambodgiens et cinq soldats tha\u00eflandais, ont \u00e9t\u00e9 tu\u00e9es, selon les autorit\u00e9s. Et plus d\u2019un demi-million de personnes ont \u00e9vacu\u00e9 les r\u00e9gions frontali\u00e8res, o\u00f9 avions, drones et chars sont \u00e0 la man\u0153uvre.<\/p>\n<p>Quelles sont les r\u00e9actions diplomatiques\u00a0?<\/p>\n<p>Le secr\u00e9taire g\u00e9n\u00e9ral de l\u2019ONU Antonio Guterres et la Chine, qui entretient des liens \u00e9troits avec les deux pays asiatiques, ont respectivement appel\u00e9 \u00e0 la \u00ab\u00a0d\u00e9sescalade\u00a0\u00bb et \u00e0 \u00ab\u00a0faire preuve de retenue\u00a0\u00bb. Donald Trump a lanc\u00e9 mardi soir lors d\u2019un rassemblement devant ses partisans en Pennsylvanie qu\u2019il comptait \u00ab\u00a0passer un coup de fil\u00a0\u00bb mercredi aux dirigeants tha\u00eflandais et cambodgien pour leur demander de cesser les hostilit\u00e9s. Le conflit est l\u2019un de ceux que le <a href=\"https:\/\/www.20minutes.fr\/dossier\/president\" class=\"c-link c-link--is-underlined\" target=\"_blank\" rel=\"noopener\">pr\u00e9sident<\/a> am\u00e9ricain affirme avoir contribu\u00e9 \u00e0 r\u00e9soudre.<\/p>\n<p>D\u2019o\u00f9 viennent ces tensions\u00a0?<\/p>\n<p>La fronti\u00e8re de 800 kilom\u00e8tres entre les deux royaumes d\u2019Asie du Sud-est a \u00e9t\u00e9 largement trac\u00e9e durant l\u2019occupation fran\u00e7aise de l\u2019Indochine entre\u00a01863 et le milieu des ann\u00e9es\u00a01950. Pendant la Seconde Guerre mondiale, la Tha\u00eflande a acquis certains territoires cambodgiens qu\u2019elle convoitait, mais a \u00e9t\u00e9 contrainte de les restituer \u00e0 la France en\u00a01946.<\/p>\n<p>Le renversement du r\u00e9gime communiste des Khmers rouges en\u00a01979 a encore brouill\u00e9 les limites, ses derniers membres ayant trouv\u00e9 refuge le long de la frontali\u00e8re tha\u00eflandaise, poreuse \u00e0 toutes sortes de trafics. Des dizaines de kilom\u00e8tres restent contest\u00e9s et des affrontements militaires ont \u00e9clat\u00e9 en\u00a02008 autour du temple de Preah Vihear, vieux de 900 ans et inscrit au patrimoine mondial de l\u2019Unesco. Des violences sporadiques entre\u00a02008 et\u00a02011 ont provoqu\u00e9 la mort d\u2019au moins 28 personnes et le d\u00e9placement de dizaines de milliers d\u2019autres.<\/p>\n","protected":false},"excerpt":{"rendered":"C\u2019est le nouveau chapitre d\u2019un diff\u00e9rend de longue date entre les deux pays. Des affrontements meurtriers \u00e0 la&hellip;\n","protected":false},"author":2,"featured_media":591199,"comment_status":"","ping_status":"","sticky":false,"template":"","format":"standard","meta":{"footnotes":""},"categories":[5],"tags":[47,11,45792,9265,309,75,1011,27,13704,14,10681,74,12,3521,7438,935,38440,1684,12077,28],"class_list":{"0":"post-591198","1":"post","2":"type-post","3":"status-publish","4":"format-standard","5":"has-post-thumbnail","7":"category-international","8":"tag-actualite","9":"tag-actualites","10":"tag-antonio-guterres","11":"tag-cambodge","12":"tag-chine","13":"tag-donald-trump","14":"tag-fr","15":"tag-france","16":"tag-indochine","17":"tag-international","18":"tag-khmers-rouges","19":"tag-monde","20":"tag-news","21":"tag-onu","22":"tag-pennsylvanie","23":"tag-seconde-guerre-mondiale","24":"tag-temple","25":"tag-thailande","26":"tag-unesco","27":"tag-world"},"share_on_mastodon":{"url":"https:\/\/pubeurope.com\/@fr\/115696608550069582","error":""},"_links":{"self":[{"href":"https:\/\/www.europesays.com\/fr\/wp-json\/wp\/v2\/posts\/591198","targetHints":{"allow":["GET"]}}],"collection":[{"href":"https:\/\/www.europesays.com\/fr\/wp-json\/wp\/v2\/posts"}],"about":[{"href":"https:\/\/www.europesays.com\/fr\/wp-json\/wp\/v2\/types\/post"}],"author":[{"embeddable":true,"href":"https:\/\/www.europesays.com\/fr\/wp-json\/wp\/v2\/users\/2"}],"replies":[{"embeddable":true,"href":"https:\/\/www.europesays.com\/fr\/wp-json\/wp\/v2\/comments?post=591198"}],"version-history":[{"count":0,"href":"https:\/\/www.europesays.com\/fr\/wp-json\/wp\/v2\/posts\/591198\/revisions"}],"wp:featuredmedia":[{"embeddable":true,"href":"https:\/\/www.europesays.com\/fr\/wp-json\/wp\/v2\/media\/591199"}],"wp:attachment":[{"href":"https:\/\/www.europesays.com\/fr\/wp-json\/wp\/v2\/media?parent=591198"}],"wp:term":[{"taxonomy":"category","embeddable":true,"href":"https:\/\/www.europesays.com\/fr\/wp-json\/wp\/v2\/categories?post=591198"},{"taxonomy":"post_tag","embeddable":true,"href":"https:\/\/www.europesays.com\/fr\/wp-json\/wp\/v2\/tags?post=591198"}],"curies":[{"name":"wp","href":"https:\/\/api.w.org\/{rel}","templated":true}]}}