{"id":5912,"date":"2025-04-06T18:10:10","date_gmt":"2025-04-06T18:10:10","guid":{"rendered":"https:\/\/www.europesays.com\/fr\/5912\/"},"modified":"2025-04-06T18:10:10","modified_gmt":"2025-04-06T18:10:10","slug":"vingt-sept-ans-apres-la-mort-de-son-bebe-la-mere-de-baby-callum-echappe-a-la-prison-2","status":"publish","type":"post","link":"https:\/\/www.europesays.com\/fr\/5912\/","title":{"rendered":"Vingt-sept ans apr\u00e8s la mort de son b\u00e9b\u00e9, la m\u00e8re de \u00ab\u00a0Baby Callum\u00a0\u00bb \u00e9chappe \u00e0 la prison"},"content":{"rendered":"<p>C\u2019est un \u00ab\u00a0cold-case\u00a0\u00bb vieux de vingt-sept ans que la police anglaise vient d\u2019\u00e9lucider. Depuis\u00a01998 et la d\u00e9couverte d\u2019un nourrisson mort dans des sacs-poubelles de la ville de Warrington, entre Liverpool et Manchester, les enqu\u00eateurs du comt\u00e9 de Cheshire <a href=\"https:\/\/www.20minutes.fr\/monde\/royaume-uni\/4086893-20240417-royaume-uni-vingt-six-ans-apres-mysterieuse-affaire-meurtre-baby-callum-rebondit\" class=\"color-ultramarine c-link\" rel=\"nofollow noopener\" target=\"_blank\">cherchaient \u00e0 identifier les parents du b\u00e9b\u00e9<\/a>. Ils y \u00e9taient parvenus en\u00a02023 gr\u00e2ce aux progr\u00e8s scientifiques, qui avaient permis d\u2019identifier l\u2019ADN de l\u2019un des parents de l\u2019enfant. <a href=\"https:\/\/www.cheshire.police.uk\/news\/cheshire\/news\/articles\/2025\/4\/woman-sentenced-for-manslaughter-of-baby-in-warrington-in-1998\/\" rel=\"nofollow noopener\" target=\"_blank\" class=\"color-ultramarine c-link\">D\u2019apr\u00e8s la police locale<\/a>, l\u2019un des deux profils ADN avait \u00e9t\u00e9 ajout\u00e9 \u00e0 la base de donn\u00e9es nationale, permettant de retrouver les parents.<\/p>\n<p>Le b\u00e9b\u00e9 avait \u00e9t\u00e9 retrouv\u00e9 le 14\u00a0mars 1998 par un promeneur dans des sacs-poubelle abandonn\u00e9s dans une zone bois\u00e9e de Warrington (<a href=\"https:\/\/www.20minutes.fr\/monde\/royaume-uni\/\" class=\"color-ultramarine c-link\" rel=\"nofollow noopener\" target=\"_blank\">Royaume-Uni<\/a>). Des lambeaux de tissus avaient \u00e9t\u00e9 d\u00e9couverts dans la bouche et la gorge du b\u00e9b\u00e9, qui \u00e9tait mort \u00e9touff\u00e9. L\u2019enfant, n\u00e9 \u00e0 terme, n\u2019\u00e9tait alors \u00e2g\u00e9 que de quelques jours. Dans l\u2019incapacit\u00e9 de l\u2019identifier malgr\u00e9 d\u2019intenses recherches et une longue enqu\u00eate de quartier, la police locale avait baptis\u00e9 l\u2019enfant \u00ab\u00a0Baby Callum\u00a0\u00bb, du nom du quartier de Callands dans lequel il avait \u00e9t\u00e9 d\u00e9couvert.<\/p>\n<\/p>\n<p>Une enqu\u00eate pour meurtre avait \u00e9t\u00e9 ouverte et un grand nombre de personnes avaient d\u00fb fournir leur ADN. \u00ab\u00a0Aucun n\u2019avait permis d\u2019\u00e9tablir de correspondance\u00a0\u00bb, explique la police du Cheshire. A plusieurs reprises et pendant plusieurs ann\u00e9es, les enqu\u00eateurs avaient lanc\u00e9 des appels dans les m\u00e9dias. En vain.<\/p>\n<p>Le p\u00e8re n\u2019\u00e9tait pas au courant de la grossesse<\/p>\n<p>Il aura fallu attendre 2022 et la relance de l\u2019enqu\u00eate par le service \u00ab\u00a0cold-case\u00a0\u00bb pour que les investigations se r\u00e9v\u00e8lent fructueuses. Le p\u00e8re et la m\u00e8re du b\u00e9b\u00e9 avaient \u00e9t\u00e9 <a href=\"https:\/\/www.theguardian.com\/uk-news\/2024\/apr\/15\/woman-charged-with-of-baby-found-in-warrington-woodland-in-1998\" rel=\"nofollow noopener\" target=\"_blank\" class=\"color-ultramarine c-link\">interpell\u00e9s le 28\u00a0juillet 2023 avant d\u2019\u00eatre lib\u00e9r\u00e9s sous caution<\/a>. Le p\u00e8re de l\u2019enfant avait \u00e9t\u00e9 innocent\u00e9 \u00ab\u00a0\u00e9tant donn\u00e9 qu\u2019il n\u2019\u00e9tait pas au courant de la grossesse, de la naissance ou du d\u00e9c\u00e8s qui a suivi\u00a0\u00bb, explique la police. La m\u00e8re, aujourd\u2019hui \u00e2g\u00e9e de 55 ans, a quant \u00e0 elle \u00e9t\u00e9 inculp\u00e9e de meurtre et de tentative de dissimulation d\u2019un enfant. Elle a reconnu avoir accouch\u00e9 \u00e0 son domicile puis s\u2019\u00eatre d\u00e9barrass\u00e9 de l\u2019enfant.<\/p>\n<p>Devant la cour criminelle de Liverpool, elle avait plaid\u00e9 coupable et accept\u00e9 la condamnation \u00e0 deux ans de prison avec sursis prononc\u00e9s \u00e0 son encontre. \u00ab\u00a0Nous continuerons \u00e0 nous souvenir de Callum, tout comme tous ceux qui ont \u00e9t\u00e9 touch\u00e9s par cette affaire tragique\u00a0\u00bb, a comment\u00e9 l\u2019inspectrice Hannah Friend.<\/p>\n","protected":false},"excerpt":{"rendered":"C\u2019est un \u00ab\u00a0cold-case\u00a0\u00bb vieux de vingt-sept ans que la police anglaise vient d\u2019\u00e9lucider. Depuis\u00a01998 et la d\u00e9couverte d\u2019un&hellip;\n","protected":false},"author":2,"featured_media":5913,"comment_status":"","ping_status":"","sticky":false,"template":"","format":"standard","meta":{"footnotes":""},"categories":[1588],"tags":[47,11,846,3493,3495,1067,1777,674,118,196,3492,3490,3491,12,3494,806,473,1853,1851,1850,1852],"class_list":{"0":"post-5912","1":"post","2":"type-post","3":"status-publish","4":"format-standard","5":"has-post-thumbnail","7":"category-royaume-uni","8":"tag-actualite","9":"tag-actualites","10":"tag-adn","11":"tag-bebe","12":"tag-cold-case","13":"tag-enquete","14":"tag-eu","15":"tag-europe","16":"tag-faits-divers","17":"tag-grossesse","18":"tag-infanticide","19":"tag-liverpool","20":"tag-manchester","21":"tag-news","22":"tag-nourrisson","23":"tag-prison","24":"tag-royaume-uni","25":"tag-royaume-uni-de-grande-bretagne-et-dirlande-du-nord","26":"tag-uk","27":"tag-united-kingdom","28":"tag-united-kingdom-of-great-britain-and-northern-ireland"},"share_on_mastodon":{"url":"https:\/\/pubeurope.com\/@fr\/114292367307347631","error":""},"_links":{"self":[{"href":"https:\/\/www.europesays.com\/fr\/wp-json\/wp\/v2\/posts\/5912","targetHints":{"allow":["GET"]}}],"collection":[{"href":"https:\/\/www.europesays.com\/fr\/wp-json\/wp\/v2\/posts"}],"about":[{"href":"https:\/\/www.europesays.com\/fr\/wp-json\/wp\/v2\/types\/post"}],"author":[{"embeddable":true,"href":"https:\/\/www.europesays.com\/fr\/wp-json\/wp\/v2\/users\/2"}],"replies":[{"embeddable":true,"href":"https:\/\/www.europesays.com\/fr\/wp-json\/wp\/v2\/comments?post=5912"}],"version-history":[{"count":0,"href":"https:\/\/www.europesays.com\/fr\/wp-json\/wp\/v2\/posts\/5912\/revisions"}],"wp:featuredmedia":[{"embeddable":true,"href":"https:\/\/www.europesays.com\/fr\/wp-json\/wp\/v2\/media\/5913"}],"wp:attachment":[{"href":"https:\/\/www.europesays.com\/fr\/wp-json\/wp\/v2\/media?parent=5912"}],"wp:term":[{"taxonomy":"category","embeddable":true,"href":"https:\/\/www.europesays.com\/fr\/wp-json\/wp\/v2\/categories?post=5912"},{"taxonomy":"post_tag","embeddable":true,"href":"https:\/\/www.europesays.com\/fr\/wp-json\/wp\/v2\/tags?post=5912"}],"curies":[{"name":"wp","href":"https:\/\/api.w.org\/{rel}","templated":true}]}}