{"id":591202,"date":"2025-12-10T18:09:16","date_gmt":"2025-12-10T18:09:16","guid":{"rendered":"https:\/\/www.europesays.com\/fr\/591202\/"},"modified":"2025-12-10T18:09:16","modified_gmt":"2025-12-10T18:09:16","slug":"des-interpellations-de-detenteurs-de-poupees-sexuelles-aux-traits-enfantins-ont-lieu-partout-en-france-liberation","status":"publish","type":"post","link":"https:\/\/www.europesays.com\/fr\/591202\/","title":{"rendered":"Des interpellations de d\u00e9tenteurs de poup\u00e9es sexuelles aux traits enfantins ont lieu partout en France \u2013 Lib\u00e9ration"},"content":{"rendered":"<p class=\"sc-cPiKLX AiZTS text-element\">La poup\u00e9e sexuelle a \u00e9t\u00e9 achet\u00e9e en d\u00e9but d\u2019ann\u00e9e <a href=\"https:\/\/www.liberation.fr\/economie\/conso\/letat-va-porter-plainte-contre-les-plateformes-aliexpress-et-joom-pour-vente-de-poupees-pedopornographiques-20251126_YPXSYW4DNVDBRAENZZHSNHISWM\/\" target=\"_blank\" rel=\"nofollow noopener\" title=\"https:\/\/www.liberation.fr\/economie\/conso\/letat-va-porter-plainte-contre-les-plateformes-aliexpress-et-joom-pour-vente-de-poupees-pedopornographiques-20251126_YPXSYW4DNVDBRAENZZHSNHISWM\/\">sur le site internet AliExpress<\/a>. Elle a \u00e9t\u00e9 retrouv\u00e9e par les forces de l\u2019ordre au domicile de l\u2019homme qui l\u2019avait command\u00e9e ce mercredi 10 d\u00e9cembre au matin \u00e0 Gilette (Alpes-Maritimes), a appris Lib\u00e9ration d\u2019une source polici\u00e8re. Le procureur de la R\u00e9publique de Nice confirme le placement en garde \u00e0 vue de cet individu.<\/p>\n<p class=\"sc-cPiKLX AiZTS text-element\">Une interpellation men\u00e9e dans le cadre d\u2019une op\u00e9ration d\u2019envergure nationale ciblant les acheteurs <a href=\"https:\/\/www.liberation.fr\/societe\/police-justice\/poupees-pedocriminelles-vendues-sur-shein-ces-objets-ne-sont-pas-un-exutoire-ils-generent-un-conditionnement-progressif-20251112_IFDBFDUZW5BZFF6JURYZ644ITI\/\" target=\"_blank\" rel=\"nofollow noopener\" title=\"https:\/\/www.liberation.fr\/societe\/police-justice\/poupees-pedocriminelles-vendues-sur-shein-ces-objets-ne-sont-pas-un-exutoire-ils-generent-un-conditionnement-progressif-20251112_IFDBFDUZW5BZFF6JURYZ644ITI\/\">de ces objets \u00e0 caract\u00e8re p\u00e9dopornographique<\/a> issus de plateformes chinoises d\u2019e-commerce. Au total, dans toute la France, une vingtaine d\u2019individus<\/p>\n","protected":false},"excerpt":{"rendered":"La poup\u00e9e sexuelle a \u00e9t\u00e9 achet\u00e9e en d\u00e9but d\u2019ann\u00e9e sur le site internet AliExpress. Elle a \u00e9t\u00e9 retrouv\u00e9e&hellip;\n","protected":false},"author":2,"featured_media":591203,"comment_status":"","ping_status":"","sticky":false,"template":"","format":"standard","meta":{"footnotes":""},"categories":[2],"tags":[11,1011,27,12,874,1104],"class_list":{"0":"post-591202","1":"post","2":"type-post","3":"status-publish","4":"format-standard","5":"has-post-thumbnail","7":"category-actualites","8":"tag-actualites","9":"tag-fr","10":"tag-france","11":"tag-news","12":"tag-pedophilie","13":"tag-shein"},"share_on_mastodon":{"url":"https:\/\/pubeurope.com\/@fr\/115696616341377417","error":""},"_links":{"self":[{"href":"https:\/\/www.europesays.com\/fr\/wp-json\/wp\/v2\/posts\/591202","targetHints":{"allow":["GET"]}}],"collection":[{"href":"https:\/\/www.europesays.com\/fr\/wp-json\/wp\/v2\/posts"}],"about":[{"href":"https:\/\/www.europesays.com\/fr\/wp-json\/wp\/v2\/types\/post"}],"author":[{"embeddable":true,"href":"https:\/\/www.europesays.com\/fr\/wp-json\/wp\/v2\/users\/2"}],"replies":[{"embeddable":true,"href":"https:\/\/www.europesays.com\/fr\/wp-json\/wp\/v2\/comments?post=591202"}],"version-history":[{"count":0,"href":"https:\/\/www.europesays.com\/fr\/wp-json\/wp\/v2\/posts\/591202\/revisions"}],"wp:featuredmedia":[{"embeddable":true,"href":"https:\/\/www.europesays.com\/fr\/wp-json\/wp\/v2\/media\/591203"}],"wp:attachment":[{"href":"https:\/\/www.europesays.com\/fr\/wp-json\/wp\/v2\/media?parent=591202"}],"wp:term":[{"taxonomy":"category","embeddable":true,"href":"https:\/\/www.europesays.com\/fr\/wp-json\/wp\/v2\/categories?post=591202"},{"taxonomy":"post_tag","embeddable":true,"href":"https:\/\/www.europesays.com\/fr\/wp-json\/wp\/v2\/tags?post=591202"}],"curies":[{"name":"wp","href":"https:\/\/api.w.org\/{rel}","templated":true}]}}