{"id":591217,"date":"2025-12-10T18:19:18","date_gmt":"2025-12-10T18:19:18","guid":{"rendered":"https:\/\/www.europesays.com\/fr\/591217\/"},"modified":"2025-12-10T18:19:18","modified_gmt":"2025-12-10T18:19:18","slug":"oubliez-le-rhum-ce-rouennais-propose-des-calva-arranges-mes-idees-me-viennent-de-la-cuisine","status":"publish","type":"post","link":"https:\/\/www.europesays.com\/fr\/591217\/","title":{"rendered":"Oubliez le rhum, ce Rouennais propose des Calva arrang\u00e9s ! \u00ab\u00a0Mes id\u00e9es me viennent de la cuisine \u00bb"},"content":{"rendered":"<p>                    Par<br \/>\n        <strong><br \/>\n            <a href=\"https:\/\/actu.fr\/auteur\/jessie-leclerc\" title=\"Consulter tous les articles de Jessie Leclerc\" target=\"_blank\" rel=\"noopener\">Jessie Leclerc<\/a><br \/>\n                    <\/strong><\/p>\n<p>        Publi\u00e9 le<\/p>\n<p>            10 d\u00e9c. 2025 \u00e0 18h20        <\/p>\n<p>Lundi 24\u00a0novembre 2025, l\u2019H\u00f4tel du D\u00e9partement <a href=\"https:\/\/actu.fr\/76actu\/\" target=\"_blank\" rel=\"noopener\">de la Seine-Maritime<\/a> accueillait la 13e \u00e9dition des Troph\u00e9es de l\u2019artisanat et du commerce, organis\u00e9s par la Chambre des m\u00e9tiers et de l\u2019artisanat Normandie. Une vingtaine de talents ont \u00e9t\u00e9 distingu\u00e9s. Parmi eux, Xavier Perchepied, <strong>3e prix de l\u2019Innovation<\/strong>. \u00c0 46\u00a0ans, il est producteur de spiritueux. Et pas n\u2019importe lesquels\u2026 des<strong> calvados arrang\u00e9s<\/strong>. Rencontre.<\/p>\n<p>Une nouvelle image pour le calvados<\/p>\n<p class=\" wall-content\">On conna\u00eet les rhums arrang\u00e9s, mais savez-vous qu\u2019il existe aussi des calvados arrang\u00e9s\u2009? Plus normand, mais tout aussi exotique. Un concept<strong> encore rare<\/strong>, qui a pourtant d\u00e9j\u00e0 convaincu <a href=\"https:\/\/actu.fr\/normandie\/rouen_76540\/ce-torrefacteur-reprend-la-boutique-de-son-fils-a-rouen-une-transmission-de-fils-a-pere_63297127.html\" target=\"_blank\" rel=\"noopener\">plusieurs producteurs normands<\/a>. Parmi lesquels Xavier cr\u00e9ateur de Pom\u2019Pom\u2019, la seule maison du genre <strong>bas\u00e9e \u00e0 Rouen<\/strong>.<\/p>\n<p class=\" wall-content\">Ancien producteur d\u2019une \u00e9picerie fine, Xavier avait constat\u00e9 qu\u2019un \u00ab\u2009calva plus gourmand, moins alcoolis\u00e9 pouvait attirer une client\u00e8le plus jeune et diversifi\u00e9e\u2009\u00bb.<\/p>\n<blockquote class=\"ac-article-quote wall-content\">\n<p>C&rsquo;est tr\u00e8s int\u00e9ressant cette nouvelle approche pour ce produit traditionnel.<\/p>\n<p>    <strong>Xavier Perchepied<\/strong><br \/>\n        Fondateur de Pom&rsquo;Pom&rsquo;    <\/p><\/blockquote>\n<p class=\" wall-content\">En 2019, il se lance. Premiers essais, premi\u00e8res <a href=\"https:\/\/actu.fr\/normandie\/rouen_76540\/rouen-decouvrez-edo-un-nouveau-bar-pour-vous-sentir-comme-au-japon_62605112.html\" target=\"_blank\" rel=\"noopener\">mac\u00e9rations<\/a>, premi\u00e8res audaces. \u00ab\u2009Mes id\u00e9es de parfums me viennent de la cuisine. J\u2019associe les ingr\u00e9dients, fruits, plantes et \u00e9pices, comme on pr\u00e9pare un plat\u2009\u00bb, confie-t-il.<\/p>\n<p class=\" wall-content\">Pour rendre ces calvados plus gourmands et \u00e9quilibr\u00e9s, \u00ab\u2009sans avoir un plein de sucre en bouche\u2009\u00bb pour autant, Xavier r\u00e9duit le <strong>degr\u00e9 d\u2019alcool, de \u00ab\u200940 \u00e0 28 degr\u00e9s\u2009\u00bb<\/strong>.<\/p>\n<p>Un travail artisanal<\/p>\n<p class=\" wall-content\">Pour respecter le produit si <a href=\"https:\/\/actu.fr\/insolite\/la-question-pas-si-bete-a-quoi-ressemblait-la-seine-maritime-il-y-a-2000-ans_62998239.html\" target=\"_blank\" rel=\"noopener\">repr\u00e9sentatif de la Normandie<\/a> qu\u2019est le calvados, les produits de Xavier ne contiennent pas d\u2019ar\u00f4mes artificiels, ni colorants, ni additifs. Tout se joue dans le choix des ingr\u00e9dients, \u00ab<strong>\u2009de vrais fruits et \u00e9pices<\/strong>, toujours de saison et s\u00e9lectionn\u00e9s avec soin\u2009\u00bb, et dans le temps.<\/p>\n<p class=\" wall-content\">Chaque bouteille doit <strong>mac\u00e9rer entre trois et 18 mois<\/strong>, selon les parfums. La banane et la vanille sont ceux qui en demandent le plus. \u00ab\u2009Ici, rien d\u2019industriel, c\u2019est la nature qui fait les choses, il faut \u00eatre patient\u2009\u00bb, explique le producteur.<\/p>\n<p>Votre r\u00e9gion, votre actu !<\/p>\n<p>Recevez chaque jour les infos qui comptent pour vous.<\/p>\n<p>\t<a href=\"https:\/\/actu.fr\/newsletter\" class=\"ac-btn ac-btn--corner ac-btn--medium ac-btn--blue800\" target=\"_blank\" rel=\"noopener\">S&rsquo;incrire<\/a><\/p>\n<p class=\" wall-content\">Selon Xavier, aucune bouteille n\u2019a le m\u00eame go\u00fbt, \u00ab\u2009un peu <a href=\"https:\/\/actu.fr\/normandie\/rouen_76540\/en-plein-coeur-de-rouen-un-bar-a-vin-a-la-bonne-franquette-va-remplacer-un-restaurant-emblematique_63303322.html\" target=\"_blank\" rel=\"noopener\">comme un mill\u00e9sime<\/a>\u2009\u00bb. Pour r\u00e9aliser ses calvados arrang\u00e9s, il re\u00e7oit du calvados \u00e0 40 degr\u00e9s de producteurs strictement s\u00e9lectionn\u00e9s. L\u2019alcool est ensuite r\u00e9duit dans des cuves m\u00e9talliques, puis chang\u00e9 de cuve pour recevoir son parfum, vers\u00e9 directement \u00e0 l\u2019int\u00e9rieur. \u00ab\u2009On est tr\u00e8s peu m\u00e9canis\u00e9, <strong>presque tout est fait \u00e0 la main<\/strong>\u2009\u00bb, pr\u00e9cise-t-il.<\/p>\n<p class=\" wall-content\">Le tout est ensuite mis en bouteille et ces derni\u00e8res reposent encore le temps n\u00e9cessaire avant d\u2019\u00eatres mis en vente, sur <a href=\"https:\/\/www.pompom-calvados.fr\/\" target=\"_blank\" rel=\"noopener\">le site internet de Pom\u2019Pom\u2019<\/a> ou dans les 250 vendeurs partenaires dans toute la France. R\u00e9sultat\u2009: 8\u2009000 bouteilles par an, que Xavier produit, la plupart du temps, seul ou avec sa femme.<\/p>\n<p>Des saveurs exotiques<\/p>\n<p class=\" wall-content\"><strong>12 parfums<\/strong> composent la gamme actuelle. Le best-seller reste le chouchou du producteur, son premier n\u00e9\u2009: <strong>le pomme-vanille<\/strong>. Mais Xavier aime s\u2019aventurer hors piste\u2009: fraise-poivre de Sichuan, framboise-basilic, ananas-caramel et fleur de sel, bergamote-noix de cajou\u2026<\/p>\n<p class=\" wall-content\">Des \u00e9lixirs destin\u00e9s autant <a href=\"https:\/\/actu.fr\/normandie\/rouen_76540\/vous-saviez-qu-on-peut-se-faire-un-apero-avec-des-produits-100-rouennais-la-preuve_61360348.html\" target=\"_blank\" rel=\"noopener\">\u00e0 l\u2019ap\u00e9ritif<\/a> qu\u2019au digestif. \u00ab\u2009On peut le prendre quand on veut, avec qui on veut et comme on veut, certains font m\u00eame des accords mets-alcool\u2009\u00bb, affirme-t-il.<\/p>\n<p class=\" wall-content\">La production <strong>suit les saisons<\/strong>. \u00ab\u2009Lorsque l\u2019on a plus d\u2019une saveur, on n\u2019en a plus, il faut attendre l\u2019ann\u00e9e d\u2019apr\u00e8s\u2009\u00bb, raconte le producteur.<\/p>\n<p class=\" wall-content\">D\u2019autres parfums sont en cours d\u2019\u00e9laboration, mais en sortir un nouveau <strong>prend du temps<\/strong>, \u00ab\u20096\u00a0mois \u00e0 3\u00a0ans\u2009\u00bb. Il faut essayer, ressayer, attendre, et faire tester aux proches. \u00ab\u2009Les cobayes ne sont pas morts\u2009\u00bb, rigole Xavier. Il est aussi important de voir comment les parfums \u00e9voluent dans le temps. \u00ab\u2009Les calvados sont des produits vivants qui \u00e9voluent en permanence\u2009\u00bb.<\/p>\n<p>Un troph\u00e9e en poche<\/p>\n<p class=\" wall-content\">Avec ses calvados arrang\u00e9s, Xavier a remport\u00e9 le <strong>3e prix<\/strong> <a href=\"https:\/\/actu.fr\/normandie\/rouen_76540\/drones-intelligence-artificielle-cinq-innovations-recentes-du-chu-de-rouen_61390802.html\" target=\"_blank\" rel=\"noopener\">de l\u2019innovation<\/a> des Troph\u00e9es de l\u2019artisanat et du commerce. Et il est \u00ab\u2009tr\u00e8s fier\u2009\u00bb, d\u2019autant plus\u00a0qu\u2019il ne s\u2019y attendait pas\u2009: \u00ab\u2009C\u2019est la reconnaissance de nombreuses ann\u00e9es de travail et de recherches.\u2009\u00bb<\/p>\n<p class=\" wall-content\">\u00c0 l\u2019avenir, il esp\u00e8re voir son entreprise grandir et <strong>vendre \u00e0 l\u2019\u00e9tranger<\/strong>, tout en gardant cette \u00e2me artisanale.<\/p>\n<p>Comptez 36\u00a0euros la bouteille de 70cl, 15,50\u00a0euros les 20cl.<\/p>\n<p>L\u2019abus d\u2019alcool est dangereux pour la sant\u00e9, \u00e0 consommer avec mod\u00e9ration. Vous-m\u00eame ou un de vos proches est en difficult\u00e9 avec l\u2019alcool\u2009? Appelez au 0\u2009980\u2009980\u2009930, 7j\/7 de 8h \u00e0 2h (appel anonyme et non surtax\u00e9), ou rendez-vous sur www.alcool-info-service.fr.<\/p>\n<p>Suivez l\u2019actualit\u00e9 de Rouen <a href=\"https:\/\/www.whatsapp.com\/channel\/0029VaKfnf99hXF2ddApFB1D\" target=\"_blank\" rel=\"noopener\">sur notre cha\u00eene WhatsApp<\/a> et <a href=\"https:\/\/www.tiktok.com\/@76actu.fr?lang=fr\" target=\"_blank\" rel=\"noopener\">sur notre compte TikTok<\/a><\/p>\n<p class=\" wall-content\">Personnalisez votre actualit\u00e9 en ajoutant vos villes et m\u00e9dias en favori avec <a href=\"https:\/\/moncompte.actu.fr\" title=\"D\u00e9couvez Mon Actu\" rel=\"nofollow noopener\" data-trk=\"{&quot;cta&quot;:{&quot;action&quot;:&quot;https:\\\/\\\/moncompte.actu.fr&quot;,&quot;category&quot;:&quot;mon compte&quot;,&quot;from&quot;:&quot;article footer&quot;,&quot;name&quot;:&quot;Mon actu&quot;,&quot;type&quot;:&quot;cta&quot;}}\" target=\"_blank\">Mon Actu<\/a>.<\/p>\n<p>                    <script async src=\"\/\/www.tiktok.com\/embed.js\"><\/script><\/p>\n","protected":false},"excerpt":{"rendered":"Par Jessie Leclerc Publi\u00e9 le 10 d\u00e9c. 2025 \u00e0 18h20 Lundi 24\u00a0novembre 2025, l\u2019H\u00f4tel du D\u00e9partement de la&hellip;\n","protected":false},"author":2,"featured_media":591218,"comment_status":"","ping_status":"","sticky":false,"template":"","format":"standard","meta":{"footnotes":""},"categories":[9587],"tags":[1111,11,9086,1777,674,1011,27,1757,12,5161,25,9590,16812],"class_list":{"0":"post-591217","1":"post","2":"type-post","3":"status-publish","4":"format-standard","5":"has-post-thumbnail","7":"category-rouen","8":"tag-actu","9":"tag-actualites","10":"tag-bon-plan-a-rouen","11":"tag-eu","12":"tag-europe","13":"tag-fr","14":"tag-france","15":"tag-insolite","16":"tag-news","17":"tag-normandie","18":"tag-republique-francaise","19":"tag-rouen","20":"tag-terroir"},"share_on_mastodon":{"url":"https:\/\/pubeurope.com\/@fr\/115696655707526809","error":""},"_links":{"self":[{"href":"https:\/\/www.europesays.com\/fr\/wp-json\/wp\/v2\/posts\/591217","targetHints":{"allow":["GET"]}}],"collection":[{"href":"https:\/\/www.europesays.com\/fr\/wp-json\/wp\/v2\/posts"}],"about":[{"href":"https:\/\/www.europesays.com\/fr\/wp-json\/wp\/v2\/types\/post"}],"author":[{"embeddable":true,"href":"https:\/\/www.europesays.com\/fr\/wp-json\/wp\/v2\/users\/2"}],"replies":[{"embeddable":true,"href":"https:\/\/www.europesays.com\/fr\/wp-json\/wp\/v2\/comments?post=591217"}],"version-history":[{"count":0,"href":"https:\/\/www.europesays.com\/fr\/wp-json\/wp\/v2\/posts\/591217\/revisions"}],"wp:featuredmedia":[{"embeddable":true,"href":"https:\/\/www.europesays.com\/fr\/wp-json\/wp\/v2\/media\/591218"}],"wp:attachment":[{"href":"https:\/\/www.europesays.com\/fr\/wp-json\/wp\/v2\/media?parent=591217"}],"wp:term":[{"taxonomy":"category","embeddable":true,"href":"https:\/\/www.europesays.com\/fr\/wp-json\/wp\/v2\/categories?post=591217"},{"taxonomy":"post_tag","embeddable":true,"href":"https:\/\/www.europesays.com\/fr\/wp-json\/wp\/v2\/tags?post=591217"}],"curies":[{"name":"wp","href":"https:\/\/api.w.org\/{rel}","templated":true}]}}