{"id":591223,"date":"2025-12-10T18:22:21","date_gmt":"2025-12-10T18:22:21","guid":{"rendered":"https:\/\/www.europesays.com\/fr\/591223\/"},"modified":"2025-12-10T18:22:21","modified_gmt":"2025-12-10T18:22:21","slug":"grenoble-des-crs-deployes-en-nombre-dans-ce-parc-du-centre-ville-ce-quil-sest-passe","status":"publish","type":"post","link":"https:\/\/www.europesays.com\/fr\/591223\/","title":{"rendered":"Grenoble. Des CRS d\u00e9ploy\u00e9s en nombre dans ce parc du centre-ville : ce qu&rsquo;il s&rsquo;est pass\u00e9"},"content":{"rendered":"<p>                    Par<br \/>\n        <strong><br \/>\n            <a href=\"https:\/\/actu.fr\/auteur\/lisa-rodrigues\" title=\"Consulter tous les articles de Lisa Rodrigues\" target=\"_blank\" rel=\"noopener\">Lisa Rodrigues<\/a><br \/>\n                    <\/strong><\/p>\n<p>        Publi\u00e9 le<\/p>\n<p>            10 d\u00e9c. 2025 \u00e0 19h11        <\/p>\n<p>La Ville de <a href=\"https:\/\/actu.fr\/grenoble\/\" target=\"_blank\" rel=\"noopener\">Grenoble<\/a> a pr\u00e9venu. Mercredi 10 d\u00e9cembre, aux alentours de 9h45, des <strong>dizaines de CRS<\/strong> ont \u00e9t\u00e9 vues au parc Paul-Mistral. Ils ont proc\u00e9d\u00e9 \u00e0 <a href=\"https:\/\/actu.fr\/auvergne-rhone-alpes\/grenoble_38185\/grenoble-ce-lieu-emblematique-ferme-definitivement-ca-fait-peur-pour-l-avenir_62769559.html\" target=\"_blank\" rel=\"noopener\">l\u2019\u00e9vacuation de la Bobine<\/a>, salle de spectacle associative ferm\u00e9e en juin, occup\u00e9e ill\u00e9galement depuis septembre par un collectif d\u2019associations et de militants suite au mouvement \u00ab\u00a0Bloquons tout\u00a0\u00bb.<\/p>\n<p>    <a href=\"https:\/\/www.google.com\/maps\/embed?pb=!1m18!1m12!1m3!1d2812.1961858520863!2d5.733505274776584!3d45.18312475215075!2m3!1f0!2f0!3f0!3m2!1i1024!2i768!4f13.1!3m3!1m2!1s0x478af4edee0ae8f9%3A0x983411f439a54c5a!2sLa%20Bobine!5e0!3m2!1sfr!2sfr!4v1765389932214!5m2!1sfr!2sfr\" title=\"Ouvrie le lien\" target=\"_blank\" rel=\"noopener\">Cliquez ici pour visualiser le contenu<\/a><\/p>\n<p class=\" wall-content\">\u00ab\u00a0Les forces de l\u2019ordre ont proc\u00e9d\u00e9, dans le calme, \u00e0 l\u2019\u00e9vacuation de la Bobine, indique la Ville dans un communiqu\u00e9. Cette intervention fait suite \u00e0 l\u2019arr\u00eat\u00e9 pris par la Ville de Grenoble, qui <strong>donnait 48 heures aux occupants pour quitter le site<\/strong>.\u00a0\u00bb Face \u00e0 leur refus, les policiers ont donc \u00e9t\u00e9 d\u00e9ploy\u00e9s pour \u00e9vacuer les lieux.<\/p>\n<p>Une soixantaine de personnes oppos\u00e9e \u00e0 l\u2019\u00e9vacuation<\/p>\n<p class=\" wall-content\">Selon le collectif de La Bobine occup\u00e9e, environ 80 CRS ont \u00e9t\u00e9 mobilis\u00e9s sur cette op\u00e9ration, qui a provoqu\u00e9 le d\u00e9part de la <strong>trentaine de personnes mises \u00e0 l\u2019abri<\/strong> par les militants dans la salle associative.<\/p>\n<p class=\" wall-content\">\u00ab\u00a0Ce matin, une soixantaine de personnes \u00e9tait rassembl\u00e9e pour protester <a href=\"https:\/\/actu.fr\/auvergne-rhone-alpes\/grenoble_38185\/grenoble-des-familles-expulsees-se-retrouvent-sans-logement-la-prefete-interpellee_63479036.html\" target=\"_blank\" rel=\"noopener\">contre les expulsions en plein hiver<\/a>\u00ab\u00a0, relate le collectif sur ses r\u00e9seaux sociaux. Selon eux, l\u2019\u00e9vacuation n\u2019a pas \u00e9t\u00e9 aussi calme qu\u2019annonc\u00e9 par la Ville.<\/p>\n<p class=\" wall-content\"><a href=\"https:\/\/www.instagram.com\/reel\/DSF2rLcCJXF\/embed\" title=\"Ouvrir le lien sur Instagram\" target=\"_blank\" rel=\"noopener\">Visualiser le contenu sur Instagram<\/a><\/p>\n<p class=\" wall-content\">Pour autant, aucune interpellation n\u2019a eu lieu et <strong>aucun bless\u00e9<\/strong> n\u2019est \u00e0 d\u00e9plorer.<\/p>\n<p class=\" wall-content\">Une quinzaine de militants s\u2019est \u00e9galement retrouv\u00e9e en fin de matin\u00e9e devant la mairie pour protester contre cette expulsion. Selon la police, ils ont tent\u00e9 de p\u00e9n\u00e9trer de force dans l\u2019H\u00f4tel de Ville, d\u00e9gradant la porte principale. Un policier municipal a \u00e9t\u00e9 bless\u00e9 \u00e0 la main.<\/p>\n<p>Votre r\u00e9gion, votre actu !<\/p>\n<p>Recevez chaque jour les infos qui comptent pour vous.<\/p>\n<p>\t<a href=\"https:\/\/actu.fr\/newsletter\" class=\"ac-btn ac-btn--corner ac-btn--medium ac-btn--blue800\" target=\"_blank\" rel=\"noopener\">S&rsquo;incrire<\/a><br \/>\nUne \u00e9vacuation n\u00e9cessaire pour la Ville<\/p>\n<p class=\" wall-content\">Pour expliquer cette \u00e9vacuation, la mairie avance des raisons s\u00e9curitaires et sanitaires.\u00a0<\/p>\n<blockquote class=\"ac-article-quote wall-content\">\n<p>Les premi\u00e8res constatations r\u00e9alis\u00e9es \u00e0 l\u2019int\u00e9rieur du b\u00e2timent confirment pleinement les inqui\u00e9tudes qui ont justifi\u00e9 la d\u00e9cision d\u2019\u00e9vacuer. Les conditions d\u2019h\u00e9bergement et d\u2019hygi\u00e8ne \u00e9taient particuli\u00e8rement d\u00e9grad\u00e9es, incompatibles avec la s\u00e9curit\u00e9 et la dignit\u00e9 des personnes pr\u00e9sentes.<\/p>\n<p>    <strong>Ville de Grenoble<\/strong>\n            <\/p><\/blockquote>\n<p class=\" wall-content\">D\u2019apr\u00e8s les informations de la r\u00e9daction, l\u2019int\u00e9rieur de la Bobine \u00e9tait \u00ab\u00a0dans un \u00e9tat d\u00e9plorable\u00a0\u00bb, tr\u00e8s sale et avec \u00ab\u00a0des d\u00e9gradations \u00e0 d\u00e9plorer\u00a0\u00bb.<\/p>\n<p class=\" wall-content\">Jusqu\u2019\u00e0 l\u2019\u00e9vacuation du squat, outre les occupants des lieux, seuls des travailleurs sociaux de la Ville avaient pu entrer dans la Bobine.<\/p>\n<p>Quelle suite pour la Bobine ?<\/p>\n<p class=\" wall-content\">Apr\u00e8s la remise en \u00e9tat du lieu, la Ville souhaite se concentrer sur la reprise de la salle associative, un premier repreneur <a href=\"https:\/\/actu.fr\/auvergne-rhone-alpes\/grenoble_38185\/grenoble-une-polemique-eclate-autour-de-ce-lieu-emblematique-squatte-le-repreneur-renonce_63427671.html\" target=\"_blank\" rel=\"noopener\">ayant jet\u00e9 l\u2019\u00e9ponge<\/a> il y a quelques semaines.<\/p>\n<p class=\" wall-content\">Du c\u00f4t\u00e9 du collectif, \u00ab\u00a0on n\u2019a pas encore l\u2019\u00e9nergie d\u2019envisager une suite, mais <strong>peut-\u00eatre que des morceaux de la Bobine rena\u00eetront un jour<\/strong>, ailleurs, sous une autre forme\u00a0\u00bb, indiquent ses membres.<\/p>\n<p class=\" wall-content\">Sur la trentaine de personnes h\u00e9berg\u00e9e \u00e0 la Bobine, huit ont \u00e9t\u00e9 prises en charge \u00e0 leur demande et ont b\u00e9n\u00e9fici\u00e9 d\u2019une solution d\u2019h\u00e9bergement, selon la mairie.<\/p>\n<p class=\" wall-content\">Personnalisez votre actualit\u00e9 en ajoutant vos villes et m\u00e9dias en favori avec <a href=\"https:\/\/moncompte.actu.fr\" title=\"D\u00e9couvez Mon Actu\" rel=\"nofollow noopener\" data-trk=\"{&quot;cta&quot;:{&quot;action&quot;:&quot;https:\\\/\\\/moncompte.actu.fr&quot;,&quot;category&quot;:&quot;mon compte&quot;,&quot;from&quot;:&quot;article footer&quot;,&quot;name&quot;:&quot;Mon actu&quot;,&quot;type&quot;:&quot;cta&quot;}}\" target=\"_blank\">Mon Actu<\/a>.<\/p>\n<p>                    <script async src=\"\/\/www.instagram.com\/embed.js\"><\/script><\/p>\n","protected":false},"excerpt":{"rendered":"Par Lisa Rodrigues Publi\u00e9 le 10 d\u00e9c. 2025 \u00e0 19h11 La Ville de Grenoble a pr\u00e9venu. Mercredi 10&hellip;\n","protected":false},"author":2,"featured_media":591224,"comment_status":"","ping_status":"","sticky":false,"template":"","format":"standard","meta":{"footnotes":""},"categories":[9566],"tags":[1111,11,2430,1777,674,1011,27,2731,12,1072,25,104],"class_list":{"0":"post-591223","1":"post","2":"type-post","3":"status-publish","4":"format-standard","5":"has-post-thumbnail","7":"category-grenoble","8":"tag-actu","9":"tag-actualites","10":"tag-auvergne-rhone-alpes","11":"tag-eu","12":"tag-europe","13":"tag-fr","14":"tag-france","15":"tag-grenoble","16":"tag-news","17":"tag-police","18":"tag-republique-francaise","19":"tag-societe"},"share_on_mastodon":{"url":"https:\/\/pubeurope.com\/@fr\/115696667363037619","error":""},"_links":{"self":[{"href":"https:\/\/www.europesays.com\/fr\/wp-json\/wp\/v2\/posts\/591223","targetHints":{"allow":["GET"]}}],"collection":[{"href":"https:\/\/www.europesays.com\/fr\/wp-json\/wp\/v2\/posts"}],"about":[{"href":"https:\/\/www.europesays.com\/fr\/wp-json\/wp\/v2\/types\/post"}],"author":[{"embeddable":true,"href":"https:\/\/www.europesays.com\/fr\/wp-json\/wp\/v2\/users\/2"}],"replies":[{"embeddable":true,"href":"https:\/\/www.europesays.com\/fr\/wp-json\/wp\/v2\/comments?post=591223"}],"version-history":[{"count":0,"href":"https:\/\/www.europesays.com\/fr\/wp-json\/wp\/v2\/posts\/591223\/revisions"}],"wp:featuredmedia":[{"embeddable":true,"href":"https:\/\/www.europesays.com\/fr\/wp-json\/wp\/v2\/media\/591224"}],"wp:attachment":[{"href":"https:\/\/www.europesays.com\/fr\/wp-json\/wp\/v2\/media?parent=591223"}],"wp:term":[{"taxonomy":"category","embeddable":true,"href":"https:\/\/www.europesays.com\/fr\/wp-json\/wp\/v2\/categories?post=591223"},{"taxonomy":"post_tag","embeddable":true,"href":"https:\/\/www.europesays.com\/fr\/wp-json\/wp\/v2\/tags?post=591223"}],"curies":[{"name":"wp","href":"https:\/\/api.w.org\/{rel}","templated":true}]}}