{"id":591225,"date":"2025-12-10T18:24:24","date_gmt":"2025-12-10T18:24:24","guid":{"rendered":"https:\/\/www.europesays.com\/fr\/591225\/"},"modified":"2025-12-10T18:24:24","modified_gmt":"2025-12-10T18:24:24","slug":"nous-avons-teste-cette-experience-qui-nous-attend-dici-a-2050-en-france","status":"publish","type":"post","link":"https:\/\/www.europesays.com\/fr\/591225\/","title":{"rendered":"nous avons test\u00e9 cette exp\u00e9rience \u00ab\u00a0qui nous attend d&rsquo;ici \u00e0 2050 en France\u00a0\u00bb"},"content":{"rendered":"<p>                    Par<br \/>\n        <strong><br \/>\n            <a href=\"https:\/\/actu.fr\/auteur\/brian-legoff\" title=\"Consulter tous les articles de Brian Le Goff\" target=\"_blank\" rel=\"noopener\">Brian Le Goff<\/a><br \/>\n                    <\/strong><\/p>\n<p>        Publi\u00e9 le<\/p>\n<p>            10 d\u00e9c. 2025 \u00e0 18h39        <\/p>\n<p>Des<strong> exp\u00e9riences marquent<\/strong> plus que d\u2019autres. Et c\u2019est bien<strong> l\u2019objectif<\/strong> de Climate Sense, une chambre climatique qui simule les futures conditions m\u00e9t\u00e9orologiques sur la plan\u00e8te selon la trajectoire actuelle du <a href=\"https:\/\/actu.fr\/tag\/rechauffement-climatique\" target=\"_blank\" rel=\"noopener\">r\u00e9chauffement climatique<\/a>. Un dispositif d\u00e9velopp\u00e9 par la <strong>Human Adaptation Institute, fond\u00e9e par Christian Clot<\/strong>. \u00ab\u2009On a pu d\u00e9montrer avec des recherches que, malheureusement, avoir connaissance de quelque chose ne fait pas changer de comportement, mais qu\u2019<strong>il faut ressentir sensoriellement les choses pour avoir envie de changer\u2009\u00bb<\/strong>, d\u00e9veloppe l\u2019explorateur et chercheur suisse pour expliquer la cr\u00e9ation de ce camion. Concr\u00e8tement, dans un semi-remorque, une pi\u00e8ce a \u00e9t\u00e9 am\u00e9nag\u00e9e et permet de faire des exercices physiques et gestes de la vie quotidienne dans une <strong>atmosph\u00e8re chauff\u00e9e \u00e0 50\u00a0\u00b0C \u00e0 l\u2019ombre<\/strong>. Un climat que plusieurs villes de France pourraient conna\u00eetre \u00e0 partir des ann\u00e9es 2050. Plusieurs journalistes des r\u00e9dactions d\u2019<a href=\"https:\/\/actu.fr\/\" target=\"_blank\" rel=\"noopener\">actu.fr<\/a> et d\u2019<a href=\"https:\/\/actu.fr\/rennes\/\" target=\"_blank\" rel=\"noopener\">actu Rennes<\/a> ont donc test\u00e9<strong> Climate Sense,<\/strong> de passage dans la capitale bretonne.<\/p>\n<p>Une temp\u00e9rature 3,5 fois sup\u00e9rieure \u00e0 celle de l\u2019air ambiant<\/p>\n<p class=\" wall-content\">En cette fin de matin\u00e9e de d\u00e9but d\u00e9cembre, la temp\u00e9rature est douce pour la p\u00e9riode\u2009: environ <strong>14\u00a0\u00b0C \u00e0 l\u2019ext\u00e9rieur.<\/strong> Dans quelques instants, avec quatre autres coll\u00e8gues, nous allons entrer dans cet espace o\u00f9 la temp\u00e9rature est multipli\u00e9e par 3,5. <strong>Soit 50\u00a0\u00b0C<\/strong>.<\/p>\n<p>    <img   decoding=\"async\" loading=\"lazy\" src=\"https:\/\/www.europesays.com\/fr\/wp-content\/uploads\/2025\/12\/climate-sense-experience-chambre-climatique-rennes-50-degres-changement-rechauffement-climatique-4-9.jpeg\" alt=\"La chambre climatique est install\u00e9e au sein d'un camion qui se d\u00e9place dans toute la France.\" width=\"960\" height=\"640\"\/><br \/>\n    La chambre climatique est install\u00e9e au sein d\u2019un camion qui se d\u00e9place dans toute la France. (\u00a9 Alexandra Segond \/ actu.fr)<\/p>\n<p class=\" wall-content\">Mais, avant cela, nous signons une <strong>d\u00e9charge de responsabilit\u00e9<\/strong> qui pr\u00e9cise les <strong>conditions<\/strong> qu\u2019il faut respecter pour participer \u00e0 l\u2019exp\u00e9rimentation\u2009: avoir plus de 18\u00a0ans, ne pas \u00eatre enceinte, ne pas souffrir de maux de t\u00eate, naus\u00e9es, crises d\u2019asthme, ni prise d\u2019aspirine. Une fois sign\u00e9e, nous entrons dans le sas avant la salle chauff\u00e9e \u00e0 pr\u00e8s de 50\u00a0\u00b0C.<\/p>\n<p class=\" wall-content\">Pour se rendre compte de l\u2019effet physique du Climate Sense,<strong> notre temp\u00e9rature corporelle et notre pouls<\/strong> sont pris avant l\u2019exp\u00e9rience et le seront \u00e9galement apr\u00e8s. Pour ma part, <strong>36,1\u00a0\u00b0C et 56 battements par minute<\/strong> avant l\u2019entr\u00e9e dans la salle. Une fois cette \u00e9tape pass\u00e9e, il est maintenant temps de vivre une <strong>trentaine de minutes \u00e0 50\u00a0\u00b0C<\/strong>.<\/p>\n<p>Premier exercice\u2009: 10\u00a0minutes de step<\/p>\n<p class=\" wall-content\">La premi\u00e8re sensation est imm\u00e9diate, il fait \u00e9videmment chaud et ce n\u2019est que le d\u00e9but. L\u2019impression d\u2019entrer dans de <strong>l\u2019air plus compact<\/strong> qu\u2019\u00e0 une temp\u00e9rature habituelle est \u00e0 noter. Nous enlevons sur-le-champ nos vestes et \u00e9charpes que nous portions avant d\u2019entrer dans le Climate Sense, tant la chaleur est intense.<\/p>\n<p>Votre r\u00e9gion, votre actu !<\/p>\n<p>Recevez chaque jour les infos qui comptent pour vous.<\/p>\n<p>\t<a href=\"https:\/\/actu.fr\/newsletter\" class=\"ac-btn ac-btn--corner ac-btn--medium ac-btn--blue800\" target=\"_blank\" rel=\"noopener\">S&rsquo;incrire<\/a><\/p>\n<p class=\" wall-content\">Christian Clot nous met maintenant en action. Il nous propose d\u2019effectuer dix petites minutes de step \u00e0 une allure mod\u00e9r\u00e9e, comme si nous montions des marches, comme ce que l\u2019on pourrait faire au quotidien.<\/p>\n<p class=\" wall-content\"><a href=\"https:\/\/www.instagram.com\/p\/DSFfkLQCLFk\/embed\" title=\"Ouvrir le lien sur Instagram\" target=\"_blank\" rel=\"noopener\">Visualiser le contenu sur Instagram<\/a><\/p>\n<p class=\" wall-content\">Au bout des toutes premi\u00e8res minutes, la premi\u00e8re chose que nous observons, c\u2019est la <strong>r\u00e9action de notre corps\u2009: il rougit.<\/strong> Et on sent la surface de notre peau chauffer comme lorsque nous sommes expos\u00e9s en plein soleil durant l\u2019\u00e9t\u00e9 sans protection. Quand on pose nos mains sur notre peau, nous ressentons une certaine fra\u00eecheur, alors que d\u2019habitude, c\u2019est plut\u00f4t l\u2019inverse. Pour rappel, la chaleur est de <strong>50\u00a0\u00b0C simul\u00e9e \u00e0 l\u2019ombre<\/strong>.<\/p>\n<p>50 \u00b0C, une temp\u00e9rature d\u00e9j\u00e0 atteinte sur la Terre<\/p>\n<p>En 2022, le Pakistan avait connu trois semaines \u00e0 cette temp\u00e9rature. Le Mexique aussi. En Arabie saoudite et au Moyen-Orient, on atteint r\u00e9guli\u00e8rement 50 \u00b0C, rappelle Christian Clot.<\/p>\n<p>Corps humide et objets du quotidien difficiles \u00e0 tenir en main<\/p>\n<p class=\" wall-content\">Au bout de ces dix minutes, l\u2019ensemble de notre corps commence \u00e0 transpirer et est humide. Christian Clot nous propose de<strong> boire de l\u2019eau \u00e0 temp\u00e9rature ambiante<\/strong>. Les gorg\u00e9es sont plus chaudes que notre corps,<strong> comme si nous buvions une tisane<\/strong>.<\/p>\n<p class=\" wall-content\">De nombreux objets de la vie quotidienne sont dispos\u00e9s dans la pi\u00e8ce\u2009: petite voiture en m\u00e9tal, boucles d\u2019oreilles, cuill\u00e8re en bois, t\u00e9l\u00e9phone, \u00e9tag\u00e8re en m\u00e9tal, t\u00e9tine\u2026 Parfois, en les manipulant, la chaleur est supportable et d\u2019autres fois, absolument pas.<strong> \u00ab\u2009Certaines mati\u00e8res plastiques comme celles utilis\u00e9es dans les t\u00e9tines lib\u00e8rent des PFAS \u00e0 la temp\u00e9rature de 50\u00a0\u00b0C\u2009\u00bb<\/strong>, glisse Christian Clot.<\/p>\n<p>\u00ab\u2009Le cerveau est le premier \u00e9l\u00e9ment affect\u00e9 par la chaleur\u00a0\u00bb<br \/>\n    <img   decoding=\"async\" loading=\"lazy\" src=\"https:\/\/www.europesays.com\/fr\/wp-content\/uploads\/2025\/12\/climate-sense-experience-chambre-climatique-rennes-50-degres-changement-rechauffement-climatique-1-9.jpeg\" alt=\"Les gouttes de sueur se multiplient sur mon front en quelques minutes.\" width=\"960\" height=\"640\"\/><br \/>\n    Les gouttes de sueur se multiplient sur mon front en quelques minutes. (\u00a9Emma Derome \/ actu.fr)<\/p>\n<p class=\" wall-content\">Apr\u00e8s 15\u00a0minutes \u00e0 l\u2019int\u00e9rieur de cette chambre climatique, les gouttes de sueur se r\u00e9pandent sur la surface de mon front et mes v\u00eatements deviennent, eux aussi, humides. Ma vision change un peu\u2009; je <strong>commence \u00e0 \u00eatre essouffl\u00e9<\/strong>. J\u2019ai l\u2019impression de planer, que je r\u00e9fl\u00e9chis plus lentement.<strong> \u00ab\u2009Le cerveau est le premier \u00e9l\u00e9ment affect\u00e9 par la chaleur\u2009\u00bb<\/strong>, confirme l\u2019explorateur et chercheur suisse, \u00e0 l\u2019origine de ce dispositif unique.<\/p>\n<blockquote class=\"ac-article-quote wall-content\">\n<p>Notre cerveau a besoin de rester \u00e0 36\u2009\u00b0C pour bien fonctionner. Il cherche donc \u00e0 se prot\u00e9ger \u00e0 tout prix, car s&rsquo;il r\u00e9fl\u00e9chit trop, sa temp\u00e9rature augmente encore. Ainsi, il va essayer de se d\u00e9grader au maximum pour r\u00e9duire son risque. Il va d\u00e9connecter certaines parties sur le moment, comme celles associ\u00e9es \u00e0 la m\u00e9moire, aux fonctions sociales et \u00e0 la concentration.<\/p>\n<p>    <strong>Christian Clot<\/strong><br \/>\n        Explorateur et chercheur suisse \u00e0 l&rsquo;origine du Climate Sense    <\/p><\/blockquote>\n<p class=\" wall-content\">Justement, apr\u00e8s 20\u00a0minutes \u00e0 50\u00a0\u00b0C, celui qui est aussi \u00e9crivain et auteur du livre Les clefs de l\u2019adaptation humaine (\u00e9ditions Deno\u00ebl) nous propose de r\u00e9pondre \u00e0 <strong>quelques exercices de r\u00e9flexion<\/strong>. Mais, aussit\u00f4t, la t\u00e2che s\u2019av\u00e8re difficile.<\/p>\n<p class=\" wall-content\">Sur un <strong>exercice avec un calcul<\/strong> pourtant simple au premier abord,<strong> je n\u2019y arrive pas<\/strong>. De m\u00eame, lire une<strong> liste de mots,<\/strong> puis devoir les <strong>r\u00e9\u00e9crire<\/strong> en se souvenant de tous est vraiment <strong>impossible<\/strong>. Au bout de dix minutes, je n\u2019ai fait que trois exercices et encore, sans vraie r\u00e9ussite, et il est d\u00e9j\u00e0 l\u2019heure de sortir du Climate Sense.<\/p>\n<p>Sortir de 50\u00a0\u00b0C, c\u2019est comme rentrer dans une chambre froide<\/p>\n<p class=\" wall-content\">Nous r\u00e9cup\u00e9rons nos vestes et la porte s\u2019ouvre enfin. La sortie de la pi\u00e8ce \u00e0 50\u00a0\u00b0C s\u2019av\u00e8re glaciale. Alors que le sas est \u00e0 30\u00a0\u00b0C, nous avons<strong> la sensation d\u2019entrer dans une chambre froide<\/strong>. Nos corps sont totalement moites, n\u00e9anmoins nous avons tr\u00e8s froid.<\/p>\n<blockquote class=\"ac-article-quote wall-content\">\n<p>\u00ab La plupart des personnes en France et m\u00eame en Europe n&rsquo;arrivent pas \u00e0 comprendre ce que veut dire la chaleur. On n&rsquo;a pas tellement v\u00e9cu \u00e7a dans le pass\u00e9, on n&rsquo;a pas d&rsquo;exp\u00e9rience l\u00e0-dessus. Et de ce fait, pas mal de personnes me disent avant d&rsquo;arriver dans la chambre climatique\u00a0: &lsquo;en fait, moi je sais tr\u00e8s bien ce que c&rsquo;est la chaleur, j&rsquo;ai d\u00e9j\u00e0 v\u00e9cu par 50 \u00b0C.&rsquo; Mais elles ne se rendent pas compte que, non, 50 \u00b0C au soleil, ce n&rsquo;est pas 50 \u00b0C \u00e0 l&rsquo;ombre. Il y a un besoin de comprendre. \u00bb<\/p>\n<p>    <strong>Christian Clot<\/strong><br \/>\n        Explorateur et chercheur suisse    <\/p><\/blockquote>\n<p class=\" wall-content\">\u00c0 notre sortie, ma temp\u00e9rature corporelle est proche des <strong>38\u00a0\u00b0C et mon pouls autour de 84 battements par minute<\/strong>.<\/p>\n<p>    <img   decoding=\"async\" loading=\"lazy\" src=\"https:\/\/www.europesays.com\/fr\/wp-content\/uploads\/2025\/12\/climate-sense-experience-chambre-climatique-rennes-50-degres-changement-rechauffement-climatique-5-9.jpeg\" alt=\"Toutes les surfaces sont chaudes. Aucun r\u00e9pit n'est offert \u00e0 notre corps durant cette exp\u00e9rience.\" width=\"960\" height=\"640\"\/><br \/>\n    Toutes les surfaces sont chaudes. Aucun r\u00e9pit n\u2019est offert \u00e0 notre corps durant cette exp\u00e9rience. (\u00a9Alexandra Segond \/ actu.fr)Ne pas revivre \u00e7a<\/p>\n<p class=\" wall-content\">Une fois l\u2019exp\u00e9rience v\u00e9cue, je sais que ne souhaite pas la revivre. Sur ce point, Christian Clot propose trois grands axes pour limiter ce qui <strong>n\u2019est aujourd\u2019hui plus une possibilit\u00e9, mais bien une r\u00e9alit\u00e9 qui arrivera\u2009:<\/strong> \u00ab\u2009C\u2019est ce qui nous attend dans les ann\u00e9es 2050 en France. Pour contrer cela, <strong>r\u00e9duisons au maximum notre impact<\/strong>. Il va falloir <strong>changer nos horaires<\/strong> l\u2019\u00e9t\u00e9 en travaillant le matin et non plus l\u2019apr\u00e8s-midi, <strong>ajouter beaucoup d\u2019arbres, de v\u00e9g\u00e9tation et d\u2019ombri\u00e8res<\/strong> pour se prot\u00e9ger et <strong>r\u00e9fl\u00e9chir \u00e0 nos achats d\u2019appareils,<\/strong> type climatiseurs, car ceux que nous poss\u00e9dons aujourd\u2019hui <strong>ne fonctionnent plus au-del\u00e0 de 40 \u00e0 45\u00a0\u00b0C.\u2009\u00bb<\/strong><\/p>\n<p class=\" wall-content\">Quelques minutes apr\u00e8s l\u2019exp\u00e9rience, notre coll\u00e8gue, Emma, s\u2019en remet tout doucement\u2009: \u00ab\u2009J\u2019ai encore l\u2019impression d\u2019avoir chaud \u00e0 l\u2019int\u00e9rieur malgr\u00e9 le choc thermique \u00e0 la sortie. Et, malgr\u00e9 le fait que je sois habitu\u00e9e au sauna, j\u2019ai trouv\u00e9 ces <strong>30\u00a0minutes vraiment tr\u00e8s longues.<\/strong>\u2009\u00bb<\/p>\n<p class=\" wall-content\">Personnalisez votre actualit\u00e9 en ajoutant vos villes et m\u00e9dias en favori avec <a href=\"https:\/\/moncompte.actu.fr\" title=\"D\u00e9couvez Mon Actu\" rel=\"nofollow noopener\" data-trk=\"{&quot;cta&quot;:{&quot;action&quot;:&quot;https:\\\/\\\/moncompte.actu.fr&quot;,&quot;category&quot;:&quot;mon compte&quot;,&quot;from&quot;:&quot;article footer&quot;,&quot;name&quot;:&quot;Mon actu&quot;,&quot;type&quot;:&quot;cta&quot;}}\" target=\"_blank\">Mon Actu<\/a>.<\/p>\n<p>                    <script async src=\"\/\/www.instagram.com\/embed.js\"><\/script><\/p>\n","protected":false},"excerpt":{"rendered":"Par Brian Le Goff Publi\u00e9 le 10 d\u00e9c. 2025 \u00e0 18h39 Des exp\u00e9riences marquent plus que d\u2019autres. Et&hellip;\n","protected":false},"author":2,"featured_media":591226,"comment_status":"","ping_status":"","sticky":false,"template":"","format":"standard","meta":{"footnotes":""},"categories":[2821],"tags":[1111,11,829,4734,436,1777,674,1011,27,1757,12,5140,584,25],"class_list":{"0":"post-591225","1":"post","2":"type-post","3":"status-publish","4":"format-standard","5":"has-post-thumbnail","7":"category-rennes","8":"tag-actu","9":"tag-actualites","10":"tag-bretagne","11":"tag-changement-climatique","12":"tag-environnement","13":"tag-eu","14":"tag-europe","15":"tag-fr","16":"tag-france","17":"tag-insolite","18":"tag-news","19":"tag-rechauffement-climatique","20":"tag-rennes","21":"tag-republique-francaise"},"share_on_mastodon":{"url":"https:\/\/pubeurope.com\/@fr\/115696676354293086","error":""},"_links":{"self":[{"href":"https:\/\/www.europesays.com\/fr\/wp-json\/wp\/v2\/posts\/591225","targetHints":{"allow":["GET"]}}],"collection":[{"href":"https:\/\/www.europesays.com\/fr\/wp-json\/wp\/v2\/posts"}],"about":[{"href":"https:\/\/www.europesays.com\/fr\/wp-json\/wp\/v2\/types\/post"}],"author":[{"embeddable":true,"href":"https:\/\/www.europesays.com\/fr\/wp-json\/wp\/v2\/users\/2"}],"replies":[{"embeddable":true,"href":"https:\/\/www.europesays.com\/fr\/wp-json\/wp\/v2\/comments?post=591225"}],"version-history":[{"count":0,"href":"https:\/\/www.europesays.com\/fr\/wp-json\/wp\/v2\/posts\/591225\/revisions"}],"wp:featuredmedia":[{"embeddable":true,"href":"https:\/\/www.europesays.com\/fr\/wp-json\/wp\/v2\/media\/591226"}],"wp:attachment":[{"href":"https:\/\/www.europesays.com\/fr\/wp-json\/wp\/v2\/media?parent=591225"}],"wp:term":[{"taxonomy":"category","embeddable":true,"href":"https:\/\/www.europesays.com\/fr\/wp-json\/wp\/v2\/categories?post=591225"},{"taxonomy":"post_tag","embeddable":true,"href":"https:\/\/www.europesays.com\/fr\/wp-json\/wp\/v2\/tags?post=591225"}],"curies":[{"name":"wp","href":"https:\/\/api.w.org\/{rel}","templated":true}]}}