{"id":591227,"date":"2025-12-10T18:25:26","date_gmt":"2025-12-10T18:25:26","guid":{"rendered":"https:\/\/www.europesays.com\/fr\/591227\/"},"modified":"2025-12-10T18:25:26","modified_gmt":"2025-12-10T18:25:26","slug":"une-femme-bloquee-dans-sa-voiture-transportee-aux-urgences","status":"publish","type":"post","link":"https:\/\/www.europesays.com\/fr\/591227\/","title":{"rendered":"une femme bloqu\u00e9e dans sa voiture transport\u00e9e aux urgences"},"content":{"rendered":"<p>                    Par<br \/>\n        <strong><br \/>\n            <a href=\"https:\/\/actu.fr\/auteur\/clemence-pays02-actu-fr\" title=\"Consulter tous les articles de Cl\u00e9mence Pays\" target=\"_blank\" rel=\"noopener\">Cl\u00e9mence Pays<\/a><br \/>\n                    <\/strong><\/p>\n<p>        Publi\u00e9 le<\/p>\n<p>            10 d\u00e9c. 2025 \u00e0 18h13        <\/p>\n<p>C\u2019est \u00e0 15h20, mercredi 10\u00a0d\u00e9cembre 2025, que les sapeurs-pompiers sont intervenus sur la <strong>rocade de Rennes<\/strong> apr\u00e8s un accident. Le choc entre <strong>un poids lourd et deux voitures<\/strong> a eu lieu \u00e0 Cesson-S\u00e9vign\u00e9, au niveau de la porte de la Rigourdi\u00e8re, dans le sens Rennes-Paris.<\/p>\n<p class=\" wall-content\">Sur place, les secours ont constat\u00e9 la pr\u00e9sence de trois victimes.<\/p>\n<p>Une conductrice en urgence absolue<\/p>\n<p class=\" wall-content\">La conductrice de la voiture s\u2019est retrouv\u00e9e <strong>\u00ab\u2009bloqu\u00e9e dans le v\u00e9hicule\u2009\u00bb,<\/strong> retrace le Centre op\u00e9rationnel d\u00e9partemental d\u2019incendie et de secours (Codis). Apr\u00e8s avoir \u00e9t\u00e9 extraite de la voiture, la femme de 78\u00a0ans a \u00e9t\u00e9 <strong>transport\u00e9e \u00e0 l\u2019h\u00f4pital, \u00ab\u2009en urgence absolue\u2009\u00bb.<\/strong><\/p>\n<p class=\" wall-content\">Un automobiliste a \u00e9galement \u00e9t\u00e9 pris en charge<strong> \u00ab\u2009en urgence relative\u2009\u00bb<\/strong> et laiss\u00e9 sur place. La troisi\u00e8me personne impliqu\u00e9e ne pr\u00e9sente pas de blessure.<\/p>\n<p class=\" wall-content\">Selon Bison Fut\u00e9, plusieurs kilom\u00e8tres de bouchons se sont form\u00e9s apr\u00e8s l\u2019accident et durant l\u2019op\u00e9ration des secours qui a mobilis\u00e9<strong> seize sapeurs-pompiers<\/strong> au plus fort de l\u2019intervention.<\/p>\n<p class=\" wall-content\">Personnalisez votre actualit\u00e9 en ajoutant vos villes et m\u00e9dias en favori avec <a href=\"https:\/\/moncompte.actu.fr\" title=\"D\u00e9couvez Mon Actu\" rel=\"nofollow noopener\" data-trk=\"{&quot;cta&quot;:{&quot;action&quot;:&quot;https:\\\/\\\/moncompte.actu.fr&quot;,&quot;category&quot;:&quot;mon compte&quot;,&quot;from&quot;:&quot;article footer&quot;,&quot;name&quot;:&quot;Mon actu&quot;,&quot;type&quot;:&quot;cta&quot;}}\" target=\"_blank\">Mon Actu<\/a>.<\/p>\n","protected":false},"excerpt":{"rendered":"Par Cl\u00e9mence Pays Publi\u00e9 le 10 d\u00e9c. 2025 \u00e0 18h13 C\u2019est \u00e0 15h20, mercredi 10\u00a0d\u00e9cembre 2025, que les&hellip;\n","protected":false},"author":2,"featured_media":591228,"comment_status":"","ping_status":"","sticky":false,"template":"","format":"standard","meta":{"footnotes":""},"categories":[2821],"tags":[119,1111,11,829,1777,674,118,1011,27,12,1311,584,25,4797],"class_list":{"0":"post-591227","1":"post","2":"type-post","3":"status-publish","4":"format-standard","5":"has-post-thumbnail","7":"category-rennes","8":"tag-accident","9":"tag-actu","10":"tag-actualites","11":"tag-bretagne","12":"tag-eu","13":"tag-europe","14":"tag-faits-divers","15":"tag-fr","16":"tag-france","17":"tag-news","18":"tag-pompiers","19":"tag-rennes","20":"tag-republique-francaise","21":"tag-rocade"},"share_on_mastodon":{"url":"https:\/\/pubeurope.com\/@fr\/115696679163771103","error":""},"_links":{"self":[{"href":"https:\/\/www.europesays.com\/fr\/wp-json\/wp\/v2\/posts\/591227","targetHints":{"allow":["GET"]}}],"collection":[{"href":"https:\/\/www.europesays.com\/fr\/wp-json\/wp\/v2\/posts"}],"about":[{"href":"https:\/\/www.europesays.com\/fr\/wp-json\/wp\/v2\/types\/post"}],"author":[{"embeddable":true,"href":"https:\/\/www.europesays.com\/fr\/wp-json\/wp\/v2\/users\/2"}],"replies":[{"embeddable":true,"href":"https:\/\/www.europesays.com\/fr\/wp-json\/wp\/v2\/comments?post=591227"}],"version-history":[{"count":0,"href":"https:\/\/www.europesays.com\/fr\/wp-json\/wp\/v2\/posts\/591227\/revisions"}],"wp:featuredmedia":[{"embeddable":true,"href":"https:\/\/www.europesays.com\/fr\/wp-json\/wp\/v2\/media\/591228"}],"wp:attachment":[{"href":"https:\/\/www.europesays.com\/fr\/wp-json\/wp\/v2\/media?parent=591227"}],"wp:term":[{"taxonomy":"category","embeddable":true,"href":"https:\/\/www.europesays.com\/fr\/wp-json\/wp\/v2\/categories?post=591227"},{"taxonomy":"post_tag","embeddable":true,"href":"https:\/\/www.europesays.com\/fr\/wp-json\/wp\/v2\/tags?post=591227"}],"curies":[{"name":"wp","href":"https:\/\/api.w.org\/{rel}","templated":true}]}}