{"id":591239,"date":"2025-12-10T18:32:46","date_gmt":"2025-12-10T18:32:46","guid":{"rendered":"https:\/\/www.europesays.com\/fr\/591239\/"},"modified":"2025-12-10T18:32:46","modified_gmt":"2025-12-10T18:32:46","slug":"fc-nantes-six-mois-apres-son-arrivee-lentraineur-luis-castro-debarque-de-son-poste","status":"publish","type":"post","link":"https:\/\/www.europesays.com\/fr\/591239\/","title":{"rendered":"FC Nantes\u00a0: six mois apr\u00e8s son arriv\u00e9e, l&rsquo;entraineur Luis Castro d\u00e9barqu\u00e9 de son poste"},"content":{"rendered":"<p>Luis Castro n&rsquo;est plus l&rsquo;entraineur du FC Nantes. Arriv\u00e9 au d\u00e9but de l&rsquo;\u00e9t\u00e9 \u00e0 la Joneli\u00e8re, le technicien portugais part finalement six mois plus tard, avec seulement deux victoires \u00e0 son actif en Ligue 1. Et une situation pr\u00e9occupante en championnat, \u00e0 l&rsquo;approche des f\u00eates de fin d&rsquo;ann\u00e9e. <\/p>\n<p>\u00c0 l&rsquo;approche de la tr\u00eave hivernale, le FC Nantes change de plan sur son banc de touche. Apr\u00e8s avoir fait la traditionnelle conf\u00e9rence de presse d&rsquo;avant-match ce mercredi 10 d\u00e9cembre, l&rsquo;entraineur Luis Castro a finalement \u00e9t\u00e9 <strong>remerci\u00e9 par sa direction.<\/strong> Une information\u00a0<a target=\"_blank\" rel=\"nofollow noopener noreferrer\" class=\"IciLink ici-link IciArticleLink g-ici-body-regular-1 underline brand svelte-1chfe2s\" href=\"https:\/\/www.ouest-france.fr\/\">de nos confr\u00e8res de Ouest-France<\/a>, que nous sommes d\u00e9sormais en mesure de vous confirmer. Arriv\u00e9 de Dunkerque, o\u00f9 il officiait en Ligue 2, le technicien de 45 ans a pass\u00e9 six mois \u00e0 la Joneli\u00e8re, et paie les mauvais r\u00e9sultats de son \u00e9quipe cette saison en Ligue 1, le pire d\u00e9marrage en championnat du club sous l&rsquo;\u00e8re Kita.<\/p>\n<p><strong>En 15 matchs de championnat<\/strong>, Luis Castro n&rsquo;aura connu que deux victoires (contre Auxerre et le Paris FC). Le technicien portugais a \u00e9galement fait cinq matchs nuls, et huit d\u00e9faites. Un bilan comptable insuffisant, qui plonge le FC Nantes tout en bas du classement.<\/p>\n<p>Toujours selon nos confr\u00e8res de\u00a0<a target=\"_blank\" rel=\"nofollow noopener noreferrer\" class=\"IciLink ici-link IciArticleLink g-ici-body-regular-1 underline brand svelte-1chfe2s\" href=\"https:\/\/www.lequipe.fr\/\">L&rsquo;Equipe<\/a>\u00a0et de\u00a0<a target=\"_blank\" rel=\"nofollow noopener noreferrer\" class=\"IciLink ici-link IciArticleLink g-ici-body-regular-1 underline brand svelte-1chfe2s\" href=\"https:\/\/www.ouest-france.fr\/\">Ouest-France<\/a>, Ahmed Kantari serait pressenti pour succ\u00e9der au technicien portugais. Un nom d\u00e9j\u00e0 <strong>bien connu \u00e0 la Joneli\u00e8re<\/strong>, puisqu&rsquo;il \u00e9tait l&rsquo;adjoint d&rsquo;Antoine Kombouar\u00e9 la saison derni\u00e8re sur le banc du FC Nantes.<\/p>\n","protected":false},"excerpt":{"rendered":"Luis Castro n&rsquo;est plus l&rsquo;entraineur du FC Nantes. Arriv\u00e9 au d\u00e9but de l&rsquo;\u00e9t\u00e9 \u00e0 la Joneli\u00e8re, le technicien&hellip;\n","protected":false},"author":2,"featured_media":591240,"comment_status":"","ping_status":"","sticky":false,"template":"","format":"standard","meta":{"footnotes":""},"categories":[2818],"tags":[1111,11,1777,674,1011,27,766,12,2636,25],"class_list":{"0":"post-591239","1":"post","2":"type-post","3":"status-publish","4":"format-standard","5":"has-post-thumbnail","7":"category-nantes","8":"tag-actu","9":"tag-actualites","10":"tag-eu","11":"tag-europe","12":"tag-fr","13":"tag-france","14":"tag-nantes","15":"tag-news","16":"tag-pays-de-la-loire","17":"tag-republique-francaise"},"share_on_mastodon":{"url":"https:\/\/pubeurope.com\/@fr\/115696706772820603","error":""},"_links":{"self":[{"href":"https:\/\/www.europesays.com\/fr\/wp-json\/wp\/v2\/posts\/591239","targetHints":{"allow":["GET"]}}],"collection":[{"href":"https:\/\/www.europesays.com\/fr\/wp-json\/wp\/v2\/posts"}],"about":[{"href":"https:\/\/www.europesays.com\/fr\/wp-json\/wp\/v2\/types\/post"}],"author":[{"embeddable":true,"href":"https:\/\/www.europesays.com\/fr\/wp-json\/wp\/v2\/users\/2"}],"replies":[{"embeddable":true,"href":"https:\/\/www.europesays.com\/fr\/wp-json\/wp\/v2\/comments?post=591239"}],"version-history":[{"count":0,"href":"https:\/\/www.europesays.com\/fr\/wp-json\/wp\/v2\/posts\/591239\/revisions"}],"wp:featuredmedia":[{"embeddable":true,"href":"https:\/\/www.europesays.com\/fr\/wp-json\/wp\/v2\/media\/591240"}],"wp:attachment":[{"href":"https:\/\/www.europesays.com\/fr\/wp-json\/wp\/v2\/media?parent=591239"}],"wp:term":[{"taxonomy":"category","embeddable":true,"href":"https:\/\/www.europesays.com\/fr\/wp-json\/wp\/v2\/categories?post=591239"},{"taxonomy":"post_tag","embeddable":true,"href":"https:\/\/www.europesays.com\/fr\/wp-json\/wp\/v2\/tags?post=591239"}],"curies":[{"name":"wp","href":"https:\/\/api.w.org\/{rel}","templated":true}]}}