{"id":591245,"date":"2025-12-10T18:36:28","date_gmt":"2025-12-10T18:36:28","guid":{"rendered":"https:\/\/www.europesays.com\/fr\/591245\/"},"modified":"2025-12-10T18:36:28","modified_gmt":"2025-12-10T18:36:28","slug":"collision-frontale-un-jeune-homme-de-20-ans-heliporte-dans-un-etat-critique-apres-un-violent-accident","status":"publish","type":"post","link":"https:\/\/www.europesays.com\/fr\/591245\/","title":{"rendered":"Collision frontale\u00a0: un jeune homme de 20 ans h\u00e9liport\u00e9 dans un \u00e9tat critique apr\u00e8s un violent accident"},"content":{"rendered":"<p>\n                                                                    l&rsquo;essentiel<br \/>\n                                                                Un jeune homme de 20 ans a \u00e9t\u00e9 tr\u00e8s gri\u00e8vement bless\u00e9 dans un choc frontal, mercredi 10\u00a0d\u00e9cembre 2025, en Haute-Garonne. Il a d\u00fb \u00eatre h\u00e9liport\u00e9.\n                            <\/p>\n<p>Le choc, frontal, s\u2019est produit \u00ab\u00a0\u00e0 forte cin\u00e9tique\u00a0\u00bb selon les sapeurs-pompiers du SDIS 31. Mercredi 10\u00a0d\u00e9cembre 2025, peu apr\u00e8s 13\u00a0h\u00a030, un accident de la circulation s\u2019est produit sur la commune de Montpitol (Haute-Garonne), au nord-est de Toulouse.<\/p>\n<p>Selon les premiers \u00e9l\u00e9ments de l\u2019enqu\u00eate, deux v\u00e9hicules qui circulaient route de Verfeil se sont retrouv\u00e9s face \u00e0 face. La collision, violente, a fait deux bless\u00e9s.<\/p>\n<p>Une femme de 63 ans \u00e9galement bless\u00e9e<\/p>\n<p>Un jeune homme de 20 ans a \u00e9t\u00e9 \u00e9vacu\u00e9 \u00ab\u00a0en urgence absolue\u00a0\u00bb par l\u2019h\u00e9licopt\u00e8re du Samu, vers un h\u00f4pital toulousain. Son pronostic vital serait engag\u00e9. Moins s\u00e9rieusement touch\u00e9e, une femme de 63 ans a \u00e9t\u00e9 transport\u00e9e vers un service de soins de proximit\u00e9.<\/p>\n<p>Au total, l\u2019intervention a mobilis\u00e9 une douzaine de pompiers et cinq engins. La gendarmerie a ouvert une enqu\u00eate pour d\u00e9terminer les circonstances exactes de la collision.<\/p>\n","protected":false},"excerpt":{"rendered":"l&rsquo;essentiel Un jeune homme de 20 ans a \u00e9t\u00e9 tr\u00e8s gri\u00e8vement bless\u00e9 dans un choc frontal, mercredi 10\u00a0d\u00e9cembre&hellip;\n","protected":false},"author":2,"featured_media":591246,"comment_status":"","ping_status":"","sticky":false,"template":"","format":"standard","meta":{"footnotes":""},"categories":[2816],"tags":[1111,11,1777,674,118,1011,27,2722,12,2680,25,2312],"class_list":{"0":"post-591245","1":"post","2":"type-post","3":"status-publish","4":"format-standard","5":"has-post-thumbnail","7":"category-toulouse","8":"tag-actu","9":"tag-actualites","10":"tag-eu","11":"tag-europe","12":"tag-faits-divers","13":"tag-fr","14":"tag-france","15":"tag-haute-garonne","16":"tag-news","17":"tag-occitanie","18":"tag-republique-francaise","19":"tag-toulouse"},"share_on_mastodon":{"url":"https:\/\/pubeurope.com\/@fr\/115696722422498124","error":""},"_links":{"self":[{"href":"https:\/\/www.europesays.com\/fr\/wp-json\/wp\/v2\/posts\/591245","targetHints":{"allow":["GET"]}}],"collection":[{"href":"https:\/\/www.europesays.com\/fr\/wp-json\/wp\/v2\/posts"}],"about":[{"href":"https:\/\/www.europesays.com\/fr\/wp-json\/wp\/v2\/types\/post"}],"author":[{"embeddable":true,"href":"https:\/\/www.europesays.com\/fr\/wp-json\/wp\/v2\/users\/2"}],"replies":[{"embeddable":true,"href":"https:\/\/www.europesays.com\/fr\/wp-json\/wp\/v2\/comments?post=591245"}],"version-history":[{"count":0,"href":"https:\/\/www.europesays.com\/fr\/wp-json\/wp\/v2\/posts\/591245\/revisions"}],"wp:featuredmedia":[{"embeddable":true,"href":"https:\/\/www.europesays.com\/fr\/wp-json\/wp\/v2\/media\/591246"}],"wp:attachment":[{"href":"https:\/\/www.europesays.com\/fr\/wp-json\/wp\/v2\/media?parent=591245"}],"wp:term":[{"taxonomy":"category","embeddable":true,"href":"https:\/\/www.europesays.com\/fr\/wp-json\/wp\/v2\/categories?post=591245"},{"taxonomy":"post_tag","embeddable":true,"href":"https:\/\/www.europesays.com\/fr\/wp-json\/wp\/v2\/tags?post=591245"}],"curies":[{"name":"wp","href":"https:\/\/api.w.org\/{rel}","templated":true}]}}