{"id":591253,"date":"2025-12-10T18:42:27","date_gmt":"2025-12-10T18:42:27","guid":{"rendered":"https:\/\/www.europesays.com\/fr\/591253\/"},"modified":"2025-12-10T18:42:27","modified_gmt":"2025-12-10T18:42:27","slug":"miss-france-2026-destituee-de-son-echarpe-de-miss-provence-julie-zitouni-contre-attaque","status":"publish","type":"post","link":"https:\/\/www.europesays.com\/fr\/591253\/","title":{"rendered":"Miss France 2026. Destitu\u00e9e de son \u00e9charpe de Miss Provence, Julie Zitouni contre-attaque"},"content":{"rendered":"<p>                    Par<br \/>\n        <strong><br \/>\n            <a href=\"https:\/\/actu.fr\/auteur\/thibault-nadal-actu-fr\" title=\"Consulter tous les articles de Thibault Nadal\" target=\"_blank\" rel=\"noopener\">Thibault Nadal<\/a><br \/>\n                    <\/strong><\/p>\n<p>        Publi\u00e9 le<\/p>\n<p>            10 d\u00e9c. 2025 \u00e0 18h23        <\/p>\n<p>Elle a d\u00e9cid\u00e9 de ne pas en rester l\u00e0. <a href=\"https:\/\/actu.fr\/provence-alpes-cote-d-azur\/marseille_13055\/propos-choquants-a-miss-france-2026-julie-zitouni-miss-provence-dechue-de-son-titre_63550869.html\" target=\"_blank\" rel=\"noopener\">D\u00e9chue de son titre de Miss Provenc<\/a>e lundi apr\u00e8s avoir <a href=\"https:\/\/actu.fr\/provence-alpes-cote-d-azur\/marseille_13055\/miss-france-2026-miss-provence-julie-zitouni-au-coeur-d-une-vive-polemique-apres-des-propos-choquants_63544902.html\" target=\"_blank\" rel=\"noopener\">tenu des propos pol\u00e9miques<\/a> \u00e0 la suite de la soir\u00e9e de <a href=\"https:\/\/actu.fr\/tag\/miss-france\" target=\"_blank\" rel=\"noopener\">Miss France 2026<\/a>, Julie Zitouni a fait le choix de contre-attaquer.<\/p>\n<p class=\" wall-content\">Ce mercredi 10\u00a0d\u00e9cembre 2025, dans un communiqu\u00e9 transmis par son avocat, Me Xavier Pizzaro, la <a href=\"https:\/\/actu.fr\/marseille\/\" target=\"_blank\" rel=\"noopener\">Marseillaise<\/a> a d\u00e9cid\u00e9 de <strong>porter plainte pour \u00ab\u2009diffamation\u2009\u00bb et \u00ab\u2009cyberharc\u00e8lement\u2009\u00bb<\/strong>.<\/p>\n<p>Deux plaintes d\u00e9pos\u00e9es<\/p>\n<p class=\" wall-content\">La premi\u00e8re plainte pour \u00ab\u2009diffamation\u2009\u00bb vise, selon La Provence, <strong>le blogueur Aqababe<\/strong>, \u00e0 l\u2019origine de la diffusion de la vid\u00e9o pol\u00e9mique. Mais dans un deuxi\u00e8me message, il \u00e9crivait\u2009: \u00ab\u2009\u00c0 savoir que Miss Provence n\u2019a pas \u00e9t\u00e9 retenue dans le top\u00a012 de Miss France, apr\u00e8s avoir \u00e9t\u00e9 <strong>surprise dans sa chambre en train de fumer des joints<\/strong>.\u2009\u00bb<\/p>\n<p class=\" wall-content\">\n<p class=\" wall-content\"><strong>Une affirmation totalement mensong\u00e8re<\/strong>, selon Julie Zitouni et son avocat. \u00ab\u2009Parall\u00e8lement, certains commentateurs ou intervenants m\u00e9diatiques, qu\u2019elle n\u2019a jamais rencontr\u00e9s, diffusent \u00e0 son sujet des propos manifestement diffamatoires et attentatoires \u00e0 son honneur\u2009\u00bb, lit-on dans le communiqu\u00e9. Il assure que ces affirmations ont eu <strong>\u00ab\u2009de graves cons\u00e9quences psychologiques\u2009\u00bb<\/strong> sur la d\u00e9sormais ex-Miss Provence.<\/p>\n<p class=\" wall-content\">Enfin, depuis la sortie de la vid\u00e9o controvers\u00e9e o\u00f9 l\u2019on voit Julie Zitouni, accompagn\u00e9e de Miss Aquitaine, insulter les 12 finalistes, l\u2019avocat estime que sa cliente est <strong>victime de cyberharc\u00e8lement<\/strong>, avec notamment des appels aux viols et des menaces. Une plainte <strong>contre X<\/strong> va \u00eatre d\u00e9pos\u00e9e.<\/p>\n<p>\u00ab\u2009Toutes des putes\u2009\u00bb<\/p>\n<p class=\" wall-content\">Non qualifi\u00e9e pour la phase finale lors de la soir\u00e9e de Miss France, Julie Zitouni avait, dans la nuit de samedi \u00e0 dimanche, <strong>insult\u00e9 violemment ses 12 concurrentes<\/strong>, en compagnie de Miss Aquitaine.<\/p>\n<p class=\" wall-content\">\u00ab\u2009D\u00e9sol\u00e9e, mais qu\u2019est-ce que c\u2019est que ce Top\u00a012\u2009? Je ne veux pas faire ma rageuse mais\u2026 c\u2019est quoi ce Top\u00a012 s\u2019il vous pla\u00eet\u2009? Allo la terre\u2009\u00bb, lance A\u00efnhoa Lahitete dans une vid\u00e9o diffus\u00e9e sur Snapchat. \u00c0 ce moment, Julie Zitouni rench\u00e9rit\u2009: \u00ab\u2009<strong>Toutes des grosses putes<\/strong> voil\u00e0\u2009\u00bb. Sa camarade conclut par un \u00ab\u2009pas toutes, mais beaucoup\u2009\u00bb.<\/p>\n<p>Votre r\u00e9gion, votre actu !<\/p>\n<p>Recevez chaque jour les infos qui comptent pour vous.<\/p>\n<p>\t<a href=\"https:\/\/actu.fr\/newsletter\" class=\"ac-btn ac-btn--corner ac-btn--medium ac-btn--blue800\" target=\"_blank\" rel=\"noopener\">S&rsquo;incrire<\/a><\/p>\n<p class=\" wall-content\">D\u00e8s le lendemain, l\u2019ancienne Miss Provence avait pr\u00e9sent\u00e9 ses excuses dans un communiqu\u00e9, expliquant que le mot \u00ab\u2009pute\u2009\u00bb <strong>signifiait \u00ab\u2009chanceuse ou veinarde\u2009\u00bb<\/strong>.<\/p>\n<p class=\" wall-content\">Des explications qui n\u2019avaient pas suffi, puisque les deux femmes ont \u00e9t\u00e9 <strong>destitu\u00e9es<\/strong> de leurs titres de miss r\u00e9gionales.<\/p>\n<p class=\" wall-content\">Personnalisez votre actualit\u00e9 en ajoutant vos villes et m\u00e9dias en favori avec <a href=\"https:\/\/moncompte.actu.fr\" title=\"D\u00e9couvez Mon Actu\" rel=\"nofollow noopener\" data-trk=\"{&quot;cta&quot;:{&quot;action&quot;:&quot;https:\\\/\\\/moncompte.actu.fr&quot;,&quot;category&quot;:&quot;mon compte&quot;,&quot;from&quot;:&quot;article footer&quot;,&quot;name&quot;:&quot;Mon actu&quot;,&quot;type&quot;:&quot;cta&quot;}}\" target=\"_blank\">Mon Actu<\/a>.<\/p>\n","protected":false},"excerpt":{"rendered":"Par Thibault Nadal Publi\u00e9 le 10 d\u00e9c. 2025 \u00e0 18h23 Elle a d\u00e9cid\u00e9 de ne pas en rester&hellip;\n","protected":false},"author":2,"featured_media":586183,"comment_status":"","ping_status":"","sticky":false,"template":"","format":"standard","meta":{"footnotes":""},"categories":[2814],"tags":[1111,11,1777,674,1011,27,303,884,3034,12,882,25,104],"class_list":{"0":"post-591253","1":"post","2":"type-post","3":"status-publish","4":"format-standard","5":"has-post-thumbnail","7":"category-marseille","8":"tag-actu","9":"tag-actualites","10":"tag-eu","11":"tag-europe","12":"tag-fr","13":"tag-france","14":"tag-justice","15":"tag-marseille","16":"tag-miss-france","17":"tag-news","18":"tag-provence-alpes-cote-dazur","19":"tag-republique-francaise","20":"tag-societe"},"share_on_mastodon":{"url":"https:\/\/pubeurope.com\/@fr\/115696746100980929","error":""},"_links":{"self":[{"href":"https:\/\/www.europesays.com\/fr\/wp-json\/wp\/v2\/posts\/591253","targetHints":{"allow":["GET"]}}],"collection":[{"href":"https:\/\/www.europesays.com\/fr\/wp-json\/wp\/v2\/posts"}],"about":[{"href":"https:\/\/www.europesays.com\/fr\/wp-json\/wp\/v2\/types\/post"}],"author":[{"embeddable":true,"href":"https:\/\/www.europesays.com\/fr\/wp-json\/wp\/v2\/users\/2"}],"replies":[{"embeddable":true,"href":"https:\/\/www.europesays.com\/fr\/wp-json\/wp\/v2\/comments?post=591253"}],"version-history":[{"count":0,"href":"https:\/\/www.europesays.com\/fr\/wp-json\/wp\/v2\/posts\/591253\/revisions"}],"wp:featuredmedia":[{"embeddable":true,"href":"https:\/\/www.europesays.com\/fr\/wp-json\/wp\/v2\/media\/586183"}],"wp:attachment":[{"href":"https:\/\/www.europesays.com\/fr\/wp-json\/wp\/v2\/media?parent=591253"}],"wp:term":[{"taxonomy":"category","embeddable":true,"href":"https:\/\/www.europesays.com\/fr\/wp-json\/wp\/v2\/categories?post=591253"},{"taxonomy":"post_tag","embeddable":true,"href":"https:\/\/www.europesays.com\/fr\/wp-json\/wp\/v2\/tags?post=591253"}],"curies":[{"name":"wp","href":"https:\/\/api.w.org\/{rel}","templated":true}]}}