{"id":591260,"date":"2025-12-10T18:49:33","date_gmt":"2025-12-10T18:49:33","guid":{"rendered":"https:\/\/www.europesays.com\/fr\/591260\/"},"modified":"2025-12-10T18:49:33","modified_gmt":"2025-12-10T18:49:33","slug":"la-part-des-auteurs-etrangers-en-hausse","status":"publish","type":"post","link":"https:\/\/www.europesays.com\/fr\/591260\/","title":{"rendered":"la part des auteurs \u00e9trangers en hausse"},"content":{"rendered":"<p>Des chiffres frappants. \u00c0 l\u2019occasion d\u2019une journ\u00e9e de mobilisation contre les violences dans les transports organis\u00e9s ce mardi par la r\u00e9gion \u00cele-de-France, le <a href=\"https:\/\/www.lefigaro.fr\/actualite-france\/ile-de-france-dans-les-transports-de-plus-en-plus-d-agressions-sexuelles-sont-commises-par-des-etrangers-20251209?utm_content=photo&amp;utm_term=Le_Figaro&amp;utm_campaign=Nonli&amp;utm_medium=Social&amp;utm_source=Twitter\" target=\"_blank\" rel=\"noopener\">Figaro<\/a> est revenu sur ce ph\u00e9nom\u00e8ne en hausse ainsi que sur la surrepr\u00e9sentation des \u00e9trangers chez les auteurs de ces agressions, officiellement \u00e9tablie par les donn\u00e9es officielles du minist\u00e8re de l\u2019Int\u00e9rieur. De quoi faire, peut-\u00eatre, faire \u00e9voluer <a href=\"https:\/\/www.lejdd.fr\/politique\/un-socialiste-a-beauvau-nunez-nie-le-lien-entre-immigration-et-delinquance-et-sattire-les-foudres-du-rn-163241\" target=\"_blank\" rel=\"noopener\">Laurent Nunez sur la question<\/a>\u2026 Fin octobre, le premier flic de France a <a href=\"https:\/\/www.lejdd.fr\/politique\/un-socialiste-a-beauvau-nunez-nie-le-lien-entre-immigration-et-delinquance-et-sattire-les-foudres-du-rn-163241\" target=\"_blank\" rel=\"noopener\">refus\u00e9 d\u2019\u00e9tablir un lien entre immigration et d\u00e9linquance<\/a>, au nom du refus de tout discours \u00ab\u00a0blessant\u00a0\u00bb ou \u00ab\u00a0brutal\u00a0\u00bb.<\/p>\n<p>En 2024, les forces de l\u2019ordre ont recens\u00e9 1 486 victimes d\u2019agressions sexuelles dans les transports franciliens, d\u2019apr\u00e8s le Service statistique du minist\u00e8re de l\u2019Int\u00e9rieur (SSMI). Un total en progression de 9\u00a0% en un an et de 62\u00a0% depuis 2016, ce qui repr\u00e9sente plus de quatre agressions quotidiennes en moyenne. Un bilan d\u00e9j\u00e0 alarmant, et pourtant incomplet, nombre de victimes ne d\u00e9posant pas plainte. Presque tous les auteurs de ces m\u00e9faits sont des hommes (99\u00a0% en 2024) et la majorit\u00e9 sont des jeunes, avec 39\u00a0% \u00e2g\u00e9s de 30 \u00e0 49\u00a0ans et 27\u00a0% entre 18 et 29\u00a0ans. Les faits se concentrent essentiellement sur les lignes ferroviaires (42\u00a0%), suivies du m\u00e9tro (31\u00a0%) puis des bus et tramways (28\u00a0%).<\/p>\n<p>    La suite apr\u00e8s cette publicit\u00e9<\/p>\n<p>Le poids important des Africains parmi les auteurs<\/p>\n<p>Mais c\u2019est l\u2019origine des agresseurs qui retient le plus l\u2019attention\u00a0: en 2024, 62\u00a0% des mis en cause \u00e9taient \u00e9trangers, une proportion qui progresse r\u00e9guli\u00e8rement depuis 2016 (o\u00f9 elle s\u2019\u00e9tablissait \u00e0 40\u00a0%). Dans le d\u00e9tail, 20\u00a0% \u00e9taient originaires du Maghreb, 18\u00a0% d\u2019<a href=\"https:\/\/www.lejdd.fr\/dossiers\/afrique\" target=\"_blank\" rel=\"noopener\">Afrique<\/a> subsaharienne, 7\u00a0% d\u2019Europe, 14\u00a0% d\u2019Asie ou du Moyen-Orient et 2\u00a0% du continent am\u00e9ricain. Des donn\u00e9es \u00e0 nuancer par les d\u00e9finitions de l\u2019Insee\u00a0: un mineur n\u00e9 en France de parents \u00e9trangers demeure juridiquement \u00ab\u00a0\u00e9tranger\u00a0\u00bb jusqu\u2019\u00e0 sa majorit\u00e9, tandis qu\u2019un immigr\u00e9 naturalis\u00e9 ne l\u2019est plus aux yeux de l\u2019\u00e9tat civil.<\/p>\n<p>    La suite apr\u00e8s cette publicit\u00e9<\/p>\n<p>\u00c0 l\u2019\u00e9chelle nationale, la tendance reste marqu\u00e9e m\u00eame si elle est moins accentu\u00e9e\u00a0: 41\u00a0% des agressions sexuelles commises dans les transports en 2024 l\u2019ont \u00e9t\u00e9 par des \u00e9trangers, dont 14\u00a0% de Maghr\u00e9bins, 11\u00a0% d\u2019Africains subsahariens, 6\u00a0% d\u2019Europ\u00e9ens, 9\u00a0% d\u2019Asiatiques et 1\u00a0% d\u2019Am\u00e9ricains. Des proportions qui contrastent fortement avec leur poids d\u00e9mographique\u00a0: 6\u00a0millions d\u2019\u00e9trangers r\u00e9sidaient en France en 2024, soit 8,8\u00a0% de la population. Parmi eux, 46\u00a0% \u00e9taient de nationalit\u00e9 africaine, l\u2019\u00e9quivalent d\u2019environ 2,7\u00a0millions de personnes (4\u00a0% de la population). Or, en \u00cele-de-France, 38\u00a0% des agressions sexuelles recens\u00e9es dans les transports l\u2019an dernier ont \u00e9t\u00e9 imput\u00e9es \u00e0 des auteurs originaires du continent africain (Maghreb compris).<\/p>\n","protected":false},"excerpt":{"rendered":"Des chiffres frappants. \u00c0 l\u2019occasion d\u2019une journ\u00e9e de mobilisation contre les violences dans les transports organis\u00e9s ce mardi&hellip;\n","protected":false},"author":2,"featured_media":591261,"comment_status":"","ping_status":"","sticky":false,"template":"","format":"standard","meta":{"footnotes":""},"categories":[1592],"tags":[1111,11,1777,674,1011,27,662,12,626,25],"class_list":{"0":"post-591260","1":"post","2":"type-post","3":"status-publish","4":"format-standard","5":"has-post-thumbnail","7":"category-ile-de-france","8":"tag-actu","9":"tag-actualites","10":"tag-eu","11":"tag-europe","12":"tag-fr","13":"tag-france","14":"tag-ile-de-france","15":"tag-news","16":"tag-paris","17":"tag-republique-francaise"},"share_on_mastodon":{"url":"https:\/\/pubeurope.com\/@fr\/115696773541316620","error":""},"_links":{"self":[{"href":"https:\/\/www.europesays.com\/fr\/wp-json\/wp\/v2\/posts\/591260","targetHints":{"allow":["GET"]}}],"collection":[{"href":"https:\/\/www.europesays.com\/fr\/wp-json\/wp\/v2\/posts"}],"about":[{"href":"https:\/\/www.europesays.com\/fr\/wp-json\/wp\/v2\/types\/post"}],"author":[{"embeddable":true,"href":"https:\/\/www.europesays.com\/fr\/wp-json\/wp\/v2\/users\/2"}],"replies":[{"embeddable":true,"href":"https:\/\/www.europesays.com\/fr\/wp-json\/wp\/v2\/comments?post=591260"}],"version-history":[{"count":0,"href":"https:\/\/www.europesays.com\/fr\/wp-json\/wp\/v2\/posts\/591260\/revisions"}],"wp:featuredmedia":[{"embeddable":true,"href":"https:\/\/www.europesays.com\/fr\/wp-json\/wp\/v2\/media\/591261"}],"wp:attachment":[{"href":"https:\/\/www.europesays.com\/fr\/wp-json\/wp\/v2\/media?parent=591260"}],"wp:term":[{"taxonomy":"category","embeddable":true,"href":"https:\/\/www.europesays.com\/fr\/wp-json\/wp\/v2\/categories?post=591260"},{"taxonomy":"post_tag","embeddable":true,"href":"https:\/\/www.europesays.com\/fr\/wp-json\/wp\/v2\/tags?post=591260"}],"curies":[{"name":"wp","href":"https:\/\/api.w.org\/{rel}","templated":true}]}}