{"id":591262,"date":"2025-12-10T18:52:16","date_gmt":"2025-12-10T18:52:16","guid":{"rendered":"https:\/\/www.europesays.com\/fr\/591262\/"},"modified":"2025-12-10T18:52:16","modified_gmt":"2025-12-10T18:52:16","slug":"victime-dun-malaise-le-chauffeur-dun-bus-scolaire-gare-son-vehicule-avant-de-mourir-42-enfants-sauves","status":"publish","type":"post","link":"https:\/\/www.europesays.com\/fr\/591262\/","title":{"rendered":"Victime d\u2019un malaise, le chauffeur d\u2019un bus scolaire gare son v\u00e9hicule avant de mourir, 42 enfants sauv\u00e9s"},"content":{"rendered":"<p class=\"paragraph text_align_left lp-f-body-02\">Son dernier geste a probablement permis de sauver plusieurs dizaines d\u2019enfants. Un <a href=\"https:\/\/www.leparisien.fr\/seine-et-marne-77\/plus-de-peur-que-mal-des-blesses-legers-dans-le-car-des-lyceens-renverse-dans-un-champ-a-claye-souilly-04-11-2025-KKEKCGNERRBIZEM5BMP7WI4CRQ.php\" target=\"_self\" rel=\"noopener\">chauffeur de bus scolaire<\/a>, qui ramenait 42 lyc\u00e9ens d\u2019une sortie th\u00e9\u00e2tre en <a href=\"https:\/\/www.leparisien.fr\/charente-maritime-17\/\" target=\"_self\" rel=\"noopener\">Charente-Maritime<\/a>, a pris le temps de garer son v\u00e9hicule sur le bas-c\u00f4t\u00e9 de la route avant de mourir, mardi soir, victime d\u2019un arr\u00eat cardiaque, rapporte <a href=\"https:\/\/www.francebleu.fr\/infos\/faits-divers-justice\/un-conducteur-de-car-decede-d-un-malaise-cardiaque-en-charente-maritime-mais-sauve-les-eleves-qu-il-transportait-1797898\" target=\"_blank\" rel=\"noreferrer noopener\">Ici Charente<\/a>.<\/p>\n<p class=\"paragraph text_align_left lp-f-body-02\">Les \u00e9l\u00e8ves sont scolaris\u00e9s au lyc\u00e9e de la Mer et du Littoral de Bourcefranc-le-Chapus. \u00ab\u00a0Le bus les ramenait de la Sc\u00e8ne nationale de La\u00a0Rochelle \u00e0 Bourcefranc, lorsque le chauffeur s\u2019est senti mal \u00e0 hauteur de Saint-Vivien\u00a0\u00bb, confirme au Parisien St\u00e9phane Villain, maire de Ch\u00e2telaillon-Plage et pr\u00e9sident du SDIS Charente-Maritime.<\/p>\n<p class=\"paragraph text_align_left lp-f-body-02\">\u00ab\u00a0Il a gar\u00e9 son car en urgence, car il s\u2019est mis \u00e0 vomir du sang. C\u2019est une adulte qui a vu qu\u2019il n\u2019\u00e9tait pas bien et qui lui a pr\u00e9conis\u00e9 de se garer, continue St\u00e9phane Villain. Et c\u2019est ce qu\u2019il a fait, heureusement, parce que \u00e7a aurait pu \u00eatre beaucoup plus grave.\u00a0\u00bb<\/p>\n<p>\u00ab\u00a0Pas de choc psychologique\u00a0\u00bb<\/p>\n<p class=\"paragraph text_align_left lp-f-body-02\">Selon nos confr\u00e8res d\u2019Ici, les professeurs pr\u00e9sents ont alors appel\u00e9 les secours \u00e0 21h21 et mis en s\u00e9curit\u00e9 les lyc\u00e9ens, avant que ces derniers soient transf\u00e9r\u00e9s dans une salle polyvalente de Saint-Vivien.<\/p>\n<p class=\"paragraph text_align_left lp-f-body-02\">Malgr\u00e9 l\u2019intervention des sapeurs-pompiers, qui ont pratiqu\u00e9 un massage cardiaque, le chauffeur, \u00e2g\u00e9 de 55\u00a0ans, est d\u00e9c\u00e9d\u00e9. \u00ab\u00a0Il s\u2019agit d\u2019une personne qui, semblerait-il, \u00e9tait malade\u00a0\u00bb, pr\u00e9cise le maire de Ch\u00e2telaillon-Plage, St\u00e9phane Villain.<\/p>\n<p class=\"paragraph text_align_left lp-f-body-02\">Les lyc\u00e9ens ont \u00e9t\u00e9 mis \u00e0 l\u2019abri dans la salle municipale de Saint-Vivien. \u00ab\u00a0On s\u2019en est tr\u00e8s bien occup\u00e9. Ils ont jou\u00e9 au basket le temps qu\u2019un dispositif d\u2019accompagnement soit mis en place. Il semblerait qu\u2019il n\u2019y ait pas de choc psychologique, d\u2019ailleurs la cellule psychologique a \u00e9t\u00e9 abandonn\u00e9e. Les adultes ont s\u00fbrement \u00e9t\u00e9 plus choqu\u00e9s\u00a0\u00bb, relate St\u00e9phane Villain.<\/p>\n<p class=\"paragraph text_align_left lp-f-body-02\">Apr\u00e8s une heure pass\u00e9e dans la salle de Saint-Vivien, les \u00e9l\u00e8ves ont \u00e9t\u00e9 ramen\u00e9s \u00e0 leur lyc\u00e9e avec un nouveau chauffeur de bus.<\/p>\n","protected":false},"excerpt":{"rendered":"Son dernier geste a probablement permis de sauver plusieurs dizaines d\u2019enfants. Un chauffeur de bus scolaire, qui ramenait&hellip;\n","protected":false},"author":2,"featured_media":476477,"comment_status":"","ping_status":"","sticky":false,"template":"","format":"standard","meta":{"footnotes":""},"categories":[1888],"tags":[1111,1928,11,1927,37881,459,1777,674,118,1011,27,12,1926,626,1925,25],"class_list":{"0":"post-591262","1":"post","2":"type-post","3":"status-publish","4":"format-standard","5":"has-post-thumbnail","7":"category-paris","8":"tag-actu","9":"tag-actu-paris","10":"tag-actualites","11":"tag-actualites-paris","12":"tag-charente-maritime-17","13":"tag-departements-horsidfo","14":"tag-eu","15":"tag-europe","16":"tag-faits-divers","17":"tag-fr","18":"tag-france","19":"tag-news","20":"tag-news-paris","21":"tag-paris","22":"tag-paris-news","23":"tag-republique-francaise"},"share_on_mastodon":{"url":"https:\/\/pubeurope.com\/@fr\/115696785516226835","error":""},"_links":{"self":[{"href":"https:\/\/www.europesays.com\/fr\/wp-json\/wp\/v2\/posts\/591262","targetHints":{"allow":["GET"]}}],"collection":[{"href":"https:\/\/www.europesays.com\/fr\/wp-json\/wp\/v2\/posts"}],"about":[{"href":"https:\/\/www.europesays.com\/fr\/wp-json\/wp\/v2\/types\/post"}],"author":[{"embeddable":true,"href":"https:\/\/www.europesays.com\/fr\/wp-json\/wp\/v2\/users\/2"}],"replies":[{"embeddable":true,"href":"https:\/\/www.europesays.com\/fr\/wp-json\/wp\/v2\/comments?post=591262"}],"version-history":[{"count":0,"href":"https:\/\/www.europesays.com\/fr\/wp-json\/wp\/v2\/posts\/591262\/revisions"}],"wp:featuredmedia":[{"embeddable":true,"href":"https:\/\/www.europesays.com\/fr\/wp-json\/wp\/v2\/media\/476477"}],"wp:attachment":[{"href":"https:\/\/www.europesays.com\/fr\/wp-json\/wp\/v2\/media?parent=591262"}],"wp:term":[{"taxonomy":"category","embeddable":true,"href":"https:\/\/www.europesays.com\/fr\/wp-json\/wp\/v2\/categories?post=591262"},{"taxonomy":"post_tag","embeddable":true,"href":"https:\/\/www.europesays.com\/fr\/wp-json\/wp\/v2\/tags?post=591262"}],"curies":[{"name":"wp","href":"https:\/\/api.w.org\/{rel}","templated":true}]}}