{"id":591263,"date":"2025-12-10T18:53:49","date_gmt":"2025-12-10T18:53:49","guid":{"rendered":"https:\/\/www.europesays.com\/fr\/591263\/"},"modified":"2025-12-10T18:53:49","modified_gmt":"2025-12-10T18:53:49","slug":"claire-chazal-69-ans-vit-dans-un-appartement-chic-et-lumineux-dans-cet-arrondissement-de-paris-tres-prise","status":"publish","type":"post","link":"https:\/\/www.europesays.com\/fr\/591263\/","title":{"rendered":"Claire Chazal (69 ans) vit dans un appartement chic et lumineux, dans cet arrondissement de Paris tr\u00e8s pris\u00e9"},"content":{"rendered":"<p>Les t\u00e9l\u00e9spectateurs l\u00a0\u00bbont longtemps vue derri\u00e8re le bureau du 20<br \/>\nheures ; aujourd&rsquo;hui, c&rsquo;est son salon immacul\u00e9 qui s&rsquo;invite sur les<br \/>\n\u00e9crans. Dans son vaste pied-\u00e0-terre parisien, <strong>Claire<br \/>\nChazal<\/strong> re\u00e7oit d\u00e9sormais \u00e9crivains, artistes et<br \/>\nintellectuels, sous l&rsquo;\u0153il discret des cam\u00e9ras de sa cha\u00eene YouTube.<br \/>\nMurs blancs, lumi\u00e8re g\u00e9n\u00e9reuse, piano noir en point de rep\u00e8re, tout<br \/>\ny respire un luxe calme sans ostentation.<\/p>\n<p>Cette vie plus intime se d\u00e9roule dans un<br \/>\n<strong>appartement<\/strong> de <strong>200 m\u00b2<\/strong>, nich\u00e9 dans<br \/>\nle tr\u00e8s recherch\u00e9 <strong>7e arrondissement de Paris,<\/strong><br \/>\ncomme le r\u00e9v\u00e8lent nos confr\u00e8res de <a href=\"https:\/\/www.pleinevie.fr\/loisirs\/celebrites\/le-metre-carre-tourne-autour-des-15-800-euros-claire-chazal-69-ans-vit-dans-un-appartement-chic-et-lumineux-dans-cet-arrondissement-de-paris-tres-prise-179792.html\" target=\"_blank\" rel=\"noopener\">Pleine Vie<\/a>. A 69 ans,<br \/>\nqu&rsquo;elle f\u00eatera le 1er d\u00e9cembre 2025, l&rsquo;ancienne pr\u00e9sentatrice du JT<br \/>\nde TF1 s&rsquo;est am\u00e9nag\u00e9 un v\u00e9ritable cocon, \u00e0 la fois d\u00e9cor de sa<br \/>\nnouvelle \u00e9mission et refuge personnel. Dans ce quartier o\u00f9 le m\u00e8tre<br \/>\ncarr\u00e9 tourne autour des 15 850 \u20ac environ, chaque pi\u00e8ce prend une<br \/>\ntout autre dimension.<\/p>\n<p>Un 200 m\u00b2 de Claire Chazal dans le 7e arrondissement de<br \/>\nParis<\/p>\n<p>Le <strong>7e arrondissement<\/strong> figure parmi les secteurs<br \/>\nles plus chers de la capitale, certains classements le pr\u00e9sentent<br \/>\nm\u00eame comme le deuxi\u00e8me quartier le plus on\u00e9reux de Paris. Entre<br \/>\nInvalides, Tour Eiffel et minist\u00e8res, ce morceau de rive gauche<br \/>\nconcentre ambassades, grandes \u00e9coles et immeubles haussmanniens<br \/>\nrecherch\u00e9s. Dans cette zone o\u00f9 le prix moyen atteint autour de<br \/>\n<strong>15 850 \u20ac le m\u00e8tre carr\u00e9<\/strong>, un tel 200 m\u00b2 se situe<br \/>\nclairement dans la cat\u00e9gorie des biens \u00e0 plusieurs millions<br \/>\nd&rsquo;euros.<\/p>\n<p>Quelques rep\u00e8res permettent de mesurer ce standing : la surface,<br \/>\nl&#8217;emplacement, le d\u00e9cor que l&rsquo;on aper\u00e7oit sur YouTube composent un<br \/>\nensemble tr\u00e8s au-dessus de la moyenne parisienne.<\/p>\n<ul>\n<li><strong>200 m\u00b2<\/strong> au c\u0153ur d&rsquo;un quartier d&rsquo;ambassades et<br \/>\nd&rsquo;institutions.<\/li>\n<li>Un bien situ\u00e9 dans l&rsquo;ultra chic <strong>7e arrondissement de<br \/>\nParis<\/strong>.<\/li>\n<li>Un prix moyen qui tourne autour de 15 850 \u20ac, soit parmi les<br \/>\nniveaux les plus \u00e9lev\u00e9s du march\u00e9 parisien.<\/li>\n<\/ul>\n<p>Un salon immacul\u00e9 et une biblioth\u00e8que comme signature<\/p>\n<p>En franchissant la porte de l&rsquo;<strong>appartement de Claire<br \/>\nChazal<\/strong>, on tombe d&rsquo;abord sur une vaste entr\u00e9e bord\u00e9e d&rsquo;une<br \/>\ngrande biblioth\u00e8que. Une pi\u00e8ce attenante est enti\u00e8rement consacr\u00e9e<br \/>\n\u00e0 ses livres, comme un prolongement naturel de son amour pour la<br \/>\nculture et pour la litt\u00e9rature. Les \u00e9tag\u00e8res charg\u00e9es encadrent un<br \/>\nespace volontairement \u00e9pur\u00e9, o\u00f9 chaque objet semble choisi avec<br \/>\nsoin pour ne pas surcharger la vue.<\/p>\n<p>Le salon, c\u0153ur de ce logement parisien, sert de d\u00e9cor principal<br \/>\naux entretiens film\u00e9s. Murs blancs, rideaux clairs, tapis ivoire,<br \/>\ncanap\u00e9s immacul\u00e9s : l&rsquo;ensemble cr\u00e9e une atmosph\u00e8re tr\u00e8s lumineuse,<br \/>\npresque graphique. Un piano \u00e0 queue noir tr\u00f4ne au centre de la<br \/>\npi\u00e8ce et rompt cette unit\u00e9, tandis que tableaux et \u0153uvres d&rsquo;art<br \/>\napportent des touches de couleur qui r\u00e9chauffent ce cadre chic sans<br \/>\nle rendre froid.<\/p>\n<p>Un d\u00e9cor de cha\u00eene YouTube qui raconte<br \/>\nsa nouvelle vie<\/p>\n<p>Depuis 2024, ce d\u00e9cor sert de sc\u00e8ne \u00e0 la cha\u00eene YouTube<br \/>\n<strong>Chez Claire<\/strong>, o\u00f9 la journaliste m\u00e8ne de<br \/>\nlongues conversations avec ses invit\u00e9s, loin des plateaux t\u00e9l\u00e9vis\u00e9s<br \/>\nclassiques. Ce choix de tourner chez elle a intrigu\u00e9 jusqu&rsquo;\u00e0 Yann<br \/>\nBarth\u00e8s : \u00ab\u00a0Mais c&rsquo;est vraiment chez vous ?\u00a0\u00bb, s&rsquo;\u00e9tait \u00e9tonn\u00e9<br \/>\nl&rsquo;animateur sur le plateau de Quotidien, repris par<br \/>\nStarMag. Les canap\u00e9s blancs impeccables et l&rsquo;ordre quasi parfait<br \/>\ntrahissent une exigence assum\u00e9e. \u00ab\u00a0Je d\u00e9teste le d\u00e9sordre\u00a0\u00bb, confiait<br \/>\nd&rsquo;ailleurs Claire Chazal, cit\u00e9e par Planet, une phrase qui colle<br \/>\nparfaitement \u00e0 cet int\u00e9rieur lumineux, sobre et tr\u00e8s contr\u00f4l\u00e9, o\u00f9<br \/>\nsa vie priv\u00e9e et sa nouvelle carri\u00e8re m\u00e9diatique se croisent<br \/>\nd\u00e9sormais au quotidien.<\/p>\n","protected":false},"excerpt":{"rendered":"Les t\u00e9l\u00e9spectateurs l\u00a0\u00bbont longtemps vue derri\u00e8re le bureau du 20 heures ; aujourd&rsquo;hui, c&rsquo;est son salon immacul\u00e9 qui&hellip;\n","protected":false},"author":2,"featured_media":591264,"comment_status":"","ping_status":"","sticky":false,"template":"","format":"standard","meta":{"footnotes":""},"categories":[1888],"tags":[1111,1928,11,1927,9071,1777,674,1011,27,1116,12,1926,626,1925,70434,25,2784],"class_list":{"0":"post-591263","1":"post","2":"type-post","3":"status-publish","4":"format-standard","5":"has-post-thumbnail","7":"category-paris","8":"tag-actu","9":"tag-actu-paris","10":"tag-actualites","11":"tag-actualites-paris","12":"tag-appartement","13":"tag-eu","14":"tag-europe","15":"tag-fr","16":"tag-france","17":"tag-immobilier","18":"tag-news","19":"tag-news-paris","20":"tag-paris","21":"tag-paris-news","22":"tag-people-france","23":"tag-republique-francaise","24":"tag-youtube"},"share_on_mastodon":{"url":"https:\/\/pubeurope.com\/@fr\/115696793246064794","error":""},"_links":{"self":[{"href":"https:\/\/www.europesays.com\/fr\/wp-json\/wp\/v2\/posts\/591263","targetHints":{"allow":["GET"]}}],"collection":[{"href":"https:\/\/www.europesays.com\/fr\/wp-json\/wp\/v2\/posts"}],"about":[{"href":"https:\/\/www.europesays.com\/fr\/wp-json\/wp\/v2\/types\/post"}],"author":[{"embeddable":true,"href":"https:\/\/www.europesays.com\/fr\/wp-json\/wp\/v2\/users\/2"}],"replies":[{"embeddable":true,"href":"https:\/\/www.europesays.com\/fr\/wp-json\/wp\/v2\/comments?post=591263"}],"version-history":[{"count":0,"href":"https:\/\/www.europesays.com\/fr\/wp-json\/wp\/v2\/posts\/591263\/revisions"}],"wp:featuredmedia":[{"embeddable":true,"href":"https:\/\/www.europesays.com\/fr\/wp-json\/wp\/v2\/media\/591264"}],"wp:attachment":[{"href":"https:\/\/www.europesays.com\/fr\/wp-json\/wp\/v2\/media?parent=591263"}],"wp:term":[{"taxonomy":"category","embeddable":true,"href":"https:\/\/www.europesays.com\/fr\/wp-json\/wp\/v2\/categories?post=591263"},{"taxonomy":"post_tag","embeddable":true,"href":"https:\/\/www.europesays.com\/fr\/wp-json\/wp\/v2\/tags?post=591263"}],"curies":[{"name":"wp","href":"https:\/\/api.w.org\/{rel}","templated":true}]}}