{"id":591269,"date":"2025-12-10T18:59:20","date_gmt":"2025-12-10T18:59:20","guid":{"rendered":"https:\/\/www.europesays.com\/fr\/591269\/"},"modified":"2025-12-10T18:59:20","modified_gmt":"2025-12-10T18:59:20","slug":"la-coree-du-sud-proteste-apres-la-violation-de-son-espace-aerien-par-des-avions-de-chasse-chinois-et-russes","status":"publish","type":"post","link":"https:\/\/www.europesays.com\/fr\/591269\/","title":{"rendered":"La Cor\u00e9e du Sud proteste apr\u00e8s la violation de son espace a\u00e9rien par des avions de chasse chinois et russes"},"content":{"rendered":"<p>AA \/ Istanbul \/ Berk Kutay Gokmen<\/p>\n<p>La Cor\u00e9e du Sud a d\u00e9pos\u00e9 une plainte aupr\u00e8s de la Chine et de la Russie apr\u00e8s que des avions militaires chinois et russes aient bri\u00e8vement p\u00e9n\u00e9tr\u00e9 dans la zone d&rsquo;identification de d\u00e9fense a\u00e9rienne (KADIZ) de S\u00e9oul ce mercredi.<\/p>\n<p>Deux avions militaires chinois et sept avions russes ont bri\u00e8vement p\u00e9n\u00e9tr\u00e9 et quitt\u00e9 mardi la KADIZ au-dessus des eaux \u00e0 l&rsquo;est et au sud du pays, ce qui a incit\u00e9 l&rsquo;arm\u00e9e sud-cor\u00e9enne \u00e0 envoyer des avions de chasse.<\/p>\n<p>Lee Kwang-suk, directeur g\u00e9n\u00e9ral du bureau des affaires internationales du minist\u00e8re de la D\u00e9fense, a \u00ab fermement \u00bb protest\u00e9 contre l&rsquo;entr\u00e9e des avions dans la zone de d\u00e9fense a\u00e9rienne de la Cor\u00e9e du Sud, selon l&rsquo;agence de presse Yonhap News, bas\u00e9e \u00e0 S\u00e9oul.<\/p>\n<p>\u00ab Notre arm\u00e9e r\u00e9agira activement aux activit\u00e9s a\u00e9riennes des pays voisins dans la KADIZ, conform\u00e9ment au droit international \u00bb, a d\u00e9clar\u00e9 le minist\u00e8re dans un communiqu\u00e9.<\/p>\n<p>Selon l&rsquo;\u00e9tat-major interarm\u00e9es, l&rsquo;avion n&rsquo;a pas viol\u00e9 l&rsquo;espace a\u00e9rien sud-cor\u00e9en.<\/p>\n<p>Concernant la patrouille a\u00e9rienne conjointe de la Chine et de la Russie, le minist\u00e8re chinois de la D\u00e9fense a d\u00e9clar\u00e9 que ces exercices d\u00e9montraient la \u00ab d\u00e9termination et la capacit\u00e9 \u00bb des deux forces a\u00e9riennes \u00e0 relever \u00ab les d\u00e9fis r\u00e9gionaux en mati\u00e8re de s\u00e9curit\u00e9 et \u00e0 pr\u00e9server la paix et la stabilit\u00e9 \u00bb.<\/p>\n<p>Le porte-parole du minist\u00e8re, Zhang Xiaogang, a d\u00e9clar\u00e9 que \u00ab la patrouille a\u00e9rienne strat\u00e9gique conjointe au-dessus de la mer de Chine orientale et du Pacifique occidental \u00e9tait la dixi\u00e8me mission de ce type entre les deux arm\u00e9es et qu&rsquo;elle avait \u00e9t\u00e9 men\u00e9e dans le cadre du plan de coop\u00e9ration annuel \u00bb, selon le journal officiel Xinhua News\u200b\u200b\u200b\u200b\u200b\u200b\u200b.<\/p>\n<p>Mardi, le Japon a d\u00e9clar\u00e9 avoir \u00e9galement d\u00e9p\u00each\u00e9 ses avions de chasse en r\u00e9ponse \u00e0 la patrouille pr\u00e8s du territoire japonais, bien que les avions chinois et russes n&rsquo;aient pas p\u00e9n\u00e9tr\u00e9 dans l&rsquo;espace a\u00e9rien japonais.<\/p>\n<p>*Traduit de l\u2019anglais par Ayse Bashoruz<\/p>\n<p>                            &#13;<br \/>\n                                <a href=\"https:\/\/www.aa.com.tr\/fr\/p\/abonnement\/1001\" target=\"_blank\" style=\"font-size:12px; color:#444; text-decoration:none;\" rel=\"noopener\">&#13;<br \/>\n                                    Seulement une partie des d\u00e9p\u00eaches, que l&rsquo;Agence Anadolu diffuse \u00e0 ses abonn\u00e9s via le Syst\u00e8me de Diffusion interne (HAS), est diffus\u00e9e sur le site de l&rsquo;AA, de mani\u00e8re r\u00e9sum\u00e9e. <b style=\"color:#1897F7\">Contactez-nous s&rsquo;il vous pla\u00eet pour vous abonner.<\/b>&#13;<br \/>\n                                <\/a>&#13;<\/p>\n","protected":false},"excerpt":{"rendered":"AA \/ Istanbul \/ Berk Kutay Gokmen La Cor\u00e9e du Sud a d\u00e9pos\u00e9 une plainte aupr\u00e8s de la&hellip;\n","protected":false},"author":2,"featured_media":591270,"comment_status":"","ping_status":"","sticky":false,"template":"","format":"standard","meta":{"footnotes":""},"categories":[1591],"tags":[11,1785,309,70435,1887,2070,12,1885,1886,132],"class_list":{"0":"post-591269","1":"post","2":"type-post","3":"status-publish","4":"format-standard","5":"has-post-thumbnail","7":"category-russie","8":"tag-actualites","9":"tag-anadolu-ajansi","10":"tag-chine","11":"tag-core-du-sud","12":"tag-federation-de-russie","13":"tag-japon","14":"tag-news","15":"tag-russia","16":"tag-russian-federation","17":"tag-russie"},"share_on_mastodon":{"url":"https:\/\/pubeurope.com\/@fr\/115696813001484232","error":""},"_links":{"self":[{"href":"https:\/\/www.europesays.com\/fr\/wp-json\/wp\/v2\/posts\/591269","targetHints":{"allow":["GET"]}}],"collection":[{"href":"https:\/\/www.europesays.com\/fr\/wp-json\/wp\/v2\/posts"}],"about":[{"href":"https:\/\/www.europesays.com\/fr\/wp-json\/wp\/v2\/types\/post"}],"author":[{"embeddable":true,"href":"https:\/\/www.europesays.com\/fr\/wp-json\/wp\/v2\/users\/2"}],"replies":[{"embeddable":true,"href":"https:\/\/www.europesays.com\/fr\/wp-json\/wp\/v2\/comments?post=591269"}],"version-history":[{"count":0,"href":"https:\/\/www.europesays.com\/fr\/wp-json\/wp\/v2\/posts\/591269\/revisions"}],"wp:featuredmedia":[{"embeddable":true,"href":"https:\/\/www.europesays.com\/fr\/wp-json\/wp\/v2\/media\/591270"}],"wp:attachment":[{"href":"https:\/\/www.europesays.com\/fr\/wp-json\/wp\/v2\/media?parent=591269"}],"wp:term":[{"taxonomy":"category","embeddable":true,"href":"https:\/\/www.europesays.com\/fr\/wp-json\/wp\/v2\/categories?post=591269"},{"taxonomy":"post_tag","embeddable":true,"href":"https:\/\/www.europesays.com\/fr\/wp-json\/wp\/v2\/tags?post=591269"}],"curies":[{"name":"wp","href":"https:\/\/api.w.org\/{rel}","templated":true}]}}