{"id":591271,"date":"2025-12-10T19:00:57","date_gmt":"2025-12-10T19:00:57","guid":{"rendered":"https:\/\/www.europesays.com\/fr\/591271\/"},"modified":"2025-12-10T19:00:57","modified_gmt":"2025-12-10T19:00:57","slug":"le-kremlin-se-rejouit-des-propos-de-trump-macron-et-les-europeens-veulent-essayer-davancer","status":"publish","type":"post","link":"https:\/\/www.europesays.com\/fr\/591271\/","title":{"rendered":"Le Kremlin se r\u00e9jouit des propos de Trump, Macron et les Europ\u00e9ens veulent \u00ab\u00a0essayer d\u2019avancer\u00a0\u00bb"},"content":{"rendered":"<p>Vous avez rat\u00e9 les derniers \u00e9v\u00e9nements sur la <a href=\"https:\/\/www.20minutes.fr\/monde\/ukraine\/\" class=\"c-link c-link--is-underlined\" target=\"_blank\" rel=\"noopener\">guerre en Ukraine<\/a>\u00a0? 20 Minutes fait le point pour vous tous les soirs. Voici l\u2019essentiel de ce mercredi 10\u00a0d\u00e9cembre, au 1.386e jour du conflit.<\/p>\n<p>Le fait du jour<\/p>\n<p>Il boit du petit lait. Le Kremlin a salu\u00e9 mercredi les <a href=\"https:\/\/www.20minutes.fr\/monde\/ukraine\/4190649-20251209-guerre-ukraine-trump-allume-zelensky-europeens-hiver-rude\" class=\"c-link c-link--is-underlined\" target=\"_blank\" rel=\"noopener\">derni\u00e8res d\u00e9clarations du pr\u00e9sident am\u00e9ricain<\/a> Donald Trump qui a notamment soutenu, dans un <a href=\"https:\/\/www.youtube.com\/watch?v=rVV1tbNZf_A&amp;t=2s\" rel=\"nofollow noopener\" target=\"_blank\" class=\"c-link c-link--is-underlined\">entretien au site Politico<\/a>, que la Russie avait \u00ab\u00a0toujours eu\u00a0\u00bb l\u2019avantage militaire sur le front en Ukraine. \u00ab\u00a0\u00c0 bien des \u00e9gards, concernant une adh\u00e9sion \u00e0 l\u2019Otan, les territoires, concernant le fait que l\u2019Ukraine perd du terrain, c\u2019est conforme \u00e0 notre compr\u00e9hension. \u00c0 bien des \u00e9gards, le pr\u00e9sident Trump a abord\u00e9 les causes profondes du conflit\u00a0\u00bb, s\u2019est r\u00e9joui le porte-parole du la pr\u00e9sidence russe, Dmitri Peskov. Selon lui, cet entretien du dirigeant am\u00e9ricain est \u00ab\u00a0tr\u00e8s important\u00a0\u00bb.<\/p>\n<p>Donald Trump y soutenait que la Russie, car elle est \u00ab\u00a0bien plus grande\u00a0\u00bb et \u00ab\u00a0plus forte\u00a0\u00bb que l\u2019Ukraine, b\u00e9n\u00e9ficie d\u2019une position de n\u00e9gociation sup\u00e9rieure dans les pourparlers visant \u00e0 mettre fin aux combats. \u00ab\u00a0De fa\u00e7on g\u00e9n\u00e9rale, c\u2019est la taille qui l\u2019emporte\u00a0\u00bb, disait-il, en r\u00e9p\u00e9tant qu\u2019il ne souhaitait pas que Kiev rejoigne l\u2019Otan, <a href=\"https:\/\/www.20minutes.fr\/monde\/etats-unis\/4190686-20251209-trump-fustige-nations-europeennes-delabrent-dirigeants-vraiment-stupides\" class=\"c-link c-link--is-underlined\" target=\"_blank\" rel=\"noopener\">d\u00e9nigrant le travail des dirigeants europ\u00e9ens<\/a> au passage.<\/p>\n<p>Le dirigeant am\u00e9ricain estimait \u00e9galement que l\u2019Ukraine devrait organiser des \u00e9lections, accusant le pr\u00e9sident ukrainien Volodymyr Zelensky et ses ministres d&rsquo; \u00ab\u00a0utiliser la guerre\u00a0\u00bb pour s\u2019en abstenir. Ce dernier a r\u00e9agi en disant \u00eatre \u00ab\u00a0pr\u00eat\u00a0\u00bb \u00e0 organiser une pr\u00e9sidentielle \u00e0 condition que ses alli\u00e9s puissent garantir la s\u00e9curit\u00e9 du scrutin, alors que des bombardements russes ravagent quotidiennement le pays.<\/p>\n<p>La d\u00e9claration du jour<\/p>\n<blockquote class=\"mx-m@xs mx-xxl@md color-ultramarine c-citation\">\n<p class=\"font-weight-regular@xs text-italic font-source-serif-pro text-l@xs c-citation__content\">\u00ab\u00a0Ils ont convenu qu\u2019il s\u2019agissait d\u2019un moment critique pour l\u2019Ukraine, pour son peuple et pour la s\u00e9curit\u00e9 commune de la r\u00e9gion euro-atlantique\u00a0\u00bb<\/p>\n<\/blockquote>\n<p>Les paroles sont sign\u00e9es de l\u2019entourage d\u2019Emmanuel Macron \u00e0 l\u2019Elys\u00e9e. Le chef de l\u2019Etat fran\u00e7ais a annonc\u00e9 s\u2019\u00eatre entretenu ce mercredi au t\u00e9l\u00e9phone avec Donald Trump au sujet de l\u2019Ukraine, \u00ab\u00a0pour essayer d\u2019avancer\u00a0\u00bb. Le Premier ministre britannique Keir Starmer et le chancelier allemand Friedrich Merz ont pris part aussi \u00e0 cet entretien.<\/p>\n<p>De m\u00eame source, les dirigeants ont \u00ab\u00a0discut\u00e9 des derniers d\u00e9veloppements de la m\u00e9diation engag\u00e9e par les Etats-Unis et salu\u00e9 leurs efforts pour parvenir \u00e0 une paix robuste et durable en Ukraine et mettre fin aux tueries\u00a0\u00bb. \u00ab\u00a0Ce travail intensif se poursuit et va se poursuivre dans les prochains jours\u00a0\u00bb, a ajout\u00e9 l\u2019\u00c9lys\u00e9e.<\/p>\n<p>Les trois dirigeants europ\u00e9ens s\u2019\u00e9taient r\u00e9unis lundi \u00e0 <a href=\"https:\/\/www.20minutes.fr\/dossier\/londres\" class=\"c-link c-link--is-underlined\" target=\"_blank\" rel=\"noopener\">Londres<\/a> avec Volodymyr Zelensky, afin de lui apporter leur soutien appuy\u00e9 au moment o\u00f9 il est de nouveau sous pression. Emmanuel Macron et Keir Starmer doivent aussi pr\u00e9sider jeudi une nouvelle r\u00e9union de la \u00ab\u00a0coalition des volontaires\u00a0\u00bb, qui rassemble les soutiens de Kiev dispos\u00e9s \u00e0 lui apporter des \u00ab\u00a0garanties de s\u00e9curit\u00e9\u00a0\u00bb dans le cadre d\u2019un \u00e9ventuel futur cessez-le-feu ou accord de paix.<\/p>\n<\/p>\n<p>Le chiffre du jour<\/p>\n<p>Plus de 60\u00a0%. C\u2019est le pourcentage d\u2019augmentation des saisies d\u2019armes \u00e0 feu d\u00e9tenues ill\u00e9galement entre les trois ann\u00e9es ant\u00e9rieures au d\u00e9clenchement de l\u2019invasion massive de l\u2019Ukraine par la Russie (2019, 2020, 2021) et les les trois premi\u00e8res ann\u00e9es de l\u2019offensive (2022, 2023, 2024), selon un copieux rapport des ONG suisse Small Arms Survey et ukrainienne CENSS.<\/p>\n<p>Les armes \u00e0 feu concern\u00e9es sont des armes de poing et d\u2019\u00e9paule, y compris fusils automatiques, pistolets-mitrailleurs ou fusils mitrailleurs l\u00e9gers, pr\u00e9cisent-elles. Sur la m\u00eame p\u00e9riode, les saisies de lance-grenades, de grenades, de lance-roquettes et de mines ont toutes plus que doubl\u00e9 (+\u00a0155\u00a0% pour les grenades par exemple, 10.311 saisies), selon ce rapport bas\u00e9 sur les chiffres des autorit\u00e9s judiciaires ukrainiennes. \u00ab\u00a0Ces donn\u00e9es refl\u00e8tent non seulement l\u2019\u00e9volution des stocks illicites en Ukraine, mais aussi les efforts concert\u00e9s des autorit\u00e9s ukrainiennes pour retirer ces articles de la circulation\u00a0\u00bb, affirment les ONG.<\/p>\n<p>En septembre\u00a02024, l\u2019ONG Global Initiative Against Transnational Organized Crime (GI-TOC) mettait en garde contre \u00ab\u00a0des signes avant-coureurs d\u2019une recrudescence\u00a0\u00bb du trafic d\u2019armes, citant en exemple le d\u00e9mant\u00e8lement d\u2019un r\u00e9seau \u00e0 Lviv, pr\u00e8s de la fronti\u00e8re polonaise. Pour autant, Small Arms Survey et CENSS affirment ne pas avoir trouv\u00e9 de preuve de d\u00e9tournement massif d\u2019armes l\u00e9g\u00e8res fournies \u00e0 Kiev par ses soutiens occidentaux.<\/p>\n<p>La tendance<\/p>\n<p>La Pologne compte \u00e9changer avec l\u2019Ukraine ses derniers avions chasseurs MiG-29 de conception sovi\u00e9tique contre des technologies ukrainiennes de drones, a indiqu\u00e9 mercredi le ministre de la D\u00e9fense polonais. Varsovie a d\u00e9j\u00e0 largement renouvel\u00e9 sa flotte a\u00e9rienne en rempla\u00e7ant ses appareils de l\u2019\u00e8re sovi\u00e9tique d\u00e9suets par des F-16 am\u00e9ricains et FA-50 sud-cor\u00e9ens, et elle est dans l\u2019attente de 32 avions F-35 d\u00e9j\u00e0 command\u00e9s \u00e0 Washington.<\/p>\n<p>\u00ab\u00a0Les MiG arrivent en fin de vie, c\u2019est-\u00e0-dire qu\u2019ils vont \u00eatre retir\u00e9s du service dans l\u2019arm\u00e9e polonaise, et nous discutons avec la partie ukrainienne de leur transfert, mais aussi du transfert de technologies, par exemple dans le domaine des drones et des missiles, depuis l\u2019Ukraine vers la Pologne\u00a0\u00bb, a d\u00e9clar\u00e9 Wladyslaw Kosiniak-Kamysz \u00e0 la radio publique polonaise Trojka. La Pologne, qui a fourni \u00e0 l\u2019Ukraine une bonne partie de ses MiG-29 depuis trois ans, dispose encore de 14 appareils de ce type, selon des m\u00e9dias.<\/p>\n<p>Le ministre a indiqu\u00e9 que son pays b\u00e9n\u00e9ficiait d\u00e9j\u00e0 de l\u2019expertise ukrainienne dans la formation militaire dans le domaine des drones. Les Ukrainiens \u00ab\u00a0sont les meilleurs en mati\u00e8re de drones parmi tous les pays avec lesquels nous entretenons de bonnes relations\u00a0\u00bb, a soulign\u00e9 M. Kosiniak-Kamysz.<\/p>\n","protected":false},"excerpt":{"rendered":"Vous avez rat\u00e9 les derniers \u00e9v\u00e9nements sur la guerre en Ukraine\u00a0? 20 Minutes fait le point pour vous&hellip;\n","protected":false},"author":2,"featured_media":591272,"comment_status":"","ping_status":"","sticky":false,"template":"","format":"standard","meta":{"footnotes":""},"categories":[1590],"tags":[47,11,75,4527,1073,1777,674,4710,131,2581,74,1916,12,136,2437,132,220,134],"class_list":{"0":"post-591271","1":"post","2":"type-post","3":"status-publish","4":"format-standard","5":"has-post-thumbnail","7":"category-ukraine","8":"tag-actualite","9":"tag-actualites","10":"tag-donald-trump","11":"tag-elysee","12":"tag-emmanuel-macron","13":"tag-eu","14":"tag-europe","15":"tag-friedrich-merz","16":"tag-guerre-en-ukraine","17":"tag-keir-starmer","18":"tag-monde","19":"tag-moscou","20":"tag-news","21":"tag-otan","22":"tag-pologne","23":"tag-russie","24":"tag-ukraine","25":"tag-volodymyr-zelensky"},"share_on_mastodon":{"url":"https:\/\/pubeurope.com\/@fr\/115696820717772326","error":""},"_links":{"self":[{"href":"https:\/\/www.europesays.com\/fr\/wp-json\/wp\/v2\/posts\/591271","targetHints":{"allow":["GET"]}}],"collection":[{"href":"https:\/\/www.europesays.com\/fr\/wp-json\/wp\/v2\/posts"}],"about":[{"href":"https:\/\/www.europesays.com\/fr\/wp-json\/wp\/v2\/types\/post"}],"author":[{"embeddable":true,"href":"https:\/\/www.europesays.com\/fr\/wp-json\/wp\/v2\/users\/2"}],"replies":[{"embeddable":true,"href":"https:\/\/www.europesays.com\/fr\/wp-json\/wp\/v2\/comments?post=591271"}],"version-history":[{"count":0,"href":"https:\/\/www.europesays.com\/fr\/wp-json\/wp\/v2\/posts\/591271\/revisions"}],"wp:featuredmedia":[{"embeddable":true,"href":"https:\/\/www.europesays.com\/fr\/wp-json\/wp\/v2\/media\/591272"}],"wp:attachment":[{"href":"https:\/\/www.europesays.com\/fr\/wp-json\/wp\/v2\/media?parent=591271"}],"wp:term":[{"taxonomy":"category","embeddable":true,"href":"https:\/\/www.europesays.com\/fr\/wp-json\/wp\/v2\/categories?post=591271"},{"taxonomy":"post_tag","embeddable":true,"href":"https:\/\/www.europesays.com\/fr\/wp-json\/wp\/v2\/tags?post=591271"}],"curies":[{"name":"wp","href":"https:\/\/api.w.org\/{rel}","templated":true}]}}