{"id":591273,"date":"2025-12-10T19:02:20","date_gmt":"2025-12-10T19:02:20","guid":{"rendered":"https:\/\/www.europesays.com\/fr\/591273\/"},"modified":"2025-12-10T19:02:20","modified_gmt":"2025-12-10T19:02:20","slug":"leurope-ne-doit-pas-perdre-son-identite-declare-lambassadeur-americain-aupres-de-lue-a-euronews","status":"publish","type":"post","link":"https:\/\/www.europesays.com\/fr\/591273\/","title":{"rendered":"\u00ab\u00a0L&rsquo;Europe ne doit pas perdre son identit\u00e9\u00a0\u00bb, d\u00e9clare l&rsquo;ambassadeur am\u00e9ricain aupr\u00e8s de l&rsquo;UE \u00e0 Euronews"},"content":{"rendered":"<p>Les \u00c9tats-Unis veulent aider l&rsquo;Europe \u00e0 sauver son identit\u00e9. S&rsquo;exprimant dans l&rsquo;\u00e9mission matinale phare d&rsquo;Euronews, Europe Today, l&rsquo;ambassadeur am\u00e9ricain aupr\u00e8s de l&rsquo;Union europ\u00e9enne Andrew Puzder a d\u00e9fendu un document de s\u00e9curit\u00e9 nationale controvers\u00e9 dans lequel l&rsquo;administration Trump a appel\u00e9 l&rsquo;UE \u00e0 changer de cap ou \u00e0 faire face \u00e0 une disparition civilisationnelle. En Europe, le document a \u00e9t\u00e9 accueilli avec surprise et critique.<\/p>\n<p>L&rsquo;ambassadeur Puzder a d\u00e9fendu la position am\u00e9ricaine, affirmant que le document cherchait \u00e0 restaurer la \u00ab\u00a0grandeur\u00a0\u00bb de l&rsquo;Europe et ne devait pas \u00eatre compris comme une attaque, mais plut\u00f4t comme un ensemble de recommandations visant \u00e0 renforcer l&rsquo;Europe.<\/p>\n<p>La section sur l&rsquo;Europe est intitul\u00e9e \u00ab\u00a0Une proposition pour la grandeur de l&rsquo;Europe\u00a0\u00bb, a-t-il d\u00e9clar\u00e9 \u00e0 Euronews. \u00ab\u00a0Il ne s&rsquo;agit pas de dire que nous n&rsquo;aimons pas l&rsquo;Europe, mais que nous voulons que l&rsquo;Europe disparaisse. (&#8230;) Si vous lisez le document plus en d\u00e9tail, vous verrez que l&rsquo;Europe est strat\u00e9giquement et culturellement vitale pour les Etats-Unis. L&rsquo;Europe est un pilier de l&rsquo;\u00e9conomie mondiale et de la prosp\u00e9rit\u00e9 am\u00e9ricaine.\u00a0\u00bb<\/p>\n<p>La semaine derni\u00e8re, les \u00c9tats-Unis ont mis \u00e0 jour leur rapport sur la s\u00e9curit\u00e9 nationale, dans lequel ils sugg\u00e8rent que l&rsquo;Europe risque un d\u00e9clin civilisationnel en raison d&rsquo;une r\u00e9glementation excessive, de l&rsquo;immigration clandestine et de politiques \u00e9conomiques mal con\u00e7ues.<\/p>\n<p>L&rsquo;objectif de Washington, selon le document, est d'\u00a0\u00bbaider l&rsquo;Europe \u00e0 inverser sa trajectoire actuelle\u00a0\u00bb, ce qui implique de cultiver des relations avec les \u00ab\u00a0partis patriotiques europ\u00e9ens\u00a0\u00bb qui r\u00e9sistent de l&rsquo;int\u00e9rieur. Le langage et le ton ont \u00e9branl\u00e9 les Europ\u00e9ens.<\/p>\n<p>Un diplomate a d\u00e9clar\u00e9 \u00e0 Euronews que le document n&rsquo;avait pas grand-chose \u00e0 voir avec la s\u00e9curit\u00e9 nationale, puisqu&rsquo;il mentionne \u00e0 peine la Russie, que les Europ\u00e9ens consid\u00e8rent comme une menace pour la s\u00e9curit\u00e9, et qu&rsquo;il avait beaucoup \u00e0 voir avec l&rsquo;ing\u00e9rence politique.<\/p>\n<p>Du chancelier allemand Friedrich Merz au pr\u00e9sident du Conseil europ\u00e9en Antonio Costa et au responsable de la politique \u00e9trang\u00e8re Kaja Kallas, les Europ\u00e9ens ont r\u00e9agi en affirmant que la d\u00e9mocratie n&rsquo;avait pas besoin d&rsquo;\u00eatre sauv\u00e9e de l&rsquo;ext\u00e9rieur et que les questions int\u00e9rieures devaient \u00eatre g\u00e9r\u00e9es par l&rsquo;UE seule.<\/p>\n<p>Toutefois, l&rsquo;ambassadeur Puzder a d\u00e9clar\u00e9 que les Europ\u00e9ens interpr\u00e9taient mal les intentions de l&rsquo;administration am\u00e9ricaine et qu&rsquo;ils devraient consid\u00e9rer le document sous un angle diff\u00e9rent. \u00ab\u00a0Ce n&rsquo;est vraiment pas si grave, vraiment, vraiment pas\u00a0\u00bb, a-t-il d\u00e9clar\u00e9. Il a \u00e9galement ni\u00e9 que l&rsquo;administration Trump cherche \u00e0 affaiblir, voire \u00e0 dissoudre, l&rsquo;Union europ\u00e9enne de l&rsquo;int\u00e9rieur.<\/p>\n<p>Cette th\u00e9orie a \u00e9t\u00e9 amplifi\u00e9e au cours du week-end lorsque le milliardaire de la technologie Elon Musk, qui a fait campagne en faveur du pr\u00e9sident Trump et a bri\u00e8vement dirig\u00e9 le d\u00e9partement DOGE, a soutenu que le bloc n&rsquo;est pas une v\u00e9ritable d\u00e9mocratie et devrait \u00eatre d\u00e9mantel\u00e9.<\/p>\n<p>L&rsquo;ambassadeur Puzder a d\u00e9clar\u00e9 qu&rsquo;un tel plan n&rsquo;existait pas, mais a soulign\u00e9 que les \u00c9tats-Unis souhaitaient que l&rsquo;Europe conserve sa souverainet\u00e9 et ses valeurs nationales, car il s&rsquo;agit du pilier de la relation transatlantique.<\/p>\n<p>Identit\u00e9 partag\u00e9e et coh\u00e9sion sociale<\/p>\n<p>Dans leur document de strat\u00e9gie de s\u00e9curit\u00e9 nationale, les \u00c9tats-Unis se f\u00e9licitent de \u00ab\u00a0l&rsquo;influence croissante\u00a0\u00bb des partis patriotiques qui r\u00e9sistent de l&rsquo;int\u00e9rieur \u00e0 la machine europ\u00e9enne, sans pr\u00e9ciser de qui il s&rsquo;agit. Toutefois, il est g\u00e9n\u00e9ralement admis que cette d\u00e9claration fait r\u00e9f\u00e9rence aux partis conservateurs qui s&rsquo;opposent \u00e0 ce qu&rsquo;ils appellent les \u00ab\u00a0fonctionnaires non \u00e9lus\u00a0\u00bb de Bruxelles.<\/p>\n<p>L&rsquo;envoy\u00e9 am\u00e9ricain a d\u00e9clar\u00e9 que la question se r\u00e9sumait \u00e0 l&rsquo;influence que l&rsquo;UE devrait avoir sur les questions de culture, d&rsquo;identit\u00e9 nationale et d&rsquo;immigration. Les \u00c9tats membres de l&rsquo;Union sont li\u00e9s par des r\u00e8gles communes et des principes partag\u00e9s en mati\u00e8re d&rsquo;\u00c9tat de droit, ce qui peut entra\u00eener des compensations financi\u00e8res pour les \u00c9tats membres, mais aussi des amendes et des retenues de fonds.<\/p>\n<p>Interrog\u00e9 sur la question de savoir si le maintien de l&rsquo;Europe en tant qu'\u00a0\u00bbEurope\u00a0\u00bb signifie ethniquement blanche et chr\u00e9tienne, l&rsquo;ambassadeur Puzder a r\u00e9pondu qu&rsquo;il s&rsquo;agissait d&rsquo;une identit\u00e9 partag\u00e9e et d&rsquo;une coh\u00e9sion sociale. Et cette identit\u00e9 doit \u00eatre pr\u00e9serv\u00e9e.<\/p>\n<p>\u00ab\u00a0Il en va de m\u00eame pour les \u00c9tats-Unis&#8230; Si vous rejetez les principes fondamentaux de nos soci\u00e9t\u00e9s, c&rsquo;est le genre de personnes dont nous ne voulons pas. (&#8230;) C&rsquo;est avec ce genre de personnes que l&rsquo;on constate une augmentation de la criminalit\u00e9, un d\u00e9clin des valeurs culturelles, il y a m\u00eame des villes o\u00f9 la police europ\u00e9enne ne veut pas entrer&#8230; Nous ne voulons pas que l&rsquo;Europe perde son identit\u00e9 \u00e0 cause de cela\u00a0\u00bb, a-t-il ajout\u00e9.<\/p>\n","protected":false},"excerpt":{"rendered":"Les \u00c9tats-Unis veulent aider l&rsquo;Europe \u00e0 sauver son identit\u00e9. S&rsquo;exprimant dans l&rsquo;\u00e9mission matinale phare d&rsquo;Euronews, Europe Today, l&rsquo;ambassadeur&hellip;\n","protected":false},"author":2,"featured_media":591274,"comment_status":"","ping_status":"","sticky":false,"template":"","format":"standard","meta":{"footnotes":""},"categories":[1589],"tags":[11,73,1866,131,4998,12,60598,1864,1865,1863,308],"class_list":{"0":"post-591273","1":"post","2":"type-post","3":"status-publish","4":"format-standard","5":"has-post-thumbnail","7":"category-etats-unis","8":"tag-actualites","9":"tag-etats-unis","10":"tag-etats-unis-damerique","11":"tag-guerre-en-ukraine","12":"tag-kremlin","13":"tag-news","14":"tag-sommet-de-leu","15":"tag-united-states","16":"tag-united-states-of-america","17":"tag-us","18":"tag-usa"},"share_on_mastodon":{"url":"https:\/\/pubeurope.com\/@fr\/115696824814413622","error":""},"_links":{"self":[{"href":"https:\/\/www.europesays.com\/fr\/wp-json\/wp\/v2\/posts\/591273","targetHints":{"allow":["GET"]}}],"collection":[{"href":"https:\/\/www.europesays.com\/fr\/wp-json\/wp\/v2\/posts"}],"about":[{"href":"https:\/\/www.europesays.com\/fr\/wp-json\/wp\/v2\/types\/post"}],"author":[{"embeddable":true,"href":"https:\/\/www.europesays.com\/fr\/wp-json\/wp\/v2\/users\/2"}],"replies":[{"embeddable":true,"href":"https:\/\/www.europesays.com\/fr\/wp-json\/wp\/v2\/comments?post=591273"}],"version-history":[{"count":0,"href":"https:\/\/www.europesays.com\/fr\/wp-json\/wp\/v2\/posts\/591273\/revisions"}],"wp:featuredmedia":[{"embeddable":true,"href":"https:\/\/www.europesays.com\/fr\/wp-json\/wp\/v2\/media\/591274"}],"wp:attachment":[{"href":"https:\/\/www.europesays.com\/fr\/wp-json\/wp\/v2\/media?parent=591273"}],"wp:term":[{"taxonomy":"category","embeddable":true,"href":"https:\/\/www.europesays.com\/fr\/wp-json\/wp\/v2\/categories?post=591273"},{"taxonomy":"post_tag","embeddable":true,"href":"https:\/\/www.europesays.com\/fr\/wp-json\/wp\/v2\/tags?post=591273"}],"curies":[{"name":"wp","href":"https:\/\/api.w.org\/{rel}","templated":true}]}}