{"id":591285,"date":"2025-12-10T19:11:33","date_gmt":"2025-12-10T19:11:33","guid":{"rendered":"https:\/\/www.europesays.com\/fr\/591285\/"},"modified":"2025-12-10T19:11:33","modified_gmt":"2025-12-10T19:11:33","slug":"des-biscuits-a-lamande-vendus-chez-carrefour-auchan-et-leclerc-peuvent-provoquer-une-perte-de-connaissance","status":"publish","type":"post","link":"https:\/\/www.europesays.com\/fr\/591285\/","title":{"rendered":"Des biscuits \u00e0 l\u2019amande vendus chez Carrefour, Auchan et Leclerc peuvent provoquer une perte de connaissance"},"content":{"rendered":"<p>\n    Des paquets de biscuits de la marque Sapori, vendus partout en France, contiennent un taux d\u2019acide hydrocyanique \u00absup\u00e9rieur \u00e0 la limite conseill\u00e9e\u00bb. Or, cette substance peut s\u2019av\u00e9rer dangereuse pour la sant\u00e9.<\/p>\n<p class=\"fig-paragraph\">Voil\u00e0\u00a0<a href=\"http:\/\/www.lefigaro.fr\/conso\/gummies-psychotropes-et-residus-de-medicament-dans-des-steaks-haches-les-rappels-alimentaires-de-la-semaine-20251205\" data-fig-type=\"NewsFlash\" data-gtm-custom-categorie=\"navigation\" data-gtm-custom-action=\"crossclick\" data-gtm-custom-label=\"Contextuel\" data-gtm-event=\"customEventSPE\" data-fig-domain=\"LEFIGARO\" target=\"_blank\" rel=\"noopener\">un biscuit<\/a>\u00a0qu\u2019il vaut mieux ne pas croquer avec son caf\u00e9. Lundi 8 d\u00e9cembre, le site Rappel Conso a alert\u00e9 sur un rappel visant des paquets de biscuits \u00e0 l\u2019amande de la marque Sapori, qui peuvent s\u2019av\u00e9rer nocifs, voire dangereux pour les consommateurs.<\/p>\n<p class=\"fig-paragraph\">Dans le d\u00e9tail, les biscuits concern\u00e9s sont vendus en paquets de 175 grammes, dans les supermarch\u00e9s Carrefour, Auchan et Leclerc de toute la France. Il s\u2019agit des \u00abAmaretti morbidi almond\u00bb, qui sont commercialis\u00e9s depuis le 10 octobre dernier. Deux lots sont concern\u00e9s\u00a0: le 355185 2, dont la date de durabilit\u00e9 minimale est fix\u00e9e au 4 juillet 2026, et le 355246 1, qui va jusqu\u2019au 3 septembre 2026.<\/p>\n<p>                                            <a class=\"fig-a11y-skip\" href=\"#fig-a11y-skip-main-inarticle\" data-module=\"a11y-skip\" data-context=\"was @visible\"><br \/>\n    Passer la publicit\u00e9<br \/>\n<\/a>            <\/p>\n<p>                                            Une substance dangereuse voire mortelle<\/p>\n<p class=\"fig-paragraph\">Selon la fiche de rappel, ces biscuits contiennent un taux d\u2019acide hydrocyanique \u00absup\u00e9rieur \u00e0 la limite conseill\u00e9e\u00bb. Cette substance est utilis\u00e9e \u00abpour la fabrication de produits tels que le chlorure cyanurique, les cyanures, les ferrocyanures\u00bb, ou comme \u00abinsecticide et rodenticide\u00bb, indique Rappel Conso. Or, elle comporte plusieurs risques, allant de la \u00absensation de vertiges\u00bb \u00e0 de \u00abl\u2019apn\u00e9e\u00bb, voire un \u00abcoma convulsif\u00bb et m\u00eame la mort de l\u2019individu.<\/p>\n<p class=\"fig-paragraph\">Dans le cas d\u2019esp\u00e8ce, Rappel Conso signale des risques de \u00abmaux de t\u00eate, vertiges, naus\u00e9es, malaise g\u00e9n\u00e9ral\u00bb. La plateforme gouvernementale sugg\u00e8re donc aux clients de ne plus consommer ces g\u00e2teaux et de les rapporter au point de vente pour qu\u2019ils soient d\u00e9truits. Un remboursement peut \u00eatre obtenu.<\/p>\n","protected":false},"excerpt":{"rendered":"Des paquets de biscuits de la marque Sapori, vendus partout en France, contiennent un taux d\u2019acide hydrocyanique \u00absup\u00e9rieur&hellip;\n","protected":false},"author":2,"featured_media":591286,"comment_status":"","ping_status":"","sticky":false,"template":"","format":"standard","meta":{"footnotes":""},"categories":[2],"tags":[11,69569,1011,27,226,12,19804,25],"class_list":{"0":"post-591285","1":"post","2":"type-post","3":"status-publish","4":"format-standard","5":"has-post-thumbnail","7":"category-actualites","8":"tag-actualites","9":"tag-biscuit","10":"tag-fr","11":"tag-france","12":"tag-maladie","13":"tag-news","14":"tag-rappel-conso","15":"tag-republique-francaise"},"share_on_mastodon":{"url":"https:\/\/pubeurope.com\/@fr\/115696860095889494","error":""},"_links":{"self":[{"href":"https:\/\/www.europesays.com\/fr\/wp-json\/wp\/v2\/posts\/591285","targetHints":{"allow":["GET"]}}],"collection":[{"href":"https:\/\/www.europesays.com\/fr\/wp-json\/wp\/v2\/posts"}],"about":[{"href":"https:\/\/www.europesays.com\/fr\/wp-json\/wp\/v2\/types\/post"}],"author":[{"embeddable":true,"href":"https:\/\/www.europesays.com\/fr\/wp-json\/wp\/v2\/users\/2"}],"replies":[{"embeddable":true,"href":"https:\/\/www.europesays.com\/fr\/wp-json\/wp\/v2\/comments?post=591285"}],"version-history":[{"count":0,"href":"https:\/\/www.europesays.com\/fr\/wp-json\/wp\/v2\/posts\/591285\/revisions"}],"wp:featuredmedia":[{"embeddable":true,"href":"https:\/\/www.europesays.com\/fr\/wp-json\/wp\/v2\/media\/591286"}],"wp:attachment":[{"href":"https:\/\/www.europesays.com\/fr\/wp-json\/wp\/v2\/media?parent=591285"}],"wp:term":[{"taxonomy":"category","embeddable":true,"href":"https:\/\/www.europesays.com\/fr\/wp-json\/wp\/v2\/categories?post=591285"},{"taxonomy":"post_tag","embeddable":true,"href":"https:\/\/www.europesays.com\/fr\/wp-json\/wp\/v2\/tags?post=591285"}],"curies":[{"name":"wp","href":"https:\/\/api.w.org\/{rel}","templated":true}]}}