{"id":591287,"date":"2025-12-10T19:13:31","date_gmt":"2025-12-10T19:13:31","guid":{"rendered":"https:\/\/www.europesays.com\/fr\/591287\/"},"modified":"2025-12-10T19:13:31","modified_gmt":"2025-12-10T19:13:31","slug":"jeu-provencal-coupe-de-france-les-galactiques-de-draguignan-ont-tenu-leur-rang","status":"publish","type":"post","link":"https:\/\/www.europesays.com\/fr\/591287\/","title":{"rendered":"Jeu proven\u00e7al &#8211; Coupe de France : les \u00ab\u00a0Galactiques\u00a0\u00bb de Draguignan ont tenu leur rang"},"content":{"rendered":"<p class=\"rev-margin-0 rev-text-xs-normal\">Un peu comme le Real Madrid au foot, l&rsquo;ABC Draguignan avait dans ses rangs les \u00ab\u00a0Galactiques\u00a0\u00bb de la longue distance.<\/p>\n<p class=\"rev-margin-0 rev-text-xs-bold\">\/ Photo Patrick Monroch\u00e9<\/p>\n<p>Des palmar\u00e8s longs comme un jour sans pain. <a href=\"https:\/\/www.laprovence.com\/article\/sports\/2547841743656414\/jeu-provencal-draguignan-sacre-champion-de-france-des-clubs\" target=\"_blank\" rel=\"noopener\">Des titres de champions de France<\/a>, au Proven\u00e7al ou sur des Nationaux trop nombreux pour \u00eatre compt\u00e9s sur les doigts des deux mains. Le week-end dernier, Montauban accueillait la finale de la coupe de France de jeu proven\u00e7al.<\/p>\n<p>Et, le moins que l&rsquo;on puisse dire, c&rsquo;est que l&rsquo;ABC Draguignan n&rsquo;a laiss\u00e9 que des miettes \u00e0 la concurrence. Illustrant \u00e0 merveille le pouvoir d&rsquo;attraction des clubs varois, le club drac\u00e9nois s&rsquo;est avanc\u00e9 dans la comp\u00e9tition comme pouvait le faire<a href=\"https:\/\/www.laprovence.com\/article\/om\/1089107875322314\/real-om-2-1-defaits-sur-deux-penalties-le-coup-est-passe-si-pres-pour-les-olympiens\" target=\"_blank\" rel=\"noopener\"> le Real Madrid en Ligue des champions de football<\/a>, du temps de ses Galactiques.<\/p>\n<p>Une victoire sans conteste<\/p>\n<p>Jugez plut\u00f4t : en pouvant s&rsquo;appuyer sur la force de frappe des <a href=\"https:\/\/www.laprovence.com\/article\/sports\/14768464867756\/boules-detrones-par-benmostefa-rouvin-et-pedragosa-stievenart-et-serrano-ratent-le-triple-sur-le-provencal\" target=\"_blank\" rel=\"noopener\">Mohamed Benmostefa<\/a> et Anthony Kerfah, deux des meilleurs canonniers contemporains, la polyvalence de Thierry Terreno ou encore la pr\u00e9cision de Fabrice Rouvin, il \u00e9tait difficile de compter dans ses rangs davantage d&rsquo;\u00e9pouvantails.\u00a0<\/p>\n<p>Encore fallait-il justifier sur le terrain les faveurs des pronostics. C&rsquo;est ce que la bande \u00e0 Anthony Kerfah a fait, m\u00eame si les demi-finales n&rsquo;ont pas \u00e9t\u00e9 une promenade de sant\u00e9. Remport\u00e9e 11-8 face \u00e0 Lattes, cette avant-derni\u00e8re marche \u00e9tait un peu une finale avant la lettre. De son c\u00f4t\u00e9, le club de Pont Trambouze (69) dominait nettement Feuqui\u00e8res (11-0). Mais en finale, Draguignan ne laissait pas passer sa chance et s&rsquo;imposait sans conteste (11-0).<\/p>\n<p>Les vainqueurs : S\u00e9bastien Lasagne, Thierry Terreno, Mohamed Benmostefa, Anthony Kerfah, Christophe Job, Fabrice Rouvin, J\u00e9r\u00e9my Jean, L\u00e9a Pascal-Mancuso, et \u00c9ric Mancuso (coach).<\/p>\n","protected":false},"excerpt":{"rendered":"Un peu comme le Real Madrid au foot, l&rsquo;ABC Draguignan avait dans ses rangs les \u00ab\u00a0Galactiques\u00a0\u00bb de la&hellip;\n","protected":false},"author":2,"featured_media":591288,"comment_status":"","ping_status":"","sticky":false,"template":"","format":"standard","meta":{"footnotes":""},"categories":[4],"tags":[17,11,615,9657,1011,27,70436,1197,151,12,69283,25,60],"class_list":{"0":"post-591287","1":"post","2":"type-post","3":"status-publish","4":"format-standard","5":"has-post-thumbnail","7":"category-france","8":"tag-17","9":"tag-actualites","10":"tag-coupe","11":"tag-draguignan","12":"tag-fr","13":"tag-france","14":"tag-galactiques","15":"tag-jeu","16":"tag-les","17":"tag-news","18":"tag-provencal","19":"tag-republique-francaise","20":"tag-sports"},"share_on_mastodon":{"url":"https:\/\/pubeurope.com\/@fr\/115696867962372812","error":""},"_links":{"self":[{"href":"https:\/\/www.europesays.com\/fr\/wp-json\/wp\/v2\/posts\/591287","targetHints":{"allow":["GET"]}}],"collection":[{"href":"https:\/\/www.europesays.com\/fr\/wp-json\/wp\/v2\/posts"}],"about":[{"href":"https:\/\/www.europesays.com\/fr\/wp-json\/wp\/v2\/types\/post"}],"author":[{"embeddable":true,"href":"https:\/\/www.europesays.com\/fr\/wp-json\/wp\/v2\/users\/2"}],"replies":[{"embeddable":true,"href":"https:\/\/www.europesays.com\/fr\/wp-json\/wp\/v2\/comments?post=591287"}],"version-history":[{"count":0,"href":"https:\/\/www.europesays.com\/fr\/wp-json\/wp\/v2\/posts\/591287\/revisions"}],"wp:featuredmedia":[{"embeddable":true,"href":"https:\/\/www.europesays.com\/fr\/wp-json\/wp\/v2\/media\/591288"}],"wp:attachment":[{"href":"https:\/\/www.europesays.com\/fr\/wp-json\/wp\/v2\/media?parent=591287"}],"wp:term":[{"taxonomy":"category","embeddable":true,"href":"https:\/\/www.europesays.com\/fr\/wp-json\/wp\/v2\/categories?post=591287"},{"taxonomy":"post_tag","embeddable":true,"href":"https:\/\/www.europesays.com\/fr\/wp-json\/wp\/v2\/tags?post=591287"}],"curies":[{"name":"wp","href":"https:\/\/api.w.org\/{rel}","templated":true}]}}