{"id":591289,"date":"2025-12-10T19:19:25","date_gmt":"2025-12-10T19:19:25","guid":{"rendered":"https:\/\/www.europesays.com\/fr\/591289\/"},"modified":"2025-12-10T19:19:25","modified_gmt":"2025-12-10T19:19:25","slug":"vannes-pour-conforter-sa-place-de-leader-colomiers-et-valence-romans-en-embuscade","status":"publish","type":"post","link":"https:\/\/www.europesays.com\/fr\/591289\/","title":{"rendered":"Vannes pour conforter sa place de leader, Colomiers et Valence-Romans en embuscade"},"content":{"rendered":"<p>\n    Avec un seul revers sur ses dix derni\u00e8res rencontres, le leader breton re\u00e7oit Biarritz, ce vendredi, \u00e0 l\u2019occasion de la 14e journ\u00e9e.<\/p>\n<p class=\"fig-paragraph\"><a href=\"http:\/\/www.lefigaro.fr\/sports\/rugby\/pro-d2-vannes-ecrase-carcassonne-et-renforce-sa-place-de-leader-20251205\" data-fig-type=\"NewsFlash\" data-gtm-custom-categorie=\"navigation\" data-gtm-custom-action=\"crossclick\" data-gtm-custom-label=\"Contextuel\" data-gtm-event=\"customEventSPE\" data-fig-domain=\"LEFIGARO\" target=\"_blank\" rel=\"noopener\">Le RC Vannes<\/a>, solidement install\u00e9 en t\u00eate de Pro D2, peut asseoir sa domination en recevant Biarritz vendredi lors de\u00a0<a href=\"https:\/\/www.lefigaro.fr\/sports\/rugby\/pro-d2\/calendrier-resultats?journee=14\" target=\"_blank\" rel=\"sponsored noopener\" data-gtm-custom-categorie=\"navigation\" data-gtm-custom-action=\"crossclick\" data-gtm-custom-label=\"Contextuel\" data-gtm-event=\"customEventSPE\">la 14e journ\u00e9e<\/a>, alors que ses poursuivants Valence-Romans et Colomiers ont des matches abordables pour tenir le rythme. Avec un seul revers sur ses dix derni\u00e8res rencontres, le RCV confirme au fil des journ\u00e9es son statut d&rsquo;ultra-favori \u00e0 la remont\u00e9e en Top 14. Sur\u00a0<a href=\"http:\/\/www.lefigaro.fr\/sports\/rugby\/top-14-fierte-bretonne-ambiance-celtique-silence-de-cathedrale-la-ferveur-a-vannes-marque-les-esprits-20240909\" data-fig-type=\"NewsFlash\" data-gtm-custom-categorie=\"navigation\" data-gtm-custom-action=\"crossclick\" data-gtm-custom-label=\"Contextuel\" data-gtm-event=\"customEventSPE\" data-fig-domain=\"LEFIGARO\" target=\"_blank\" rel=\"noopener\">leur pelouse de la Rabine<\/a>\u00a0et face au BO (12e, 23 pts) vendredi (21h00), les Bretons ont toutes les cartes en mains pour d\u00e9crocher un 11e succ\u00e8s cette saison et maintenir la meute des poursuivants \u00e0 distance.<\/p>\n<p class=\"fig-paragraph\">Cette horde est men\u00e9e par une s\u00e9duisante \u00e9quipe de Valence-Romans, \u00e0 six points des Vannetais, et qui a l&rsquo;occasion de confirmer sa bonne dynamique avec la r\u00e9ception de Grenoble (10e, 28 pts). Les Is\u00e9rois, si costauds les saisons pr\u00e9c\u00e9dentes, ne parviennent pas \u00e0 se sortir de la nasse, et n&rsquo;ont plus gagn\u00e9 loin de leurs Alpes depuis la premi\u00e8re journ\u00e9e, encore \u00e9trill\u00e9s 43-7 \u00e0 Colomiers la semaine derni\u00e8re.<\/p>\n<p>                                            <a class=\"fig-a11y-skip\" href=\"#fig-a11y-skip-main-inarticle\" data-module=\"a11y-skip\" data-context=\"was @visible\"><br \/>\n    Passer la publicit\u00e9<br \/>\n<\/a>            <\/p>\n<p class=\"fig-paragraph\">Les Colum\u00e9rins (3es, 42 pts) ont un d\u00e9placement jouable \u00e0 Dax (13e, 21 pts) pour garder leur place sur le podium, alors que le quatri\u00e8me, Provence Rugby, cherchera \u00e0 se relancer \u00e0 domicile face \u00e0 B\u00e9ziers. Un duel de pr\u00e9tendants aux phases finales opposera Oyonnax (5e) \u00e0 Nevers (6e), toujours en qu\u00eate d&rsquo;une premi\u00e8re victoire \u00e0 l&rsquo;ext\u00e9rieur.<\/p>\n<p class=\"fig-paragraph\">La journ\u00e9e s&rsquo;ouvrira jeudi par le d\u00e9placement d&rsquo;Agen (7e) sur la pelouse de Soyaux-Angoul\u00eame, tandis que la lanterne rouge Carcassonne visera vendredi un premier succ\u00e8s depuis fin septembre \u00e0 Brive.<\/p>\n<p>                                            Programme de la 14e journ\u00e9e\u00a0:<\/p>\n<p class=\"fig-paragraph\"><strong>Jeudi\u00a0:<\/strong> <br \/>(21h00) Soyaux-Angoul\u00eame &#8211; Agen<\/p>\n<p class=\"fig-paragraph\"><strong>Vendredi\u00a0:<\/strong> <br \/>(19h00) Valence-Romans &#8211; Grenoble<br \/>(19h30) Brive &#8211; Carcassonne<br \/>Oyonnax &#8211; Nevers<br \/>Provence Rugby &#8211; B\u00e9ziers<br \/>Aurillac &#8211; Mont-de-Marsan<br \/>Dax &#8211; Colomiers<br \/>(21h00) Vannes &#8211; Biarritz<\/p>\n","protected":false},"excerpt":{"rendered":"Avec un seul revers sur ses dix derni\u00e8res rencontres, le leader breton re\u00e7oit Biarritz, ce vendredi, \u00e0 l\u2019occasion&hellip;\n","protected":false},"author":2,"featured_media":591290,"comment_status":"","ping_status":"","sticky":false,"template":"","format":"standard","meta":{"footnotes":""},"categories":[1416],"tags":[18318,1011,27,2308,3164,479,1468,60],"class_list":{"0":"post-591289","1":"post","2":"type-post","3":"status-publish","4":"format-standard","5":"has-post-thumbnail","7":"category-rugby","8":"tag-biarritz-olympique","9":"tag-fr","10":"tag-france","11":"tag-pro-d2","12":"tag-rc-vannes","13":"tag-rugby","14":"tag-rugby-football","15":"tag-sports"},"share_on_mastodon":{"url":"https:\/\/pubeurope.com\/@fr\/115696891516494277","error":""},"_links":{"self":[{"href":"https:\/\/www.europesays.com\/fr\/wp-json\/wp\/v2\/posts\/591289","targetHints":{"allow":["GET"]}}],"collection":[{"href":"https:\/\/www.europesays.com\/fr\/wp-json\/wp\/v2\/posts"}],"about":[{"href":"https:\/\/www.europesays.com\/fr\/wp-json\/wp\/v2\/types\/post"}],"author":[{"embeddable":true,"href":"https:\/\/www.europesays.com\/fr\/wp-json\/wp\/v2\/users\/2"}],"replies":[{"embeddable":true,"href":"https:\/\/www.europesays.com\/fr\/wp-json\/wp\/v2\/comments?post=591289"}],"version-history":[{"count":0,"href":"https:\/\/www.europesays.com\/fr\/wp-json\/wp\/v2\/posts\/591289\/revisions"}],"wp:featuredmedia":[{"embeddable":true,"href":"https:\/\/www.europesays.com\/fr\/wp-json\/wp\/v2\/media\/591290"}],"wp:attachment":[{"href":"https:\/\/www.europesays.com\/fr\/wp-json\/wp\/v2\/media?parent=591289"}],"wp:term":[{"taxonomy":"category","embeddable":true,"href":"https:\/\/www.europesays.com\/fr\/wp-json\/wp\/v2\/categories?post=591289"},{"taxonomy":"post_tag","embeddable":true,"href":"https:\/\/www.europesays.com\/fr\/wp-json\/wp\/v2\/tags?post=591289"}],"curies":[{"name":"wp","href":"https:\/\/api.w.org\/{rel}","templated":true}]}}