{"id":591296,"date":"2025-12-10T19:28:30","date_gmt":"2025-12-10T19:28:30","guid":{"rendered":"https:\/\/www.europesays.com\/fr\/591296\/"},"modified":"2025-12-10T19:28:30","modified_gmt":"2025-12-10T19:28:30","slug":"je-deteste-antoine-de-caunes-sa-balle-perdue-a-frederic-lopez-et-laury-thilleman","status":"publish","type":"post","link":"https:\/\/www.europesays.com\/fr\/591296\/","title":{"rendered":"\u00ab\u00a0Je d\u00e9teste\u00a0\u00bb : Antoine de Caunes, sa balle perdue \u00e0 Fr\u00e9d\u00e9ric Lopez et Laury Thilleman"},"content":{"rendered":"<p>Si l\u2019\u00e9mission <strong>Rendez-vous en terre inconnue<\/strong> rassemble des millions de t\u00e9l\u00e9spectateurs depuis plusieurs ann\u00e9es, Antoine de Caunes ne fait pas partie des fans du programme autrefois pr\u00e9sent\u00e9 par <a href=\"https:\/\/www.public.fr\/tag\/frederic-lopez\" target=\"_blank\" rel=\"noopener\">Fr\u00e9d\u00e9ric Lopez<\/a>. En effet, l\u2019animateur de Canal+ <strong>n\u2019appr\u00e9cie pas l\u2019\u00e9mission<\/strong> et il n\u2019a pas h\u00e9sit\u00e9 \u00e0 le faire savoir.\u00a0<\/p>\n<p>Ce qui l\u2019agace ? Le concept lui-m\u00eame. Antoine de Caunes estime que l\u2019\u00e9mission repose sur une mise en sc\u00e8ne artificielle, o\u00f9 <strong>l\u2019on parachute une c\u00e9l\u00e9brit\u00e9 \u00ab\u00a0chez des peuples lointains\u00a0\u00bb <\/strong>pour quelques jours seulement, cam\u00e9ra au poing. Selon lui, cela donne lieu \u00e0 des situations o\u00f9 les participants \u00ab\u00a0jouent \u00e0 faire semblant\u00a0\u00bb d\u2019\u00eatre int\u00e9gr\u00e9s, le temps d\u2019un tournage, avant de reprendre l\u2019avion. Une d\u00e9marche qu\u2019il juge artificielle et d\u00e9pourvue de sinc\u00e9rit\u00e9.<\/p>\n<p>Antoine de Caunes n&rsquo;appr\u00e9cie pas l&rsquo;\u00e9mission de Fr\u00e9d\u00e9ric Lopez et le fait savoir<\/p>\n<p>C\u2019est en r\u00e9pondant \u00e0 la question d\u2019une intervenante de l\u2019\u00e9mission qu\u2019<a href=\"https:\/\/www.public.fr\/tag\/antoine-de-caunes\" target=\"_blank\" rel=\"noopener\">Antoine de Caunes<\/a> a vid\u00e9 son sac au sujet du programme de France 2, d\u00e9sormais pr\u00e9sent\u00e9 par <a href=\"https:\/\/www.public.fr\/tag\/laury-thilleman\" target=\"_blank\" rel=\"noopener\">Laury Thilleman<\/a>. La chroniqueuse de l\u2019\u00e9mission <strong>Les Pipelettes<\/strong>, conseillant en effet \u00e0 son invit\u00e9 de participer \u00e0 <strong>Rendez-vous en terre inconnue<\/strong> : <strong>\u00ab\u00a0Surtout pas\u00a0! Je d\u00e9teste cette \u00e9mission\u00a0\u00bb<\/strong>, a alors l\u00e2ch\u00e9 le journaliste avec franchise.\u00a0<\/p>\n<p>\u00ab\u00a0Parce que d\u00e9barquer comme cela dans une peuplade lointaine et recul\u00e9e, qui possiblement n\u2019a pas encore eu de v\u00e9ritable contact avec la civilisation. D\u00e9barquer avec des cam\u00e9ras et des gens qui vont <strong>jouer \u00e0 faire semblant de s\u2019int\u00e9grer pour repartir huit jours apr\u00e8s<\/strong>&#8230; Je n\u2019aime vraiment pas le concept\u00a0\u00bb, s\u2019est-il expliqu\u00e9 par la suite.\u00a0<\/p>\n<p>Selon lui, l\u2019\u00e9mission lanc\u00e9e en 2004 par Fr\u00e9d\u00e9ric Lopez d\u00e9tourne ce qui devrait \u00eatre un vrai \u00e9change interculturel en un simple \u00ab\u00a0format t\u00e9l\u00e9\u00a0\u00bb avec tous les codes du divertissement. Il semble regretter l\u2019id\u00e9e d\u2019un vrai rapport humain au profit d\u2019une mise en sc\u00e8ne, parfois artificielle. L\u2019ancien pr\u00e9sentateur du <strong>Grand Journal <\/strong>reconna\u00eet n\u00e9anmoins avoir visionn\u00e9 deux \u00e9pisodes de l\u2019\u00e9mission, tourn\u00e9s en Mongolie : \u00ab\u00a0Il y a de tr\u00e8s bons documentaires sur la Mongolie mais il n\u2019y a pas de n\u00e9cessit\u00e9 de venir avec un chanteur qui va expliquer \u00e0 quel point il se ressource\u00a0\u00bb.<\/p>\n<\/p>\n<p>Les nombreux changements op\u00e9r\u00e9s dans \u00ab\u00a0Rendez-vous en terre inconnue\u00a0\u00bb<\/p>\n<p>Fr\u00e9d\u00e9ric Lopez a lanc\u00e9 <strong>ce programme en 2004 sur France 2<\/strong>. Sa marque de fabrique : embarquer une c\u00e9l\u00e9brit\u00e9 vers une communaut\u00e9 isol\u00e9e pour une immersion totale de plusieurs jours. Le tout dans un format m\u00ealant d\u00e9couverte, rencontres humaines et \u00e9motion. <\/p>\n<p>En 2018, Fr\u00e9d\u00e9ric Lopez d\u00e9cide de se retirer progressivement de la pr\u00e9sentation. Il passe alors <a href=\"https:\/\/vsd.fr\/64277-tout-simplement-impossible-raphael-de-casabianca-sur-le-depart-il-brise-le-silence-sur-les-coulisses-de-rendez-vous-en-terre-inconnue\/\" target=\"_blank\" rel=\"noopener\">le relais \u00e0 Rapha\u00ebl de Casabianca<\/a>, qui reprend l\u2019animation et perp\u00e9tue la formule tout en modernisant l\u00e9g\u00e8rement le ton.<\/p>\n<p>En 2025, nouvelle \u00e9volution. Apr\u00e8s le d\u00e9part du successeur de Fr\u00e9d\u00e9ric Lopez en 2024, <a href=\"https:\/\/www.public.fr\/trop-douloureux-frederic-lopez-evoque-comme-rarement-son-remplacement-par-laury-thilleman-a-la-tete-de-rendez-vous-en-terre-inconnue\" target=\"_blank\" rel=\"noopener\">l\u2019\u00e9mission est confi\u00e9e \u00e0 Laury Thilleman<\/a>, ancienne Miss France devenue animatrice. La jeune pr\u00e9sentatrice inaugure cette nouvelle \u00e8re en partant en Terre de Feu, en Patagonie, aux c\u00f4t\u00e9s de son tout premier invit\u00e9 : <strong>le chef Cyril Lignac<\/strong>. Pour cet \u00e9pisode inaugural, diffus\u00e9 en octobre 2025, l\u2019\u00e9mission r\u00e9alise un solide d\u00e9marrage avec <strong>3,22 millions de t\u00e9l\u00e9spectateurs<\/strong>, confirmant l\u2019int\u00e9r\u00eat du public pour le programme malgr\u00e9 les changements successifs de pr\u00e9sentateur.<\/p>\n<p>\n          Hits &amp; People en continu\n        <\/p>\n<p>\n          Public Radio\n        <\/p>\n<p>      Mentionn\u00e9s dans cet article<\/p>\n<p>      Sur le m\u00eame sujet<\/p>\n","protected":false},"excerpt":{"rendered":"Si l\u2019\u00e9mission Rendez-vous en terre inconnue rassemble des millions de t\u00e9l\u00e9spectateurs depuis plusieurs ann\u00e9es, Antoine de Caunes ne&hellip;\n","protected":false},"author":2,"featured_media":591297,"comment_status":"","ping_status":"","sticky":false,"template":"","format":"standard","meta":{"footnotes":""},"categories":[1359],"tags":[22724,46556,58,59,1011,27,9481,35154,973,70437,9482],"class_list":{"0":"post-591296","1":"post","2":"type-post","3":"status-publish","4":"format-standard","5":"has-post-thumbnail","7":"category-people","8":"tag-antoine-de-caunes","9":"tag-cyril-lignac","10":"tag-divertissement","11":"tag-entertainment","12":"tag-fr","13":"tag-france","14":"tag-frederic-lopez","15":"tag-laury-thilleman","16":"tag-people","17":"tag-raphael-de-casabianca","18":"tag-rendez-vous-en-terre-inconnue"},"share_on_mastodon":{"url":"https:\/\/pubeurope.com\/@fr\/115696926972941031","error":""},"_links":{"self":[{"href":"https:\/\/www.europesays.com\/fr\/wp-json\/wp\/v2\/posts\/591296","targetHints":{"allow":["GET"]}}],"collection":[{"href":"https:\/\/www.europesays.com\/fr\/wp-json\/wp\/v2\/posts"}],"about":[{"href":"https:\/\/www.europesays.com\/fr\/wp-json\/wp\/v2\/types\/post"}],"author":[{"embeddable":true,"href":"https:\/\/www.europesays.com\/fr\/wp-json\/wp\/v2\/users\/2"}],"replies":[{"embeddable":true,"href":"https:\/\/www.europesays.com\/fr\/wp-json\/wp\/v2\/comments?post=591296"}],"version-history":[{"count":0,"href":"https:\/\/www.europesays.com\/fr\/wp-json\/wp\/v2\/posts\/591296\/revisions"}],"wp:featuredmedia":[{"embeddable":true,"href":"https:\/\/www.europesays.com\/fr\/wp-json\/wp\/v2\/media\/591297"}],"wp:attachment":[{"href":"https:\/\/www.europesays.com\/fr\/wp-json\/wp\/v2\/media?parent=591296"}],"wp:term":[{"taxonomy":"category","embeddable":true,"href":"https:\/\/www.europesays.com\/fr\/wp-json\/wp\/v2\/categories?post=591296"},{"taxonomy":"post_tag","embeddable":true,"href":"https:\/\/www.europesays.com\/fr\/wp-json\/wp\/v2\/tags?post=591296"}],"curies":[{"name":"wp","href":"https:\/\/api.w.org\/{rel}","templated":true}]}}