{"id":591300,"date":"2025-12-10T19:33:54","date_gmt":"2025-12-10T19:33:54","guid":{"rendered":"https:\/\/www.europesays.com\/fr\/591300\/"},"modified":"2025-12-10T19:33:54","modified_gmt":"2025-12-10T19:33:54","slug":"avant-premiere-la-bataille-la-malediction-de-lile-episode-25-du-12-decembre-2025-la-bataille-la-malediction-de-lile","status":"publish","type":"post","link":"https:\/\/www.europesays.com\/fr\/591300\/","title":{"rendered":"Avant-premi\u00e8re &#8211; La Bataille : La Mal\u00e9diction de L&rsquo;\u00eele &#8211; Episode 25 du 12 d\u00e9cembre 2025 &#8211; La Bataille : La Mal\u00e9diction de L&rsquo;\u00eele"},"content":{"rendered":"<p id=\"descriptionPanel\" class=\"text-secondary mr-2 line-clamp-2 pr-2.5 overflow-visible\">Bienvenue dans \u00a0\u00bb La Bataille, la mal\u00e9diction de l&rsquo;\u00eele \u00a0\u00bb ! Une nouvelle aventure qui promet de captiver les t\u00e9l\u00e9spectateurs avides de d\u00e9fis, strat\u00e9gies, surprises et rebondissements&#8230;&#13;<br \/>\n&#13;<br \/>\nSous le regard impartial de l&rsquo;animatrice Elsa Fayer, dix duos aux profils vari\u00e9s (meilleures amies, exs, couple, p\u00e8re et fils etc.) ont \u00e9t\u00e9 invit\u00e9s, par une myst\u00e9rieuse \u00eele, \u00e0 venir s&rsquo;affronter, afin d&rsquo;\u00eatre le dernier duo encore en lice. Le duo gagnant fera remporter \u00e0 l&rsquo;un de leurs followers sur la plateforme de streaming gratuit TF1+, une cagnotte pouvant aller jusqu&rsquo;\u00e0 10 000 \u20ac La Bataille :  La Mal\u00e9diction de L&rsquo;\u00eele &#8211; Episode 25 du 12 d\u00e9cembre 2025<br \/>En savoir plus sur <a class=\"text-white hover:text-blue-500\" href=\"https:\/\/www.tf1.fr\/dossier\/melanie-secret-story-9\" target=\"_blank\" rel=\"noopener\">M\u00e9lanie Da Cruz<\/a>, <a class=\"text-white hover:text-blue-500\" href=\"https:\/\/www.tf1.fr\/dossier\/nicolo-ferrari-17810266\" target=\"_blank\" rel=\"noopener\">Nicol\u00f3 Ferrari<\/a>, <a class=\"text-white hover:text-blue-500\" href=\"https:\/\/www.tf1.fr\/dossier\/gabriel-ayuso-04623479\" target=\"_blank\" rel=\"noopener\">Gabriel Ayuso<\/a>, <a class=\"text-white hover:text-blue-500\" href=\"https:\/\/www.tf1.fr\/dossier\/maissane-aghioul-61458410\" target=\"_blank\" rel=\"noopener\">Maissane Aghioul<\/a>, <a class=\"text-white hover:text-blue-500\" href=\"https:\/\/www.tf1.fr\/dossier\/giovanni-prat-47518092\" target=\"_blank\" rel=\"noopener\">Giovanni Prat<\/a>, <a class=\"text-white hover:text-blue-500\" href=\"https:\/\/www.tf1.fr\/dossier\/amelie-neten-83340298\" target=\"_blank\" rel=\"noopener\">Am\u00e9lie Neten<\/a>, <a class=\"text-white hover:text-blue-500\" href=\"https:\/\/www.tf1.fr\/dossier\/adixia-86869001\" target=\"_blank\" rel=\"noopener\">Adixia<\/a>, <a class=\"text-white hover:text-blue-500\" href=\"https:\/\/www.tf1.fr\/dossier\/vivian-lvcb-3\" target=\"_blank\" rel=\"noopener\">Vivian Grimigni<\/a>, <a class=\"text-white hover:text-blue-500\" href=\"https:\/\/www.tf1.fr\/dossier\/christophe-mercy-90571552\" target=\"_blank\" rel=\"noopener\">Christophe Mercy<\/a>, <a class=\"text-white hover:text-blue-500\" href=\"https:\/\/www.tf1.fr\/dossier\/melanie-orlenko-98845143\" target=\"_blank\" rel=\"noopener\">M\u00e9lanie Orlenko<\/a>, <a class=\"text-white hover:text-blue-500\" href=\"https:\/\/www.tf1.fr\/dossier\/romain-spodarek-67295069\" target=\"_blank\" rel=\"noopener\">Romain Spodarek<\/a>, <a class=\"text-white hover:text-blue-500\" href=\"https:\/\/www.tf1.fr\/dossier\/elsa-fayer\" target=\"_blank\" rel=\"noopener\">Elsa Fayer<\/a>, <a class=\"text-white hover:text-blue-500\" href=\"https:\/\/www.tf1.fr\/dossier\/matis-mercy-16020508\" target=\"_blank\" rel=\"noopener\">Mathis Mercy<\/a>, <a class=\"text-white hover:text-blue-500\" href=\"https:\/\/www.tf1.fr\/dossier\/lisa-marie-giocanti-18932665\" target=\"_blank\" rel=\"noopener\">Lisa-Marie Giocanti<\/a>, <a class=\"text-white hover:text-blue-500\" href=\"https:\/\/www.tf1.fr\/dossier\/cynthia-makhoul-89948165\" target=\"_blank\" rel=\"noopener\">Cynthia Makhoul<\/a> ou <a class=\"text-white hover:text-blue-500\" href=\"https:\/\/www.tf1.fr\/dossier\/gary-jarny-45589774\" target=\"_blank\" rel=\"noopener\">Gary Jarny<\/a><\/p>\n<p>Afficher la version longue du r\u00e9sum\u00e9<a class=\"shrink-0\" href=\"https:\/\/www.tf1.fr\/tfx\/la-bataille-la-malediction-de-lile\" target=\"_blank\" rel=\"noopener\"><img decoding=\"async\" src=\"https:\/\/www.europesays.com\/fr\/wp-content\/uploads\/2025\/12\/program-card-portrait-2b-c5fcf9-191fa7-0@1x.jpg\" width=\"138\" height=\"184\" alt=\"\" loading=\"eager\" fetchpriority=\"auto\" class=\"rounded-3px aspect-[3\/4] h-24 w-auto\" aria-hidden=\"true\"\/><\/a><img alt=\"Sous-Titrage T\u00e9l\u00e9texte\" loading=\"lazy\" width=\"27\" height=\"20\" decoding=\"async\" data-nimg=\"1\" style=\"color:transparent\" src=\"https:\/\/www.tf1.fr\/public\/_next\/static\/media\/sme.b8f879c0.svg\"\/>12 d\u00e9c. 2025 \u00e0 20:03<\/p>\n","protected":false},"excerpt":{"rendered":"Bienvenue dans \u00a0\u00bb La Bataille, la mal\u00e9diction de l&rsquo;\u00eele \u00a0\u00bb ! Une nouvelle aventure qui promet de captiver&hellip;\n","protected":false},"author":2,"featured_media":591301,"comment_status":"","ping_status":"","sticky":false,"template":"","format":"standard","meta":{"footnotes":""},"categories":[1356],"tags":[58,59,1365,64104,64105,43632,1011,27,64102,64106,64107,64114,64118,64103,64115,64119,64111,64110,64116,64117,64112,64113,252,1364,64108,64109],"class_list":{"0":"post-591300","1":"post","2":"type-post","3":"status-publish","4":"format-standard","5":"has-post-thumbnail","7":"category-television","8":"tag-divertissement","9":"tag-entertainment","10":"tag-episode","11":"tag-episode-la-bataille-la-malediction-de-lile","12":"tag-episode-la-bataille-la-malediction-de-lile-tfx","13":"tag-episode-tfx","14":"tag-fr","15":"tag-france","16":"tag-la-bataille-la-malediction-de-lile","17":"tag-la-bataille-la-malediction-de-lile-episode","18":"tag-la-bataille-la-malediction-de-lile-episode-tfx","19":"tag-la-bataille-la-malediction-de-lile-streaming","20":"tag-la-bataille-la-malediction-de-lile-streaming-gratuit","21":"tag-la-bataille-la-malediction-de-lile-tfx","22":"tag-la-bataille-la-malediction-de-lile-tfx-streaming","23":"tag-la-bataille-la-malediction-de-lile-tfx-streaming-gratuit","24":"tag-la-bataille-la-malediction-de-lile-tfx-video","25":"tag-la-bataille-la-malediction-de-lile-video","26":"tag-streaming-gratuit-la-bataille-la-malediction-de-lile","27":"tag-streaming-gratuit-la-bataille-la-malediction-de-lile-tfx","28":"tag-streaming-la-bataille-la-malediction-de-lile","29":"tag-streaming-la-bataille-la-malediction-de-lile-tfx","30":"tag-television","31":"tag-tv","32":"tag-video-la-bataille-la-malediction-de-lile","33":"tag-video-la-bataille-la-malediction-de-lile-tfx"},"share_on_mastodon":{"url":"","error":"Validation failed: Text character limit of 500 exceeded"},"_links":{"self":[{"href":"https:\/\/www.europesays.com\/fr\/wp-json\/wp\/v2\/posts\/591300","targetHints":{"allow":["GET"]}}],"collection":[{"href":"https:\/\/www.europesays.com\/fr\/wp-json\/wp\/v2\/posts"}],"about":[{"href":"https:\/\/www.europesays.com\/fr\/wp-json\/wp\/v2\/types\/post"}],"author":[{"embeddable":true,"href":"https:\/\/www.europesays.com\/fr\/wp-json\/wp\/v2\/users\/2"}],"replies":[{"embeddable":true,"href":"https:\/\/www.europesays.com\/fr\/wp-json\/wp\/v2\/comments?post=591300"}],"version-history":[{"count":0,"href":"https:\/\/www.europesays.com\/fr\/wp-json\/wp\/v2\/posts\/591300\/revisions"}],"wp:featuredmedia":[{"embeddable":true,"href":"https:\/\/www.europesays.com\/fr\/wp-json\/wp\/v2\/media\/591301"}],"wp:attachment":[{"href":"https:\/\/www.europesays.com\/fr\/wp-json\/wp\/v2\/media?parent=591300"}],"wp:term":[{"taxonomy":"category","embeddable":true,"href":"https:\/\/www.europesays.com\/fr\/wp-json\/wp\/v2\/categories?post=591300"},{"taxonomy":"post_tag","embeddable":true,"href":"https:\/\/www.europesays.com\/fr\/wp-json\/wp\/v2\/tags?post=591300"}],"curies":[{"name":"wp","href":"https:\/\/api.w.org\/{rel}","templated":true}]}}