{"id":59131,"date":"2025-04-28T11:40:09","date_gmt":"2025-04-28T11:40:09","guid":{"rendered":"https:\/\/www.europesays.com\/fr\/59131\/"},"modified":"2025-04-28T11:40:09","modified_gmt":"2025-04-28T11:40:09","slug":"grenoble-plusieurs-perturbations-sur-cette-ligne-de-tramway-voici-a-quoi-sattendre","status":"publish","type":"post","link":"https:\/\/www.europesays.com\/fr\/59131\/","title":{"rendered":"Grenoble. Plusieurs perturbations sur cette ligne de tramway, voici \u00e0 quoi s&rsquo;attendre"},"content":{"rendered":"<p>            Par<br \/>\n        <strong><br \/>\n            <a href=\"https:\/\/actu.fr\/auteur\/julien-sournies\" title=\"Consulter tous les articles de Julien Sournies\" rel=\"nofollow noopener\" target=\"_blank\">Julien Sournies<\/a><br \/>\n        <\/strong><\/p>\n<p>        Publi\u00e9 le<\/p>\n<p>            28 avr. 2025 \u00e0 13h27        <\/p>\n<p>Certains usagers des transports en commun de <a href=\"https:\/\/actu.fr\/grenoble\/\" rel=\"nofollow noopener\" target=\"_blank\">Grenoble<\/a> (<a href=\"https:\/\/actu.fr\/auvergne-rhone-alpes\/isere_38\" rel=\"nofollow noopener\" target=\"_blank\">Is\u00e8re<\/a>) vont \u00eatre contraints de revoir leurs itin\u00e9raires. En effet, \u00e0 compter de ce lundi 28\u00a0avril 2025, et ce, durant quelques jours, la ligne A du tramway grenoblois va \u00eatre en proie \u00e0 d\u2019importantes <strong>perturbations<\/strong>. Voici \u00e0 quoi s\u2019attendre.<\/p>\n<p class=\" wall-content\">En raison des nombreux <strong>travaux<\/strong> actuellement en place sur la ville de Grenoble, certaines stations de la ligne la plus fr\u00e9quent\u00e9e du r\u00e9seau grenoblois ne seront plus <strong>desservies<\/strong>.<\/p>\n<p>La ligne A impact\u00e9e pour cause de travaux<\/p>\n<p class=\" wall-content\">Du lundi 28\u00a0avril 2025 au mercredi 30\u00a0avril 2025 de 9h30 \u00e0 16h30, la ligne A ne circulera pas entre les stations <strong>Grand\u2019place et Malherbe<\/strong>. Pour pallier le d\u00e9sagr\u00e9ment, des bus relais sont mis en place pour effectuer la liaison entre ces stations.<\/p>\n<p class=\" wall-content\">Aux m\u00eames dates et m\u00eames horaires, M r\u00e9so annonce par ailleurs que la ligne A ne circulera pas entre les stations <strong>Malherbe et Polesud \u2013 Alpexpo<\/strong> en raison de travaux sur la ligne a\u00e9rienne secteur Grenoble.<\/p>\n<p class=\" wall-content\">Le r\u00e9seau dans le secteur d\u2019Echirolles sera lui aussi impact\u00e9. En soir\u00e9e, \u00e0 partir de 22h, la ligne A ne desservira pas les stations situ\u00e9es entre<strong> Grand\u2019place et L\u2019Etoile<\/strong> en raison de travaux de nuit.<\/p>\n<p>Vid\u00e9os : en ce moment sur Actu<\/p>\n<p class=\" wall-content\">Suivez toute l\u2019actualit\u00e9 de vos villes et m\u00e9dias favoris en vous inscrivant \u00e0 <a href=\"https:\/\/moncompte.actu.fr\" title=\"D\u00e9couvez Mon Actu\" rel=\"nofollow noopener\" data-trk=\"{&quot;cta&quot;:{&quot;action&quot;:&quot;https:\\\/\\\/moncompte.actu.fr&quot;,&quot;category&quot;:&quot;mon compte&quot;,&quot;from&quot;:&quot;article footer&quot;,&quot;name&quot;:&quot;Mon actu&quot;,&quot;type&quot;:&quot;cta&quot;}}\" target=\"_blank\">Mon Actu<\/a>.<\/p>\n","protected":false},"excerpt":{"rendered":"Par Julien Sournies Publi\u00e9 le 28 avr. 2025 \u00e0 13h27 Certains usagers des transports en commun de Grenoble&hellip;\n","protected":false},"author":2,"featured_media":59132,"comment_status":"","ping_status":"","sticky":false,"template":"","format":"standard","meta":{"footnotes":""},"categories":[9566],"tags":[1111,11,2430,3542,1777,674,1011,27,2731,12,25,104,8194,2086],"class_list":{"0":"post-59131","1":"post","2":"type-post","3":"status-publish","4":"format-standard","5":"has-post-thumbnail","7":"category-grenoble","8":"tag-actu","9":"tag-actualites","10":"tag-auvergne-rhone-alpes","11":"tag-circulation","12":"tag-eu","13":"tag-europe","14":"tag-fr","15":"tag-france","16":"tag-grenoble","17":"tag-news","18":"tag-republique-francaise","19":"tag-societe","20":"tag-transport-de-lagglomeration-grenobloise-tag","21":"tag-travaux"},"share_on_mastodon":{"url":"https:\/\/pubeurope.com\/@fr\/114415404532604278","error":""},"_links":{"self":[{"href":"https:\/\/www.europesays.com\/fr\/wp-json\/wp\/v2\/posts\/59131","targetHints":{"allow":["GET"]}}],"collection":[{"href":"https:\/\/www.europesays.com\/fr\/wp-json\/wp\/v2\/posts"}],"about":[{"href":"https:\/\/www.europesays.com\/fr\/wp-json\/wp\/v2\/types\/post"}],"author":[{"embeddable":true,"href":"https:\/\/www.europesays.com\/fr\/wp-json\/wp\/v2\/users\/2"}],"replies":[{"embeddable":true,"href":"https:\/\/www.europesays.com\/fr\/wp-json\/wp\/v2\/comments?post=59131"}],"version-history":[{"count":0,"href":"https:\/\/www.europesays.com\/fr\/wp-json\/wp\/v2\/posts\/59131\/revisions"}],"wp:featuredmedia":[{"embeddable":true,"href":"https:\/\/www.europesays.com\/fr\/wp-json\/wp\/v2\/media\/59132"}],"wp:attachment":[{"href":"https:\/\/www.europesays.com\/fr\/wp-json\/wp\/v2\/media?parent=59131"}],"wp:term":[{"taxonomy":"category","embeddable":true,"href":"https:\/\/www.europesays.com\/fr\/wp-json\/wp\/v2\/categories?post=59131"},{"taxonomy":"post_tag","embeddable":true,"href":"https:\/\/www.europesays.com\/fr\/wp-json\/wp\/v2\/tags?post=59131"}],"curies":[{"name":"wp","href":"https:\/\/api.w.org\/{rel}","templated":true}]}}