{"id":591316,"date":"2025-12-10T19:52:22","date_gmt":"2025-12-10T19:52:22","guid":{"rendered":"https:\/\/www.europesays.com\/fr\/591316\/"},"modified":"2025-12-10T19:52:22","modified_gmt":"2025-12-10T19:52:22","slug":"les-europeens-ont-discute-avec-trump-kiev-et-washington-feront-de-meme-dans-la-journee","status":"publish","type":"post","link":"https:\/\/www.europesays.com\/fr\/591316\/","title":{"rendered":"les Europ\u00e9ens ont discut\u00e9 avec Trump\u00a0; Kiev et Washington feront de m\u00eame dans la journ\u00e9e"},"content":{"rendered":"<p>   S\u00e9bastien Lecornu\u00a0d\u00e9taille les priorit\u00e9s du gouvernement sur sa strat\u00e9gie de d\u00e9fense nationale               <img decoding=\"async\" class=\"post__live-container--img post__space-node\"  src=\"https:\/\/www.europesays.com\/fr\/wp-content\/uploads\/2025\/12\/c2859fd_ftp-1-jhl4ej7ecrhm-5647610-01-06.jpg\" data- alt=\"S\u00e9bastien Lecornu devant l\u2019Assembl\u00e9e nationale, le 10\u00a0d\u00e9cembre 2025.\"\/>   S\u00e9bastien Lecornu devant l\u2019Assembl\u00e9e nationale, le 10\u00a0d\u00e9cembre 2025. JULIEN DE ROSA \/ AFP               <\/p>\n<p class=\"post__live-container--answer-text post__space-node\">Le premier ministre s\u2019est exprim\u00e9, mercredi, devant les d\u00e9put\u00e9s sur la strat\u00e9gie de d\u00e9fense nationale, en application de l\u2019article\u00a050-1 de la Constitution.<\/p>\n<p class=\"post__live-container--answer-text post__space-node\">\u00ab\u00a0L\u2019ind\u00e9pendance ne se d\u00e9cr\u00e8te pas, c\u2019est une conqu\u00eate permanente\u00a0\u00bb, commence S\u00e9bastien Lecornu, qui rappelle que le gouvernement proposera une actualisation de la loi de programmation militaire au d\u00e9but de l\u2019ann\u00e9e 2026\u00a0au Parlement. \u00ab\u00a0Depuis 2017, le budget du minist\u00e8re des arm\u00e9es a progress\u00e9 \u2013 et il doit encore augmenter en\u00a02026 si le budget de l\u2019Etat est vot\u00e9\u00a0\u00bb, poursuit-il.<\/p>\n<p class=\"post__live-container--answer-text post__space-node\">Cette hausse du budget des arm\u00e9es a produit des effets concrets, \u00ab\u00a0mais l\u2019argent ne sera pas la seule r\u00e9ponse\u00a0\u00bb, assure le premier ministre. Depuis 2017, cette hausse des cr\u00e9dits a permis notamment un renouvellement des capacit\u00e9s de dissuasion nucl\u00e9aires fran\u00e7aises et aussi une modernisation des \u00e9quipements. Le chef de gouvernement rappelle que depuis 2022 la donne a chang\u00e9, avec l\u2019agression russe en Ukraine\u00a0: la d\u00e9gradation de l\u2019environnement s\u00e9curitaire s\u2019est acc\u00e9l\u00e9r\u00e9e, \u00ab\u00a0avec le retour des guerres de haute intensit\u00e9\u00a0\u00bb, estime le premier ministre.<\/p>\n<p class=\"post__live-container--answer-text post__space-node\">Il rappelle que le rejet de la partie recettes du projet de loi de finance (PLF) n\u2019a pas permis aux d\u00e9put\u00e9s de discuter des cr\u00e9dits concernant l\u2019arm\u00e9e\u00a0; c\u2019est pourquoi ce d\u00e9bat est organis\u00e9, pr\u00e9cise-t-il. Plusieurs chantiers prioritaires sont donc abord\u00e9s par le premier ministre\u00a0:<\/p>\n<ul class=\"article__unordered-list\">\n<li>reconstituer les stocks de munitions (\u00e0 ce sujet, plus de 500\u00a0millions d\u2019euros de commandes suppl\u00e9mentaires seront propos\u00e9s)\u00a0;<\/li>\n<li>produire en masse des drones (cr\u00e9er une nouvelle fili\u00e8re industrielle pour la fabrication de drones \u00e0 hauteur de 150\u00a0millions d\u2019euros)\u00a0;<\/li>\n<li>prot\u00e9ger le ciel (acheter radars et brouilleurs)\u00a0;<\/li>\n<li>penser la guerre dans le champ \u00e9lectromagn\u00e9tique\u00a0;<\/li>\n<li>rendre ind\u00e9pendante \u00e0 l\u2019horizon de 2035 l\u2019alerte avanc\u00e9e, soit la capacit\u00e9 \u00e0 d\u00e9tecter et \u00e0 suivre la trajectoire des missiles, qui d\u00e9pend aujourd\u2019hui de la fili\u00e8re am\u00e9ricaine\u00a0;<\/li>\n<li>investir le spatial-militaire (acheter 4\u00a0satellites en orbite basse et des satellites patrouilleurs, soit un quasi-doublement du budget dans ce domaine d\u2019ici \u00e0 2030)\u00a0;<\/li>\n<li>innover dans le champ op\u00e9rationnel\u00a0;<\/li>\n<li>d\u00e9velopper le quantique (un laboratoire sera cr\u00e9\u00e9 en\u00a02026\u00a0au sein du minist\u00e8re des arm\u00e9es pour f\u00e9d\u00e9rer l\u2019ensemble des acteurs).<\/li>\n<\/ul>\n<p class=\"post__live-container--answer-text post__space-node\">Selon lui, armer la France, c\u2019est donc garantir \u00ab\u00a0notre s\u00e9curit\u00e9 partout sur la plan\u00e8te\u00a0\u00bb. \u00ab\u00a0Si l\u2019instabilit\u00e9 politique nous bouleverse, elle ne doit pas pour autant nous couper des r\u00e9alit\u00e9s\u00a0\u00bb, ajoute M.\u00a0Lecornu, qui conclut sa prise de parole en appelant les d\u00e9put\u00e9s \u00e0 d\u00e9battre sur le principe d\u2019une augmentation du budget de la d\u00e9fense en\u00a02026.<\/p>\n","protected":false},"excerpt":{"rendered":"S\u00e9bastien Lecornu\u00a0d\u00e9taille les priorit\u00e9s du gouvernement sur sa strat\u00e9gie de d\u00e9fense nationale S\u00e9bastien Lecornu devant l\u2019Assembl\u00e9e nationale, le&hellip;\n","protected":false},"author":2,"featured_media":591317,"comment_status":"","ping_status":"","sticky":false,"template":"","format":"standard","meta":{"footnotes":""},"categories":[5],"tags":[11,1011,27,14,12,28],"class_list":{"0":"post-591316","1":"post","2":"type-post","3":"status-publish","4":"format-standard","5":"has-post-thumbnail","7":"category-international","8":"tag-actualites","9":"tag-fr","10":"tag-france","11":"tag-international","12":"tag-news","13":"tag-world"},"share_on_mastodon":{"url":"https:\/\/pubeurope.com\/@fr\/115697022045147567","error":""},"_links":{"self":[{"href":"https:\/\/www.europesays.com\/fr\/wp-json\/wp\/v2\/posts\/591316","targetHints":{"allow":["GET"]}}],"collection":[{"href":"https:\/\/www.europesays.com\/fr\/wp-json\/wp\/v2\/posts"}],"about":[{"href":"https:\/\/www.europesays.com\/fr\/wp-json\/wp\/v2\/types\/post"}],"author":[{"embeddable":true,"href":"https:\/\/www.europesays.com\/fr\/wp-json\/wp\/v2\/users\/2"}],"replies":[{"embeddable":true,"href":"https:\/\/www.europesays.com\/fr\/wp-json\/wp\/v2\/comments?post=591316"}],"version-history":[{"count":0,"href":"https:\/\/www.europesays.com\/fr\/wp-json\/wp\/v2\/posts\/591316\/revisions"}],"wp:featuredmedia":[{"embeddable":true,"href":"https:\/\/www.europesays.com\/fr\/wp-json\/wp\/v2\/media\/591317"}],"wp:attachment":[{"href":"https:\/\/www.europesays.com\/fr\/wp-json\/wp\/v2\/media?parent=591316"}],"wp:term":[{"taxonomy":"category","embeddable":true,"href":"https:\/\/www.europesays.com\/fr\/wp-json\/wp\/v2\/categories?post=591316"},{"taxonomy":"post_tag","embeddable":true,"href":"https:\/\/www.europesays.com\/fr\/wp-json\/wp\/v2\/tags?post=591316"}],"curies":[{"name":"wp","href":"https:\/\/api.w.org\/{rel}","templated":true}]}}