{"id":591320,"date":"2025-12-10T19:57:31","date_gmt":"2025-12-10T19:57:31","guid":{"rendered":"https:\/\/www.europesays.com\/fr\/591320\/"},"modified":"2025-12-10T19:57:31","modified_gmt":"2025-12-10T19:57:31","slug":"une-vingtaine-de-personnes-interpellee-en-france","status":"publish","type":"post","link":"https:\/\/www.europesays.com\/fr\/591320\/","title":{"rendered":"Une vingtaine de personnes interpell\u00e9e en France"},"content":{"rendered":"<p>Une vingtaine de personnes, soup\u00e7onn\u00e9es d\u2019avoir achet\u00e9 en ligne des <a href=\"https:\/\/www.20minutes.fr\/societe\/4183003-20251101-shein-retire-poupees-caractere-pedopornographique-plateforme\" class=\"c-link c-link--is-underlined\" rel=\"nofollow noopener\" target=\"_blank\">poup\u00e9es sexuelles \u00e0 caract\u00e8re p\u00e9dopornographique,<\/a> ont \u00e9t\u00e9 interpell\u00e9es mercredi lors d\u2019une vaste op\u00e9ration <a href=\"https:\/\/www.20minutes.fr\/dossier\/police\" class=\"c-link c-link--is-underlined\" rel=\"nofollow noopener\" target=\"_blank\">polici\u00e8re <\/a>en <a href=\"https:\/\/www.20minutes.fr\/france\/\" class=\"c-link c-link--is-underlined\" rel=\"nofollow noopener\" target=\"_blank\">France<\/a>, a indiqu\u00e9 \u00e0 l\u2019AFP une source proche de l\u2019enqu\u00eate, confirmant une information de Lib\u00e9ration. Ces arrestations ont \u00e9t\u00e9 r\u00e9alis\u00e9es dans le cadre d\u2019enqu\u00eates sur la vente de produits ill\u00e9gaux par des plateformes de vente en ligne dont Shein et AliExpress. Selon <a href=\"https:\/\/connexion.liberation.fr\/autorefresh?referer=https%3a%2f%2fwww.liberation.fr%2fsociete%2fdes-interpellations-de-detenteurs-de-poupees-sexuelles-aux-traits-enfantins-ont-lieu-partout-en-france-20251210_UZ5TUFLAKBGGZCQKDDPY25PGR4%2f\" target=\"_blank\" class=\"c-link c-link--is-underlined\" rel=\"nofollow noopener\">Lib\u00e9ration<\/a>, les suspects sont des hommes et cinq d\u2019entre eux sont connus pour des faits de p\u00e9docriminalit\u00e9.<\/p>\n<\/p>\n<p>Gares \u00e0 vue en cours<\/p>\n<p>Une source proche de l\u2019enqu\u00eate a pr\u00e9cis\u00e9 que les interpellations avaient lieu \u00ab\u00a0sur l\u2019ensemble du territoire national\u00a0\u00bb dans le cadre de plusieurs enqu\u00eates. L\u2019une des interpellations s\u2019est d\u00e9roul\u00e9e sur le ressort du parquet de Nice, a confirm\u00e9 \u00e0 l\u2019<a href=\"https:\/\/www.20minutes.fr\/dossier\/afp\" class=\"c-link c-link--is-underlined\" rel=\"nofollow noopener\" target=\"_blank\">AFP<\/a> le <a href=\"https:\/\/www.20minutes.fr\/dossier\/procureur\" class=\"c-link c-link--is-underlined\" rel=\"nofollow noopener\" target=\"_blank\">procureur<\/a> de la ville, Damien Martinelli, sans donner de d\u00e9tails.<\/p>\n<p>Selon Lib\u00e9ration, les forces de l\u2019ordre ont retrouv\u00e9 au domicile du suspect une poup\u00e9e sexuelle command\u00e9e en d\u00e9but d\u2019ann\u00e9e sur le site internet AliExpress, ainsi que deux autres poup\u00e9es d\u2019apparence enfantine. Des gardes \u00e0 vue sont en cours \u00e0 Toulouse, <a href=\"https:\/\/www.20minutes.fr\/dossier\/verdun\" class=\"c-link c-link--is-underlined\" rel=\"nofollow noopener\" target=\"_blank\">Verdun<\/a> et <a href=\"https:\/\/www.20minutes.fr\/dossier\/rouen\" class=\"c-link c-link--is-underlined\" rel=\"nofollow noopener\" target=\"_blank\">Rouen<\/a>, d\u2019apr\u00e8s <a href=\"https:\/\/www.franceinfo.fr\/societe\/pedocriminalite\/une-vingtaine-d-interpellations-en-france-de-detenteurs-de-poupees-sexuelles-a-caractere-pedopornographique_7670884.html\" target=\"_blank\" class=\"c-link c-link--is-underlined\" rel=\"nofollow noopener\">Franceinfo<\/a>.<\/p>\n<p>Les ventes en ligne dans le viseur<\/p>\n<p>D\u00e9but novembre, la Direction g\u00e9n\u00e9rale de la concurrence, de la consommation et de la r\u00e9pression des fraudes (<a href=\"https:\/\/www.20minutes.fr\/dossier\/dgccrf\" class=\"c-link c-link--is-underlined\" rel=\"nofollow noopener\" target=\"_blank\">DGCCRF<\/a>) avait signal\u00e9 \u00e0 la justice la commercialisation de poup\u00e9es sexuelles \u00e0 caract\u00e8re p\u00e9dopornographique par le g\u00e9ant de l\u2019e-commerce asiatique Shein. Le parquet de Paris avait ensuite annonc\u00e9 avoir confi\u00e9 quatre enqu\u00eates \u00e0 l\u2019Office des mineurs (Ofmin) pour la vente de produits ill\u00e9gaux sur les plateformes Shein, AliExpress, <a href=\"https:\/\/www.20minutes.fr\/monde\/temu\/\" class=\"c-link c-link--is-underlined\" rel=\"nofollow noopener\" target=\"_blank\">Temu<\/a> et Wish.<\/p>\n<p>Ces investigations portent sur la \u00ab\u00a0diffusion de message violent, pornographique, ou contraire \u00e0 la dignit\u00e9 accessible \u00e0 un mineur\u00a0\u00bb pour les quatre sites, avait pr\u00e9cis\u00e9 le parquet. Dans le cas de Shein et AliExpress, qui proposaient des poup\u00e9es ayant l\u2019apparence d\u2019enfants, les enqu\u00eates visent aussi la \u00ab\u00a0diffusion de l\u2019image ou la repr\u00e9sentation d\u2019un mineur pr\u00e9sentant un caract\u00e8re pornographique\u00a0\u00bb.<\/p>\n","protected":false},"excerpt":{"rendered":"Une vingtaine de personnes, soup\u00e7onn\u00e9es d\u2019avoir achet\u00e9 en ligne des poup\u00e9es sexuelles \u00e0 caract\u00e8re p\u00e9dopornographique, ont \u00e9t\u00e9 interpell\u00e9es&hellip;\n","protected":false},"author":2,"featured_media":591321,"comment_status":"","ping_status":"","sticky":false,"template":"","format":"standard","meta":{"footnotes":""},"categories":[2],"tags":[47,11,2441,1011,27,303,9985,12,32329,1104,104],"class_list":{"0":"post-591320","1":"post","2":"type-post","3":"status-publish","4":"format-standard","5":"has-post-thumbnail","7":"category-actualites","8":"tag-actualite","9":"tag-actualites","10":"tag-arrestation","11":"tag-fr","12":"tag-france","13":"tag-justice","14":"tag-liberation","15":"tag-news","16":"tag-pedopornographie","17":"tag-shein","18":"tag-societe"},"share_on_mastodon":{"url":"https:\/\/pubeurope.com\/@fr\/115697041119034105","error":""},"_links":{"self":[{"href":"https:\/\/www.europesays.com\/fr\/wp-json\/wp\/v2\/posts\/591320","targetHints":{"allow":["GET"]}}],"collection":[{"href":"https:\/\/www.europesays.com\/fr\/wp-json\/wp\/v2\/posts"}],"about":[{"href":"https:\/\/www.europesays.com\/fr\/wp-json\/wp\/v2\/types\/post"}],"author":[{"embeddable":true,"href":"https:\/\/www.europesays.com\/fr\/wp-json\/wp\/v2\/users\/2"}],"replies":[{"embeddable":true,"href":"https:\/\/www.europesays.com\/fr\/wp-json\/wp\/v2\/comments?post=591320"}],"version-history":[{"count":0,"href":"https:\/\/www.europesays.com\/fr\/wp-json\/wp\/v2\/posts\/591320\/revisions"}],"wp:featuredmedia":[{"embeddable":true,"href":"https:\/\/www.europesays.com\/fr\/wp-json\/wp\/v2\/media\/591321"}],"wp:attachment":[{"href":"https:\/\/www.europesays.com\/fr\/wp-json\/wp\/v2\/media?parent=591320"}],"wp:term":[{"taxonomy":"category","embeddable":true,"href":"https:\/\/www.europesays.com\/fr\/wp-json\/wp\/v2\/categories?post=591320"},{"taxonomy":"post_tag","embeddable":true,"href":"https:\/\/www.europesays.com\/fr\/wp-json\/wp\/v2\/tags?post=591320"}],"curies":[{"name":"wp","href":"https:\/\/api.w.org\/{rel}","templated":true}]}}