{"id":591338,"date":"2025-12-10T20:14:16","date_gmt":"2025-12-10T20:14:16","guid":{"rendered":"https:\/\/www.europesays.com\/fr\/591338\/"},"modified":"2025-12-10T20:14:16","modified_gmt":"2025-12-10T20:14:16","slug":"pres-de-rouen-vous-recevrez-peut-etre-une-alerte-sur-votre-telephone-ce-jeudi-voici-pourquoi","status":"publish","type":"post","link":"https:\/\/www.europesays.com\/fr\/591338\/","title":{"rendered":"Pr\u00e8s de Rouen, vous recevrez peut-\u00eatre une alerte sur votre t\u00e9l\u00e9phone ce jeudi : voici pourquoi"},"content":{"rendered":"<p>                    Par<br \/>\n        <strong><br \/>\n            <a href=\"https:\/\/actu.fr\/auteur\/julien-bouteiller\" title=\"Consulter tous les articles de Julien Bouteiller\" target=\"_blank\" rel=\"noopener\">Julien Bouteiller<\/a><br \/>\n                    <\/strong><\/p>\n<p>        Publi\u00e9 le<\/p>\n<p>            10 d\u00e9c. 2025 \u00e0 20h14        <\/p>\n<p>Si vous habitez dans les environs de <a href=\"https:\/\/actu.fr\/normandie\/rouen_76540\" target=\"_blank\" rel=\"noopener\">Rouen<\/a>, vous recevrez peut-\u00eatre <strong>une alerte sur votre t\u00e9l\u00e9phone<\/strong> ce jeudi 11 d\u00e9cembre 2025. Pas de panique et on vous explique pourquoi.<\/p>\n<p>Fr-Alert et sir\u00e8nes vont retentir<\/p>\n<p class=\" wall-content\">La pr\u00e9fecture de la Seine-Maritime en donne la raison sur ses r\u00e9seaux sociaux. Un exercice de s\u00e9curit\u00e9 civile va avoir lieu ce jeudi. Le sc\u00e9nario : \u00ab\u00a0<strong>Un nuage toxique<\/strong> qui se d\u00e9gage au-dessus d\u2019une industrie\u00a0\u00bb, en l\u2019occurrence l\u2019entreprise <strong>Brenntag situ\u00e9e \u00e0 Montville.<\/strong><\/p>\n<p class=\" wall-content\">Durant cette exercice, <a href=\"https:\/\/actu.fr\/grand-est\/la-wantzenau_67519\/l-alarme-fr-alert-declenchee-sur-les-telephones-de-plusieurs-habitants-pres-de-strasbourg-jeudi_63293162.html\" target=\"_blank\" rel=\"noopener\">le syst\u00e8me Fr-Alert,<\/a> qui transmet sur vos t\u00e9l\u00e9phones des infos importantes en cas de situation de crise, va \u00eatre test\u00e9.\u00a0<\/p>\n<p class=\" wall-content\">Par ailleurs,<strong> les sir\u00e8nes<\/strong> de l\u2019entreprise ainsi que celles des communes de Montville et Malaunay seront activ\u00e9es. \u00ab\u00a0Aucune action de votre part n\u2019est requise. L\u2019exercice n\u2019aura aucun impact dans l\u2019espace public\u00a0\u00bb, pr\u00e9cise la pr\u00e9fecture.<\/p>\n<p class=\" wall-content\">\n<p>Suivez l\u2019actualit\u00e9 de Rouen <a href=\"https:\/\/www.whatsapp.com\/channel\/0029VaKfnf99hXF2ddApFB1D\" target=\"_blank\" rel=\"noopener\">sur notre cha\u00eene WhatsApp<\/a> et <a href=\"https:\/\/www.tiktok.com\/@76actu.fr?lang=fr\" target=\"_blank\" rel=\"noopener\">sur notre compte TikTok<\/a><\/p>\n<p class=\" wall-content\">Personnalisez votre actualit\u00e9 en ajoutant vos villes et m\u00e9dias en favori avec <a href=\"https:\/\/moncompte.actu.fr\" title=\"D\u00e9couvez Mon Actu\" rel=\"nofollow noopener\" data-trk=\"{&quot;cta&quot;:{&quot;action&quot;:&quot;https:\\\/\\\/moncompte.actu.fr&quot;,&quot;category&quot;:&quot;mon compte&quot;,&quot;from&quot;:&quot;article footer&quot;,&quot;name&quot;:&quot;Mon actu&quot;,&quot;type&quot;:&quot;cta&quot;}}\" target=\"_blank\">Mon Actu<\/a>.<\/p>\n<p>                    <script async src=\"\/\/www.tiktok.com\/embed.js\"><\/script><\/p>\n","protected":false},"excerpt":{"rendered":"Par Julien Bouteiller Publi\u00e9 le 10 d\u00e9c. 2025 \u00e0 20h14 Si vous habitez dans les environs de Rouen,&hellip;\n","protected":false},"author":2,"featured_media":591339,"comment_status":"","ping_status":"","sticky":false,"template":"","format":"standard","meta":{"footnotes":""},"categories":[9587],"tags":[1111,11,898,1777,674,118,1011,27,693,12,5161,25,9590],"class_list":{"0":"post-591338","1":"post","2":"type-post","3":"status-publish","4":"format-standard","5":"has-post-thumbnail","7":"category-rouen","8":"tag-actu","9":"tag-actualites","10":"tag-alerte","11":"tag-eu","12":"tag-europe","13":"tag-faits-divers","14":"tag-fr","15":"tag-france","16":"tag-industrie","17":"tag-news","18":"tag-normandie","19":"tag-republique-francaise","20":"tag-rouen"},"share_on_mastodon":{"url":"https:\/\/pubeurope.com\/@fr\/115697107832117237","error":""},"_links":{"self":[{"href":"https:\/\/www.europesays.com\/fr\/wp-json\/wp\/v2\/posts\/591338","targetHints":{"allow":["GET"]}}],"collection":[{"href":"https:\/\/www.europesays.com\/fr\/wp-json\/wp\/v2\/posts"}],"about":[{"href":"https:\/\/www.europesays.com\/fr\/wp-json\/wp\/v2\/types\/post"}],"author":[{"embeddable":true,"href":"https:\/\/www.europesays.com\/fr\/wp-json\/wp\/v2\/users\/2"}],"replies":[{"embeddable":true,"href":"https:\/\/www.europesays.com\/fr\/wp-json\/wp\/v2\/comments?post=591338"}],"version-history":[{"count":0,"href":"https:\/\/www.europesays.com\/fr\/wp-json\/wp\/v2\/posts\/591338\/revisions"}],"wp:featuredmedia":[{"embeddable":true,"href":"https:\/\/www.europesays.com\/fr\/wp-json\/wp\/v2\/media\/591339"}],"wp:attachment":[{"href":"https:\/\/www.europesays.com\/fr\/wp-json\/wp\/v2\/media?parent=591338"}],"wp:term":[{"taxonomy":"category","embeddable":true,"href":"https:\/\/www.europesays.com\/fr\/wp-json\/wp\/v2\/categories?post=591338"},{"taxonomy":"post_tag","embeddable":true,"href":"https:\/\/www.europesays.com\/fr\/wp-json\/wp\/v2\/tags?post=591338"}],"curies":[{"name":"wp","href":"https:\/\/api.w.org\/{rel}","templated":true}]}}