{"id":591342,"date":"2025-12-10T20:17:20","date_gmt":"2025-12-10T20:17:20","guid":{"rendered":"https:\/\/www.europesays.com\/fr\/591342\/"},"modified":"2025-12-10T20:17:20","modified_gmt":"2025-12-10T20:17:20","slug":"grenoble-avant-la-reouverture-au-printemps-une-visite-en-avant-premiere-de-la-tour-perret","status":"publish","type":"post","link":"https:\/\/www.europesays.com\/fr\/591342\/","title":{"rendered":"Grenoble. Avant la r\u00e9ouverture au printemps, une visite en avant-premi\u00e8re de la tour Perret"},"content":{"rendered":"<p>La tour Perret doit rouvrir ses portes aux visiteurs au printemps prochain. L\u2019\u00e9difice embl\u00e9matique de Grenoble \u2013 qui a ferm\u00e9 ses portes dans les ann\u00e9es 60 \u2013 fait l\u2019objet <a href=\"https:\/\/www.ledauphine.com\/d\/le-chantier-de-la-tour-perret-l-un-des-emblemes-de-grenoble-9b489fe4-faa0-4d3f-bccf-c76e6e4a9be1\" target=\"_blank\" rel=\"noopener\">d\u2019un vaste chantier de restauration<\/a> depuis fin 2023. Des travaux qui vont donc bient\u00f4t se terminer.<\/p>\n<p>Pour f\u00eater <a href=\"https:\/\/www.ledauphine.com\/culture-loisirs\/2025\/06\/23\/isere-grenoble-dans-moins-d-un-an-la-tour-perret-rouvrira-aux-visiteurs-et-voila-ce-qui-les-attend\" target=\"_blank\" rel=\"noopener\">sa r\u00e9ouverture<\/a> , et \u00e0 l\u2019occasion des f\u00eates de fin d\u2019ann\u00e9e, la Ville\u00a0proposera une tombola, samedi 20\u00a0d\u00e9cembre, au march\u00e9 de No\u00ebl afin de s\u00e9lectionner huit personnes qui pourront d\u00e9couvrir l\u2019int\u00e9rieur de la tour en avant-premi\u00e8re.<\/p>\n<p>Pour participer, il faudra se rendre au chalet animation entre 10 et 19 heures. La participation \u00e0 la tombola est ouverte aux personnes majeures en capacit\u00e9 de monter \u00e0 pied\u00a0400 marches pour atteindre le sommet et surtout non sujettes au vertige\u00a0!<\/p>\n<p>Le tirage au sort aura lieu \u00e0 19 heures et sera effectu\u00e9 par le p\u00e8re No\u00ebl. Les chanceux gagneront une mont\u00e9e dans la tour le vendredi 9\u00a0janvier et une r\u00e9plique du b\u00e2timent en chocolat par Thierry Court. Vingt exemplaires suppl\u00e9mentaires seront donn\u00e9s aux vingt personnes suivantes.<\/p>\n","protected":false},"excerpt":{"rendered":"La tour Perret doit rouvrir ses portes aux visiteurs au printemps prochain. L\u2019\u00e9difice embl\u00e9matique de Grenoble \u2013 qui&hellip;\n","protected":false},"author":2,"featured_media":591343,"comment_status":"","ping_status":"","sticky":false,"template":"","format":"standard","meta":{"footnotes":""},"categories":[9566],"tags":[1111,11,2430,1687,112,1777,674,1011,27,2731,2732,330,10265,12,2661,25],"class_list":{"0":"post-591342","1":"post","2":"type-post","3":"status-publish","4":"format-standard","5":"has-post-thumbnail","7":"category-grenoble","8":"tag-actu","9":"tag-actualites","10":"tag-auvergne-rhone-alpes","11":"tag-culture-loisirs","12":"tag-edition-grenoble-agglomeration","13":"tag-eu","14":"tag-europe","15":"tag-fr","16":"tag-france","17":"tag-grenoble","18":"tag-grenoble-bassin","19":"tag-jeux","20":"tag-loto","21":"tag-news","22":"tag-patrimoine-culturel","23":"tag-republique-francaise"},"share_on_mastodon":{"url":"https:\/\/pubeurope.com\/@fr\/115697119718768322","error":""},"_links":{"self":[{"href":"https:\/\/www.europesays.com\/fr\/wp-json\/wp\/v2\/posts\/591342","targetHints":{"allow":["GET"]}}],"collection":[{"href":"https:\/\/www.europesays.com\/fr\/wp-json\/wp\/v2\/posts"}],"about":[{"href":"https:\/\/www.europesays.com\/fr\/wp-json\/wp\/v2\/types\/post"}],"author":[{"embeddable":true,"href":"https:\/\/www.europesays.com\/fr\/wp-json\/wp\/v2\/users\/2"}],"replies":[{"embeddable":true,"href":"https:\/\/www.europesays.com\/fr\/wp-json\/wp\/v2\/comments?post=591342"}],"version-history":[{"count":0,"href":"https:\/\/www.europesays.com\/fr\/wp-json\/wp\/v2\/posts\/591342\/revisions"}],"wp:featuredmedia":[{"embeddable":true,"href":"https:\/\/www.europesays.com\/fr\/wp-json\/wp\/v2\/media\/591343"}],"wp:attachment":[{"href":"https:\/\/www.europesays.com\/fr\/wp-json\/wp\/v2\/media?parent=591342"}],"wp:term":[{"taxonomy":"category","embeddable":true,"href":"https:\/\/www.europesays.com\/fr\/wp-json\/wp\/v2\/categories?post=591342"},{"taxonomy":"post_tag","embeddable":true,"href":"https:\/\/www.europesays.com\/fr\/wp-json\/wp\/v2\/tags?post=591342"}],"curies":[{"name":"wp","href":"https:\/\/api.w.org\/{rel}","templated":true}]}}