{"id":591344,"date":"2025-12-10T20:18:30","date_gmt":"2025-12-10T20:18:30","guid":{"rendered":"https:\/\/www.europesays.com\/fr\/591344\/"},"modified":"2025-12-10T20:18:30","modified_gmt":"2025-12-10T20:18:30","slug":"expulsion-musclee-des-occupants-de-lex-bobine-parc-paul-mistral","status":"publish","type":"post","link":"https:\/\/www.europesays.com\/fr\/591344\/","title":{"rendered":"Expulsion muscl\u00e9e des occupants de l&rsquo;ex-Bobine, parc Paul-Mistral"},"content":{"rendered":"<p>C\u2019est \u00e0 9 h 45, mer\u00adcredi 10 d\u00e9cembre 2025, qu\u2019un impor\u00adtant dis\u00adpo\u00adsi\u00adtif de forces de l\u2019ordre \u2013 CRS et poli\u00adciers natio\u00adnaux et muni\u00adci\u00adpaux \u2013 a p\u00e9n\u00e9\u00adtr\u00e9 dans l\u2019ex-lieu cultu\u00adrel La Bobine pour en d\u00e9lo\u00adger les occu\u00adpants. Au total, une tren\u00adtaine d\u2019occupants ont \u00e9t\u00e9 expul\u00ads\u00e9s, tan\u00addis qu\u2019\u00e0 l\u2019ext\u00e9rieur, une soixan\u00adtaine de sou\u00adtiens et mili\u00adtants ras\u00adsem\u00adbl\u00e9s depuis l\u2019aube dans le cadre d\u2019un \u00ab\u00a0piquet anti-expul\u00adsion\u00a0\u00bb assis\u00adtaient impuis\u00adsants \u00e0 la sc\u00e8ne, un p\u00e9ri\u00adm\u00e8tre de s\u00e9cu\u00adrit\u00e9 ayant \u00e9t\u00e9 tr\u00e8s rapi\u00adde\u00adment \u00e9tabli.<\/p>\n<p>Le lundi 8 d\u00e9cembre, un arr\u00eat\u00e9 muni\u00adci\u00adpal sign\u00e9 par le maire \u00c9ric Piolle avait ordonn\u00e9 le d\u00e9part sous 48 heures des per\u00adsonnes occu\u00adpant l\u2019ex-lieu cultu\u00adrel, assorti <a href=\"https:\/\/www.placegrenet.fr\/2025\/12\/09\/apres-leur-avoir-instamment-demande-de-quitter-les-lieux-la-ville-de-grenoble-va-expulser-les-occupants-de-la-bobine\/666637\" target=\"_blank\" rel=\"noopener\">d\u2019une pro\u00adc\u00e9\u00addure d\u2019\u00e9vacuation<\/a> pou\u00advant inter\u00adve\u00adnir \u00e0 tout moment. Une d\u00e9ci\u00adsion qui fai\u00adsait suite \u00e0 plu\u00adsieurs mois de <a href=\"https:\/\/www.placegrenet.fr\/2025\/09\/24\/la-bobine-occupee-a-grenoble-la-ville-appelle-les-occupants-au-dialogue-des-projets-de-reprise-etant-a-letude\/660586\" target=\"_blank\" rel=\"noopener\">dia\u00adlogues infruc\u00adtueux<\/a> entre la muni\u00adci\u00adpa\u00adlit\u00e9 et les occu\u00adpants, aux\u00adquels dif\u00adf\u00e9\u00adrentes <a href=\"https:\/\/www.placegrenet.fr\/2025\/10\/17\/la-ville-de-grenoble-propose-aux-occupants-de-la-bobine-de-demenager-dans-la-salle-rouge\/662536\" target=\"_blank\" rel=\"noopener\">pro\u00adpo\u00adsi\u00adtions alter\u00adna\u00adtives<\/a> avaient \u00e9t\u00e9 pr\u00e9\u00adsen\u00adt\u00e9es d\u00e8s sep\u00adtembre, sans r\u00e9sultat.<\/p>\n<p><a href=\"https:\/\/www.europesays.com\/fr\/wp-content\/uploads\/2025\/12\/expulsionoccupantsbobinecreditjoelkermabon-11-scaled.jpg\"><img fetchpriority=\"high\" decoding=\"async\" aria-describedby=\"caption-attachment-666756\" class=\"wp-image-666756 size-full\" src=\"data:image\/svg+xml,%3Csvg%20xmlns=\" http:=\"\" alt=\"Le \u00ab piquet anti-expulsion \u00bb autour d'un bras\u00e9ro \u00e0 6 heures du matin devant l'ex-Bobine. \u00a9 Jo\u00ebl Kermabon - Place Gre'net\" width=\"2048\" height=\"1536\" data-lazy- data-lazy- data-lazy-src=\"https:\/\/www.europesays.com\/fr\/wp-content\/uploads\/2025\/12\/expulsionoccupantsbobinecreditjoelkermabon-11-scaled.jpg\"\/><\/a><\/p>\n<p id=\"caption-attachment-666756\" class=\"wp-caption-text\">Le \u00ab\u00a0piquet anti-expul\u00adsion\u00a0\u00bb autour d\u2019un bra\u00ads\u00e9ro \u00e0 6 heures du matin devant l\u2019ex-Bobine. \u00a9 Jo\u00ebl Kermabon \u2013 Place Gre\u2019net<\/p>\n<p>\u00ab\u00a0Nous nous sommes lev\u00e9s t\u00f4t pour faire un piquet anti-expul\u00adsion, c\u2019est-\u00e0-dire se ras\u00adsem\u00adbler en masse devant La Bobine pour pro\u00adtes\u00adter, voire d\u2019emp\u00eacher l\u2019expulsion pr\u00e9\u00advue par la mai\u00adrie\u00a0\u00bb, t\u00e9moigne Thomas, au nombre des soutiens.<\/p>\n<p>Une fois les occu\u00adpants \u00e9va\u00adcu\u00e9s, les poli\u00adciers ont s\u00e9cu\u00adris\u00e9 les acc\u00e8s et emp\u00ea\u00adch\u00e9 tout retour dans les lieux. Stef, du col\u00adlec\u00adtif anti-r\u00e9pres\u00adsion (Car) Is\u00e8re, qui \u00e9tait en pre\u00admi\u00e8re ligne, raconte au micro de Place Gre\u2019net com\u00adment les forces de l\u2019ordre ont men\u00e9 l\u2019op\u00e9ration.<\/p>\n","protected":false},"excerpt":{"rendered":"C\u2019est \u00e0 9 h 45, mer\u00adcredi 10 d\u00e9cembre 2025, qu\u2019un impor\u00adtant dis\u00adpo\u00adsi\u00adtif de forces de l\u2019ordre \u2013 CRS&hellip;\n","protected":false},"author":2,"featured_media":591345,"comment_status":"","ping_status":"","sticky":false,"template":"","format":"standard","meta":{"footnotes":""},"categories":[9566],"tags":[1111,11,2430,1777,674,1011,27,2731,12,25],"class_list":{"0":"post-591344","1":"post","2":"type-post","3":"status-publish","4":"format-standard","5":"has-post-thumbnail","7":"category-grenoble","8":"tag-actu","9":"tag-actualites","10":"tag-auvergne-rhone-alpes","11":"tag-eu","12":"tag-europe","13":"tag-fr","14":"tag-france","15":"tag-grenoble","16":"tag-news","17":"tag-republique-francaise"},"share_on_mastodon":{"url":"https:\/\/pubeurope.com\/@fr\/115697123704554163","error":""},"_links":{"self":[{"href":"https:\/\/www.europesays.com\/fr\/wp-json\/wp\/v2\/posts\/591344","targetHints":{"allow":["GET"]}}],"collection":[{"href":"https:\/\/www.europesays.com\/fr\/wp-json\/wp\/v2\/posts"}],"about":[{"href":"https:\/\/www.europesays.com\/fr\/wp-json\/wp\/v2\/types\/post"}],"author":[{"embeddable":true,"href":"https:\/\/www.europesays.com\/fr\/wp-json\/wp\/v2\/users\/2"}],"replies":[{"embeddable":true,"href":"https:\/\/www.europesays.com\/fr\/wp-json\/wp\/v2\/comments?post=591344"}],"version-history":[{"count":0,"href":"https:\/\/www.europesays.com\/fr\/wp-json\/wp\/v2\/posts\/591344\/revisions"}],"wp:featuredmedia":[{"embeddable":true,"href":"https:\/\/www.europesays.com\/fr\/wp-json\/wp\/v2\/media\/591345"}],"wp:attachment":[{"href":"https:\/\/www.europesays.com\/fr\/wp-json\/wp\/v2\/media?parent=591344"}],"wp:term":[{"taxonomy":"category","embeddable":true,"href":"https:\/\/www.europesays.com\/fr\/wp-json\/wp\/v2\/categories?post=591344"},{"taxonomy":"post_tag","embeddable":true,"href":"https:\/\/www.europesays.com\/fr\/wp-json\/wp\/v2\/tags?post=591344"}],"curies":[{"name":"wp","href":"https:\/\/api.w.org\/{rel}","templated":true}]}}