{"id":591358,"date":"2025-12-10T20:28:22","date_gmt":"2025-12-10T20:28:22","guid":{"rendered":"https:\/\/www.europesays.com\/fr\/591358\/"},"modified":"2025-12-10T20:28:22","modified_gmt":"2025-12-10T20:28:22","slug":"un-marche-de-noel-solidaire-au-profit-dirise-dans-cette-commune-au-sud-de-nantes","status":"publish","type":"post","link":"https:\/\/www.europesays.com\/fr\/591358\/","title":{"rendered":"Un march\u00e9 de No\u00ebl solidaire au profit d\u2019Irise dans cette commune au sud de Nantes"},"content":{"rendered":"<tr wp_automatic_readability=\"2.9262295081967\">\n<td valign=\"middle\" align=\"center\" class=\"col-logo\">\n    <img decoding=\"async\" src=\"https:\/\/www.europesays.com\/fr\/wp-content\/uploads\/2025\/04\/presse-ocean.gif\" alt=\"logo Presse-Oc\u00e9an\" height=\"66\"\/><\/p>\n<\/td>\n<td class=\"col-titre\">\n\t\t\tMercredi 10 d\u00e9cembre 2025 19:46<br \/>\n\t\t\t<a class=\"icon-bulle sizeL count\" href=\"#ancreAvis\"><br \/>\n\t&#8230;<br \/>\n<\/a><\/td>\n<\/tr>\n<p>\t\t<a class=\"mavillebox2 elmt-photo\" href=\"https:\/\/maville.com\/photosmvi\/2025\/12\/10\/P35632324D7103441G.jpg\" title=\" Delphine Cossard, la pr\u00e9sidente de l\u2019association Irise, avec son ch\u00e8que..  \u00a9  Photo PO  \" rel=\"galerie_actu noopener\" target=\"_blank\"><br \/>\n\t<img decoding=\"async\" src=\"https:\/\/www.europesays.com\/fr\/wp-content\/uploads\/2025\/12\/P35632324D7103441G_crop_640-330_.jpg\" alt=\"photo  delphine cossard, la pr\u00e9sidente de l\u2019association irise, avec son ch\u00e8que..  \u00a9  photo po \"\/><br \/>\n\t1<br \/>\n<\/a><\/p>\n<p class=\"elmt-legende\"> Delphine Cossard, la pr\u00e9sidente de l\u2019association Irise, avec son ch\u00e8que..  \u00a9  Photo PO  <\/p>\n<p>\t\tUn ch\u00e8que de 5\u00a0850\u00a0\u20ac a \u00e9t\u00e9 remis \u00e0 l\u2019association cr\u00e9\u00e9e par la maman d\u2019Iris pour permettre \u00e0 des enfants polyhandicap\u00e9s d\u2019acc\u00e9der \u00e0 des stages intensifs de r\u00e9\u00e9ducation \u00e0 l\u2019\u00e9tranger.<\/p>\n<p><b>Cet article est r\u00e9serv\u00e9 aux abonn\u00e9s<\/b><\/p>\n<p>Pour un acc\u00e8s imm\u00e9diat, abonnez-vous<\/p>\n<p><b>1\u00e8re semaine offerte<\/b><\/p>\n<p>\t\tPresse-Oc\u00e9an<\/p>\n<p>Retrouvez d&rsquo;autres actus sur la commune de :<\/p>\n<p>\t\t&#13;<\/p>\n","protected":false},"excerpt":{"rendered":"Mercredi 10 d\u00e9cembre 2025 19:46 &#8230; 1 Delphine Cossard, la pr\u00e9sidente de l\u2019association Irise, avec son ch\u00e8que.. \u00a9&hellip;\n","protected":false},"author":2,"featured_media":591359,"comment_status":"","ping_status":"","sticky":false,"template":"","format":"standard","meta":{"footnotes":""},"categories":[2818],"tags":[1111,11,7052,1777,674,1011,27,70443,2089,766,12,15830,2636,18851,25,3272,12280,7053],"class_list":{"0":"post-591358","1":"post","2":"type-post","3":"status-publish","4":"format-standard","5":"has-post-thumbnail","7":"category-nantes","8":"tag-actu","9":"tag-actualites","10":"tag-commune","11":"tag-eu","12":"tag-europe","13":"tag-fr","14":"tag-france","15":"tag-irise","16":"tag-marche","17":"tag-nantes","18":"tag-news","19":"tag-noel","20":"tag-pays-de-la-loire","21":"tag-profit","22":"tag-republique-francaise","23":"tag-saint-nazaire","24":"tag-solidaire","25":"tag-sud"},"share_on_mastodon":{"url":"https:\/\/pubeurope.com\/@fr\/115697165008915007","error":""},"_links":{"self":[{"href":"https:\/\/www.europesays.com\/fr\/wp-json\/wp\/v2\/posts\/591358","targetHints":{"allow":["GET"]}}],"collection":[{"href":"https:\/\/www.europesays.com\/fr\/wp-json\/wp\/v2\/posts"}],"about":[{"href":"https:\/\/www.europesays.com\/fr\/wp-json\/wp\/v2\/types\/post"}],"author":[{"embeddable":true,"href":"https:\/\/www.europesays.com\/fr\/wp-json\/wp\/v2\/users\/2"}],"replies":[{"embeddable":true,"href":"https:\/\/www.europesays.com\/fr\/wp-json\/wp\/v2\/comments?post=591358"}],"version-history":[{"count":0,"href":"https:\/\/www.europesays.com\/fr\/wp-json\/wp\/v2\/posts\/591358\/revisions"}],"wp:featuredmedia":[{"embeddable":true,"href":"https:\/\/www.europesays.com\/fr\/wp-json\/wp\/v2\/media\/591359"}],"wp:attachment":[{"href":"https:\/\/www.europesays.com\/fr\/wp-json\/wp\/v2\/media?parent=591358"}],"wp:term":[{"taxonomy":"category","embeddable":true,"href":"https:\/\/www.europesays.com\/fr\/wp-json\/wp\/v2\/categories?post=591358"},{"taxonomy":"post_tag","embeddable":true,"href":"https:\/\/www.europesays.com\/fr\/wp-json\/wp\/v2\/tags?post=591358"}],"curies":[{"name":"wp","href":"https:\/\/api.w.org\/{rel}","templated":true}]}}