{"id":591360,"date":"2025-12-10T20:29:16","date_gmt":"2025-12-10T20:29:16","guid":{"rendered":"https:\/\/www.europesays.com\/fr\/591360\/"},"modified":"2025-12-10T20:29:16","modified_gmt":"2025-12-10T20:29:16","slug":"football-avant-dernier-de-ligue-1-le-fc-nantes-se-separe-de-son-entraineur-luis-castro","status":"publish","type":"post","link":"https:\/\/www.europesays.com\/fr\/591360\/","title":{"rendered":"Football. Avant-dernier de Ligue 1, le FC Nantes se s\u00e9pare de son entra\u00eeneur, Luis Castro"},"content":{"rendered":"<p>Le FC Nantes, 17e et rel\u00e9gable en Ligue 1, a d\u00e9cid\u00e9 de se s\u00e9parer de son entra\u00eeneur Luis Castro. Arriv\u00e9 cet \u00e9t\u00e9, le technicien portugais paye <a href=\"https:\/\/www.leprogres.fr\/sport\/2025\/11\/30\/attaque-inoffensive-et-moral-en-berne-pourquoi-luis-castro-se-retrouve-menace-sur-le-banc-nantais\" target=\"_blank\" rel=\"noopener\">les mauvais r\u00e9sultats et les prestations m\u00e9diocres de son \u00e9quipe<\/a>. Il pourrait \u00eatre remplac\u00e9 par Ahmed Kantari, qui \u00e9tait l&rsquo;adjoint du coach pr\u00e9c\u00e9dent, Antoine Kombouar\u00e9.<\/p>\n<p>Dans la matin\u00e9e, Castro avait pourtant assur\u00e9 normalement la conf\u00e9rence de presse avant le d\u00e9placement vendredi \u00e0 Angers, \u00e0 l&rsquo;occasion de la 16e journ\u00e9e de Ligue 1. Castro s&rsquo;\u00e9tait fait conna\u00eetre la saison pass\u00e9e en menant Dunkerque \u00e0 la 4e place en Ligue 2 et en demi-finale de Coupe de France.<\/p>\n<p>Recrutement manqu\u00e9 et cure d&rsquo;aust\u00e9rit\u00e9<\/p>\n<p>R\u00e9put\u00e9 pour sa capacit\u00e9 \u00e0 faire progresser les jeunes et pour le jeu offensif qu&rsquo;il pr\u00f4nait, il avait pour mission de redonner aux Canaris, englu\u00e9s depuis plusieurs saisons dans le bas du classement, un nouveau d\u00e9part en s&rsquo;appuyant notamment sur le centre de formation.<\/p>\n<p>Mais un recrutement rat\u00e9 cet \u00e9t\u00e9, sur fond de cure d&rsquo;aust\u00e9rit\u00e9 s\u00e9v\u00e8re &#8211; le budget est pass\u00e9 de 80 \u00e0 50 millions d&rsquo;euros -, ainsi que les blessures de certains cadres, ont pes\u00e9 sur l&rsquo;\u00e9quipe qui pr\u00e9sente le pire bilan depuis l&rsquo;arriv\u00e9e de la famille Kita \u00e0 la t\u00eate du club, en 2007, avec 2 victoires et 5 nuls seulement apr\u00e8s 15 journ\u00e9es.<\/p>\n","protected":false},"excerpt":{"rendered":"Le FC Nantes, 17e et rel\u00e9gable en Ligue 1, a d\u00e9cid\u00e9 de se s\u00e9parer de son entra\u00eeneur Luis&hellip;\n","protected":false},"author":2,"featured_media":591361,"comment_status":"","ping_status":"","sticky":false,"template":"","format":"standard","meta":{"footnotes":""},"categories":[2818],"tags":[1111,11,1777,674,107,63,1011,27,766,12,2636,25,517,1947],"class_list":{"0":"post-591360","1":"post","2":"type-post","3":"status-publish","4":"format-standard","5":"has-post-thumbnail","7":"category-nantes","8":"tag-actu","9":"tag-actualites","10":"tag-eu","11":"tag-europe","12":"tag-fil-info","13":"tag-football","14":"tag-fr","15":"tag-france","16":"tag-nantes","17":"tag-news","18":"tag-pays-de-la-loire","19":"tag-republique-francaise","20":"tag-sport","21":"tag-sport-national"},"share_on_mastodon":{"url":"https:\/\/pubeurope.com\/@fr\/115697166919280261","error":""},"_links":{"self":[{"href":"https:\/\/www.europesays.com\/fr\/wp-json\/wp\/v2\/posts\/591360","targetHints":{"allow":["GET"]}}],"collection":[{"href":"https:\/\/www.europesays.com\/fr\/wp-json\/wp\/v2\/posts"}],"about":[{"href":"https:\/\/www.europesays.com\/fr\/wp-json\/wp\/v2\/types\/post"}],"author":[{"embeddable":true,"href":"https:\/\/www.europesays.com\/fr\/wp-json\/wp\/v2\/users\/2"}],"replies":[{"embeddable":true,"href":"https:\/\/www.europesays.com\/fr\/wp-json\/wp\/v2\/comments?post=591360"}],"version-history":[{"count":0,"href":"https:\/\/www.europesays.com\/fr\/wp-json\/wp\/v2\/posts\/591360\/revisions"}],"wp:featuredmedia":[{"embeddable":true,"href":"https:\/\/www.europesays.com\/fr\/wp-json\/wp\/v2\/media\/591361"}],"wp:attachment":[{"href":"https:\/\/www.europesays.com\/fr\/wp-json\/wp\/v2\/media?parent=591360"}],"wp:term":[{"taxonomy":"category","embeddable":true,"href":"https:\/\/www.europesays.com\/fr\/wp-json\/wp\/v2\/categories?post=591360"},{"taxonomy":"post_tag","embeddable":true,"href":"https:\/\/www.europesays.com\/fr\/wp-json\/wp\/v2\/tags?post=591360"}],"curies":[{"name":"wp","href":"https:\/\/api.w.org\/{rel}","templated":true}]}}