{"id":591366,"date":"2025-12-10T20:33:17","date_gmt":"2025-12-10T20:33:17","guid":{"rendered":"https:\/\/www.europesays.com\/fr\/591366\/"},"modified":"2025-12-10T20:33:17","modified_gmt":"2025-12-10T20:33:17","slug":"aalson-la-release-party-de-son-nouvel-album-fragments-of-life-haute-garonne-toulouse","status":"publish","type":"post","link":"https:\/\/www.europesays.com\/fr\/591366\/","title":{"rendered":"Aalson : la release party de son nouvel album \u00ab\u00a0Fragments of Life\u00a0\u00bb &#8211; Haute Garonne &#8211; Toulouse"},"content":{"rendered":"<p>Le producteur et DJ fran\u00e7ais de musique \u00e9lectronique sera pr\u00e9sent le jeudi 11 d\u00e9cembre au MAD BAR \u00e0 Toulouse, \u00e0 partir de 20 heures. Cet \u00e9v\u00e9nement sera pour vous l\u2019occasion de d\u00e9couvrir un univers, un parcours riche. Durant cette soir\u00e9e, vous aurez \u00e9galement la possibilit\u00e9 d\u2019\u00e9changer avec l\u2019artiste.<\/p>\n<p>                Cet article est r\u00e9serv\u00e9 aux abonn\u00e9s.<\/p>\n<p class=\"signature\" itemscope=\"\" itemprop=\"Author\" itemtype=\"http:\/\/schema.org\/Person\">\n                L\u00e9na BERAIL\n            <\/p>\n","protected":false},"excerpt":{"rendered":"Le producteur et DJ fran\u00e7ais de musique \u00e9lectronique sera pr\u00e9sent le jeudi 11 d\u00e9cembre au MAD BAR \u00e0&hellip;\n","protected":false},"author":2,"featured_media":395922,"comment_status":"","ping_status":"","sticky":false,"template":"","format":"standard","meta":{"footnotes":""},"categories":[2816],"tags":[1111,11,1777,674,1011,27,23720,12,2680,301,25,2312],"class_list":{"0":"post-591366","1":"post","2":"type-post","3":"status-publish","4":"format-standard","5":"has-post-thumbnail","7":"category-toulouse","8":"tag-actu","9":"tag-actualites","10":"tag-eu","11":"tag-europe","12":"tag-fr","13":"tag-france","14":"tag-internet-seulement","15":"tag-news","16":"tag-occitanie","17":"tag-premium","18":"tag-republique-francaise","19":"tag-toulouse"},"share_on_mastodon":{"url":"https:\/\/pubeurope.com\/@fr\/115697182684097918","error":""},"_links":{"self":[{"href":"https:\/\/www.europesays.com\/fr\/wp-json\/wp\/v2\/posts\/591366","targetHints":{"allow":["GET"]}}],"collection":[{"href":"https:\/\/www.europesays.com\/fr\/wp-json\/wp\/v2\/posts"}],"about":[{"href":"https:\/\/www.europesays.com\/fr\/wp-json\/wp\/v2\/types\/post"}],"author":[{"embeddable":true,"href":"https:\/\/www.europesays.com\/fr\/wp-json\/wp\/v2\/users\/2"}],"replies":[{"embeddable":true,"href":"https:\/\/www.europesays.com\/fr\/wp-json\/wp\/v2\/comments?post=591366"}],"version-history":[{"count":0,"href":"https:\/\/www.europesays.com\/fr\/wp-json\/wp\/v2\/posts\/591366\/revisions"}],"wp:featuredmedia":[{"embeddable":true,"href":"https:\/\/www.europesays.com\/fr\/wp-json\/wp\/v2\/media\/395922"}],"wp:attachment":[{"href":"https:\/\/www.europesays.com\/fr\/wp-json\/wp\/v2\/media?parent=591366"}],"wp:term":[{"taxonomy":"category","embeddable":true,"href":"https:\/\/www.europesays.com\/fr\/wp-json\/wp\/v2\/categories?post=591366"},{"taxonomy":"post_tag","embeddable":true,"href":"https:\/\/www.europesays.com\/fr\/wp-json\/wp\/v2\/tags?post=591366"}],"curies":[{"name":"wp","href":"https:\/\/api.w.org\/{rel}","templated":true}]}}