{"id":591377,"date":"2025-12-10T20:42:14","date_gmt":"2025-12-10T20:42:14","guid":{"rendered":"https:\/\/www.europesays.com\/fr\/591377\/"},"modified":"2025-12-10T20:42:14","modified_gmt":"2025-12-10T20:42:14","slug":"baron-a-21-ans-ce-jeune-charolais-termine-second-du-championnat-de-france-de-pate-en-croute-des-ecoles-a-lyon","status":"publish","type":"post","link":"https:\/\/www.europesays.com\/fr\/591377\/","title":{"rendered":"Baron. \u00c0 21 ans, ce jeune Charolais termine second du championnat de France de p\u00e2t\u00e9 en cro\u00fbte des \u00e9coles \u00e0 Lyon"},"content":{"rendered":"<p>Le jeune Th\u00e9o Charrier, 21 ans, est habitu\u00e9 aux r\u00e9compenses. Originaire de Charolles, il cartonne dans le p\u00e2t\u00e9 en croute. D\u00e9but d\u00e9cembre, il a obtenu la 2e place au championnat de France des \u00e9coles \u00e0 Lyon.<\/p>\n<p><strong>En marge du 16e championnat du monde de p\u00e2t\u00e9 en cro\u00fbte qui se d\u00e9roulait d\u00e9but d\u00e9cembre \u00e0 La Sucri\u00e8re \u00e0 Lyon, vous concouriez avec une douzaine d\u2019autres jeunes apprentis finalistes venus de toute la France, au championnat de France de la&#8230;<\/strong><\/p>\n","protected":false},"excerpt":{"rendered":"Le jeune Th\u00e9o Charrier, 21 ans, est habitu\u00e9 aux r\u00e9compenses. Originaire de Charolles, il cartonne dans le p\u00e2t\u00e9&hellip;\n","protected":false},"author":2,"featured_media":591378,"comment_status":"","ping_status":"","sticky":false,"template":"","format":"standard","meta":{"footnotes":""},"categories":[1889],"tags":[1111,11,2430,70444,6002,1687,3895,1777,674,107,1011,27,1757,2428,12,25,6003],"class_list":{"0":"post-591377","1":"post","2":"type-post","3":"status-publish","4":"format-standard","5":"has-post-thumbnail","7":"category-lyon","8":"tag-actu","9":"tag-actualites","10":"tag-auvergne-rhone-alpes","11":"tag-baron","12":"tag-charolles-bassin","13":"tag-culture-loisirs","14":"tag-edition-charolais-brionnais","15":"tag-eu","16":"tag-europe","17":"tag-fil-info","18":"tag-fr","19":"tag-france","20":"tag-insolite","21":"tag-lyon","22":"tag-news","23":"tag-republique-francaise","24":"tag-saone-et-loire"},"share_on_mastodon":{"url":"https:\/\/pubeurope.com\/@fr\/115697218019658970","error":""},"_links":{"self":[{"href":"https:\/\/www.europesays.com\/fr\/wp-json\/wp\/v2\/posts\/591377","targetHints":{"allow":["GET"]}}],"collection":[{"href":"https:\/\/www.europesays.com\/fr\/wp-json\/wp\/v2\/posts"}],"about":[{"href":"https:\/\/www.europesays.com\/fr\/wp-json\/wp\/v2\/types\/post"}],"author":[{"embeddable":true,"href":"https:\/\/www.europesays.com\/fr\/wp-json\/wp\/v2\/users\/2"}],"replies":[{"embeddable":true,"href":"https:\/\/www.europesays.com\/fr\/wp-json\/wp\/v2\/comments?post=591377"}],"version-history":[{"count":0,"href":"https:\/\/www.europesays.com\/fr\/wp-json\/wp\/v2\/posts\/591377\/revisions"}],"wp:featuredmedia":[{"embeddable":true,"href":"https:\/\/www.europesays.com\/fr\/wp-json\/wp\/v2\/media\/591378"}],"wp:attachment":[{"href":"https:\/\/www.europesays.com\/fr\/wp-json\/wp\/v2\/media?parent=591377"}],"wp:term":[{"taxonomy":"category","embeddable":true,"href":"https:\/\/www.europesays.com\/fr\/wp-json\/wp\/v2\/categories?post=591377"},{"taxonomy":"post_tag","embeddable":true,"href":"https:\/\/www.europesays.com\/fr\/wp-json\/wp\/v2\/tags?post=591377"}],"curies":[{"name":"wp","href":"https:\/\/api.w.org\/{rel}","templated":true}]}}