{"id":59139,"date":"2025-04-28T11:44:10","date_gmt":"2025-04-28T11:44:10","guid":{"rendered":"https:\/\/www.europesays.com\/fr\/59139\/"},"modified":"2025-04-28T11:44:10","modified_gmt":"2025-04-28T11:44:10","slug":"les-trams-et-les-bus-perturbes-ce-mardi-a-cause-dune-manifestation","status":"publish","type":"post","link":"https:\/\/www.europesays.com\/fr\/59139\/","title":{"rendered":"les trams et les bus perturb\u00e9s ce mardi \u00e0 cause d&rsquo;une manifestation"},"content":{"rendered":"<p>            Par<br \/>\n        <strong><br \/>\n            <a href=\"https:\/\/actu.fr\/auteur\/ivan-capecchi\" title=\"Consulter tous les articles de Ivan CAPECCHI\" rel=\"nofollow noopener\" target=\"_blank\">Ivan CAPECCHI<\/a><br \/>\n        <\/strong><\/p>\n<p>        Publi\u00e9 le<\/p>\n<p>            28 avr. 2025 \u00e0 13h31        <\/p>\n<p>En raison d\u2019une <strong>manifestation<\/strong>, la <strong>circulation de certaines lignes de tram et de bus<\/strong> risque d\u2019\u00eatre <strong>perturb\u00e9e le mardi 29 avril 2025<\/strong>, de 14h00 \u00e0 16h00 environ*, \u00e0 Strasbourg (Bas-Rhin).<\/p>\n<p>Les trams et bus perturb\u00e9s ce mardi 29 avril 2025<\/p>\n<p class=\" wall-content\">Les stations tram et les arr\u00eats de bus suivants risquent de ne pas \u00eatre desservis lors du passage du cort\u00e8ge :<\/p>\n<p class=\" wall-content\"><strong>Tram :<\/strong><\/p>\n<ul class=\" wall-content\">\n<li>Lignes A-D : entre les stations Langstross Grand\u2019Rue et \u00c9toile Bourse.<\/li>\n<\/ul>\n<p class=\" wall-content\"><strong>Bus :<\/strong><\/p>\n<ul class=\" wall-content\">\n<li>Ligne C8 : entre les arr\u00eats \u00c9toile Bourse et Porte de l\u2019H\u00f4pital.<\/li>\n<li>Ligne 10 : entre les arr\u00eats Gallia et H\u00f4tel du D\u00e9partement.<\/li>\n<\/ul>\n<p>      <img   decoding=\"async\" loading=\"lazy\" src=\"https:\/\/www.europesays.com\/fr\/wp-content\/uploads\/2025\/04\/parcours-manifestation-medecins-strasbourg-960x640.png\" alt=\"Le parcours de la manifestation pr\u00e9vue ce mardi 29 avril 2025.\" width=\"960\" height=\"640\"\/><br \/>\n    Le parcours de la manifestation pr\u00e9vue ce mardi 29 avril 2025. (\u00a9DR)Vid\u00e9os : en ce moment sur ActuUne manifestation contre une proposition de loi<\/p>\n<p class=\" wall-content\">\u00ab\u00a0Cette mobilisation s\u2019oppose \u00e0 une proposition de loi en cours d\u2019examen, qui pr\u00e9voit <a href=\"https:\/\/actu.fr\/normandie\/alencon_61001\/reguler-linstallation-des-medecins-contre-les-deserts-medicaux-la-proposition-de-loi-votee-par-les-deputes_62466083.html\" rel=\"nofollow noopener\" target=\"_blank\">d\u2019imposer une r\u00e9gulation \u00e0 l\u2019installation des m\u00e9decins<\/a>\u00ab\u00a0, explique Aur\u00e9lie Pasquet, de l\u2019Association amicale des \u00e9tudiants en m\u00e9decine de Strasbourg (AAEMS). \u00ab\u00a0<strong>Nous d\u00e9non\u00e7ons une mesure injuste et d\u00e9connect\u00e9e des r\u00e9alit\u00e9s du terrain<\/strong>, qui risque d\u2019aggraver encore davantage la crise de l\u2019acc\u00e8s aux soins\u00a0\u00bb, poursuit-elle.<\/p>\n<blockquote class=\"ac-article-quote wall-content\">\n<p>Le vrai probl\u00e8me des d\u00e9serts m\u00e9dicaux, c\u2019est le manque global de m\u00e9decins, pas leur r\u00e9partition. Forcer leur installation ne ferait que d\u00e9placer la p\u00e9nurie sans la r\u00e9soudre, d\u2019autant qu\u2019aucune r\u00e9gion en France ne dispose aujourd\u2019hui d\u2019un exc\u00e8s de m\u00e9decins.<\/p>\n<p>    <strong>Aur\u00e9lie Pasquet <\/strong><br \/>\n        Association amicale des \u00e9tudiants en m\u00e9decine de Strasbourg (AAEMS)    <\/p><\/blockquote>\n<p class=\" wall-content\">*\u00a0\u00bbLes perturbations, les lignes concern\u00e9es et les horaires sont donn\u00e9s \u00e0 titre indicatif et susceptibles d\u2019\u00eatre modifi\u00e9s en fonction du d\u00e9roulement des <a href=\"https:\/\/actu.fr\/tag\/manifestations\" rel=\"nofollow noopener\" target=\"_blank\">manifestations<\/a>\u00ab\u00a0, informe la <a href=\"https:\/\/actu.fr\/tag\/compagnie-des-transports-strasbourgeois-cts\" rel=\"nofollow noopener\" target=\"_blank\">CTS<\/a> sur son site.<\/p>\n<p class=\" wall-content\">Suivez toute l\u2019actualit\u00e9 de vos villes et m\u00e9dias favoris en vous inscrivant \u00e0 <a href=\"https:\/\/moncompte.actu.fr\" title=\"D\u00e9couvez Mon Actu\" rel=\"nofollow noopener\" data-trk=\"{&quot;cta&quot;:{&quot;action&quot;:&quot;https:\\\/\\\/moncompte.actu.fr&quot;,&quot;category&quot;:&quot;mon compte&quot;,&quot;from&quot;:&quot;article footer&quot;,&quot;name&quot;:&quot;Mon actu&quot;,&quot;type&quot;:&quot;cta&quot;}}\" target=\"_blank\">Mon Actu<\/a>.<\/p>\n<ul class=\"ac-article-tag wall-content\">\n<li><a href=\"https:\/\/actu.fr\/tag\/compagnie-des-transports-strasbourgeois-cts\" data-trk=\"{&quot;cta&quot;:{&quot;action&quot;:&quot;Compagnie des transports strasbourgeois (CTS)&quot;,&quot;category&quot;:&quot;tag&quot;,&quot;from&quot;:&quot;article footer&quot;,&quot;name&quot;:&quot;Compagnie des transports strasbourgeois (CTS)&quot;,&quot;type&quot;:&quot;cta&quot;}}\" rel=\"nofollow noopener\" target=\"_blank\">#Compagnie des transports strasbourgeois (CTS)<\/a><\/li>\n<li><a href=\"https:\/\/actu.fr\/tag\/manifestations\" data-trk=\"{&quot;cta&quot;:{&quot;action&quot;:&quot;Manifestations&quot;,&quot;category&quot;:&quot;tag&quot;,&quot;from&quot;:&quot;article footer&quot;,&quot;name&quot;:&quot;Manifestations&quot;,&quot;type&quot;:&quot;cta&quot;}}\" rel=\"nofollow noopener\" target=\"_blank\">#Manifestations<\/a><\/li>\n<\/ul>\n","protected":false},"excerpt":{"rendered":"Par Ivan CAPECCHI Publi\u00e9 le 28 avr. 2025 \u00e0 13h31 En raison d\u2019une manifestation, la circulation de certaines&hellip;\n","protected":false},"author":2,"featured_media":59140,"comment_status":"","ping_status":"","sticky":false,"template":"","format":"standard","meta":{"footnotes":""},"categories":[2820],"tags":[1111,11,7344,1777,674,1011,27,775,1272,12,25,104,640],"class_list":{"0":"post-59139","1":"post","2":"type-post","3":"status-publish","4":"format-standard","5":"has-post-thumbnail","7":"category-strasbourg","8":"tag-actu","9":"tag-actualites","10":"tag-compagnie-des-transports-strasbourgeois-cts","11":"tag-eu","12":"tag-europe","13":"tag-fr","14":"tag-france","15":"tag-grand-est","16":"tag-manifestations","17":"tag-news","18":"tag-republique-francaise","19":"tag-societe","20":"tag-strasbourg"},"share_on_mastodon":{"url":"https:\/\/pubeurope.com\/@fr\/114415420263262305","error":""},"_links":{"self":[{"href":"https:\/\/www.europesays.com\/fr\/wp-json\/wp\/v2\/posts\/59139","targetHints":{"allow":["GET"]}}],"collection":[{"href":"https:\/\/www.europesays.com\/fr\/wp-json\/wp\/v2\/posts"}],"about":[{"href":"https:\/\/www.europesays.com\/fr\/wp-json\/wp\/v2\/types\/post"}],"author":[{"embeddable":true,"href":"https:\/\/www.europesays.com\/fr\/wp-json\/wp\/v2\/users\/2"}],"replies":[{"embeddable":true,"href":"https:\/\/www.europesays.com\/fr\/wp-json\/wp\/v2\/comments?post=59139"}],"version-history":[{"count":0,"href":"https:\/\/www.europesays.com\/fr\/wp-json\/wp\/v2\/posts\/59139\/revisions"}],"wp:featuredmedia":[{"embeddable":true,"href":"https:\/\/www.europesays.com\/fr\/wp-json\/wp\/v2\/media\/59140"}],"wp:attachment":[{"href":"https:\/\/www.europesays.com\/fr\/wp-json\/wp\/v2\/media?parent=59139"}],"wp:term":[{"taxonomy":"category","embeddable":true,"href":"https:\/\/www.europesays.com\/fr\/wp-json\/wp\/v2\/categories?post=59139"},{"taxonomy":"post_tag","embeddable":true,"href":"https:\/\/www.europesays.com\/fr\/wp-json\/wp\/v2\/tags?post=59139"}],"curies":[{"name":"wp","href":"https:\/\/api.w.org\/{rel}","templated":true}]}}