{"id":591390,"date":"2025-12-10T20:50:16","date_gmt":"2025-12-10T20:50:16","guid":{"rendered":"https:\/\/www.europesays.com\/fr\/591390\/"},"modified":"2025-12-10T20:50:16","modified_gmt":"2025-12-10T20:50:16","slug":"pour-donald-trump-la-russie-est-bien-plus-grande-et-plus-forte-que-lukraine","status":"publish","type":"post","link":"https:\/\/www.europesays.com\/fr\/591390\/","title":{"rendered":"Pour Donald Trump, \u00ab\u00a0la Russie est bien plus grande et plus forte que l&rsquo;Ukraine\u00a0\u00bb"},"content":{"rendered":"<p><a href=\"https:\/\/www.lalibre.be\/international\/europe\/guerre-ukraine-russie\/2025\/12\/05\/guerre-en-ukraine-trump-assure-que-poutine-veut-mettre-fin-a-la-guerre-avec-kiev-6H5HRSEUOZENDJZ7HZ7VNUVBMQ\/\" target=\"_self\" class=\"ap-StoryInterstitialLink ap-StoryElement ap-StoryElement--mb js-paywall-target\" rel=\"noopener\">Guerre en Ukraine: Trump assure que Poutine \u00ab\u00a0veut mettre fin \u00e0 la guerre\u00a0\u00bb avec Kiev<\/a>Bromance entre Washington et Moscou<\/p>\n<p class=\"ap-StoryElement ap-StoryElement--mb ap-StoryText\">Toujours selon Sergue\u00ef Lavrov, seul Donald Trump comprendrait r\u00e9ellement la nature des enjeux qui opposent Russes et Occidentaux. Mercredi, le porte-parole du Kremlin, Dmitri Peskov s&rsquo;est d&rsquo;ailleurs r\u00e9joui \u00e0 son tour de la nouvelle orientation strat\u00e9gique am\u00e9ricaine annonc\u00e9e fin de la semaine derni\u00e8re et jug\u00e9e \u00ab\u00a0conforme\u00a0\u00bb \u00e0 la vision de Moscou. \u00ab\u00a0\u00c0 bien des \u00e9gards, concernant une adh\u00e9sion \u00e0 l&rsquo;Otan, les territoires, concernant le fait que l&rsquo;Ukraine perd du terrain, c&rsquo;est conforme \u00e0 notre compr\u00e9hension. \u00c0 bien des \u00e9gards, le pr\u00e9sident Trump a abord\u00e9 les causes profondes du conflit\u00a0\u00bb a-t-il r\u00e9affirm\u00e9.<\/p>\n<p class=\"ap-StoryElement ap-StoryElement--mb ap-StoryText\">Dans une interview publi\u00e9e mardi dans le m\u00e9dia am\u00e9ricain Politico, le pr\u00e9sident am\u00e9ricain avait estim\u00e9 que la Russie \u00e9tait \u00ab\u00a0bien plus grande\u00a0\u00bb et \u00ab\u00a0plus forte\u00a0\u00bb que l&rsquo;Ukraine, et que \u00ab\u00a0de fa\u00e7on g\u00e9n\u00e9rale, c&rsquo;est la taille qui l&#8217;emporte\u00a0\u00bb. Il s&rsquo;en est ensuite violemment pris \u00e0 l&rsquo;Europe, jug\u00e9e \u00ab\u00a0faible\u00a0\u00bb et peu digne d&rsquo;int\u00e9r\u00eat.<\/p>\n<p class=\"ap-StoryElement ap-StoryElement--mb ap-StoryText\">\u00c0 peu pr\u00e8s au m\u00eame moment, des proches de Donald Trump affirmaient pour leur part au Wall Street Journal que l&rsquo;objectif du pr\u00e9sident restait d&rsquo;obtenir un deal \u00ab\u00a0acceptable pour les deux parties\u00a0\u00bb, Kiev et Moscou donc, assurant que les \u00c9tats-Unis n&rsquo;avaient \u00ab\u00a0aucune intention d&rsquo;abandonner Kiev\u00a0\u00bb.<\/p>\n<p><a href=\"https:\/\/www.lalibre.be\/international\/europe\/guerre-ukraine-russie\/2025\/12\/10\/laide-militaire-a-lukraine-est-en-chute-libre-cela-prend-des-annees-a-mettre-en-place-J4SIWJBXERD4FGRJK7GW27PFEI\/\" target=\"_self\" class=\"ap-StoryInterstitialLink ap-StoryElement ap-StoryElement--mb\" rel=\"noopener\">L&rsquo;aide militaire \u00e0 l&rsquo;Ukraine est en chute libre: \u00ab\u00a0Cela prend des ann\u00e9es \u00e0 mettre en place\u00a0\u00bb<\/a><\/p>\n<p class=\"ap-StoryElement ap-StoryElement--mb ap-StoryText\">Si cette information vient \u00e0 se confirmer, cela constituerait une excellente nouvelle pour le pr\u00e9sident ukrainien Volodymyr Zelensky, qui a indiqu\u00e9 mardi soir \u00eatre pr\u00eat \u00e0 venir pr\u00e9senter \u00e0 la Maison-Blanche \u00ab\u00a0sa\u00a0\u00bb version du plan de paix en 28 points propos\u00e9 par les \u00c9tats-Unis.<\/p>\n<p class=\"ap-StoryElement ap-StoryElement--mb ap-StoryText\">\u00ab\u00a0Je suis toujours pr\u00eat pour l&rsquo;\u00e9lection\u00a0\u00bb, a-t-il \u00e9galement ajout\u00e9 par la suite pour r\u00e9pondre au pr\u00e9sident am\u00e9ricain, qui ne cesse d&rsquo;exiger l&rsquo;organisation d&rsquo;un scrutin pr\u00e9sidentiel en Ukraine \u2013 \u00e0 nouveau une demande r\u00e9currente de Moscou -, tout en conditionnant l&rsquo;organisation de ces \u00e9lections \u00e0 l&rsquo;octroi de garanties de s\u00e9curit\u00e9 pour le pays. Vital pour Kiev, ce sujet des garanties s\u00e9curitaires sera d&rsquo;ailleurs au c\u0153ur d&rsquo;une nouvelle r\u00e9union de la \u00ab\u00a0coalition des volontaires\u00a0\u00bb ce jeudi.<\/p>\n","protected":false},"excerpt":{"rendered":"Guerre en Ukraine: Trump assure que Poutine \u00ab\u00a0veut mettre fin \u00e0 la guerre\u00a0\u00bb avec KievBromance entre Washington et&hellip;\n","protected":false},"author":2,"featured_media":591391,"comment_status":"","ping_status":"","sticky":false,"template":"","format":"standard","meta":{"footnotes":""},"categories":[1591],"tags":[11,2122,75,1887,12,1885,1886,132],"class_list":{"0":"post-591390","1":"post","2":"type-post","3":"status-publish","4":"format-standard","5":"has-post-thumbnail","7":"category-russie","8":"tag-actualites","9":"tag-conflit-russie-ukraine","10":"tag-donald-trump","11":"tag-federation-de-russie","12":"tag-news","13":"tag-russia","14":"tag-russian-federation","15":"tag-russie"},"share_on_mastodon":{"url":"https:\/\/pubeurope.com\/@fr\/115697249444189964","error":""},"_links":{"self":[{"href":"https:\/\/www.europesays.com\/fr\/wp-json\/wp\/v2\/posts\/591390","targetHints":{"allow":["GET"]}}],"collection":[{"href":"https:\/\/www.europesays.com\/fr\/wp-json\/wp\/v2\/posts"}],"about":[{"href":"https:\/\/www.europesays.com\/fr\/wp-json\/wp\/v2\/types\/post"}],"author":[{"embeddable":true,"href":"https:\/\/www.europesays.com\/fr\/wp-json\/wp\/v2\/users\/2"}],"replies":[{"embeddable":true,"href":"https:\/\/www.europesays.com\/fr\/wp-json\/wp\/v2\/comments?post=591390"}],"version-history":[{"count":0,"href":"https:\/\/www.europesays.com\/fr\/wp-json\/wp\/v2\/posts\/591390\/revisions"}],"wp:featuredmedia":[{"embeddable":true,"href":"https:\/\/www.europesays.com\/fr\/wp-json\/wp\/v2\/media\/591391"}],"wp:attachment":[{"href":"https:\/\/www.europesays.com\/fr\/wp-json\/wp\/v2\/media?parent=591390"}],"wp:term":[{"taxonomy":"category","embeddable":true,"href":"https:\/\/www.europesays.com\/fr\/wp-json\/wp\/v2\/categories?post=591390"},{"taxonomy":"post_tag","embeddable":true,"href":"https:\/\/www.europesays.com\/fr\/wp-json\/wp\/v2\/tags?post=591390"}],"curies":[{"name":"wp","href":"https:\/\/api.w.org\/{rel}","templated":true}]}}